{"id":10459,"date":"2026-06-05T10:19:27","date_gmt":"2026-06-05T10:19:27","guid":{"rendered":"https:\/\/galicia.ingenierosnavales.com\/?p=10459"},"modified":"2026-06-05T10:19:27","modified_gmt":"2026-06-05T10:19:27","slug":"celebracion-de-la-festividad-de-la-virgen-del-carmen-en-galicia-2","status":"publish","type":"post","link":"https:\/\/galicia.ingenierosnavales.com\/index.php\/2026\/06\/05\/celebracion-de-la-festividad-de-la-virgen-del-carmen-en-galicia-2\/","title":{"rendered":"Celebraci\u00f3n de la Festividad de la Virgen del Carmen en Galicia"},"content":{"rendered":"<p><img fetchpriority=\"high\" decoding=\"async\" class=\"aligncenter wp-image-10461 \" src=\"https:\/\/galicia.ingenierosnavales.com\/wp-content\/uploads\/2026\/06\/Celebracion-de-la-Festividad-de-la-Virgen-del-Carmen.1-1024x726.png\" alt=\"\" width=\"449\" height=\"319\" srcset=\"https:\/\/galicia.ingenierosnavales.com\/wp-content\/uploads\/2026\/06\/Celebracion-de-la-Festividad-de-la-Virgen-del-Carmen.1-1024x726.png 1024w, https:\/\/galicia.ingenierosnavales.com\/wp-content\/uploads\/2026\/06\/Celebracion-de-la-Festividad-de-la-Virgen-del-Carmen.1-300x213.png 300w, https:\/\/galicia.ingenierosnavales.com\/wp-content\/uploads\/2026\/06\/Celebracion-de-la-Festividad-de-la-Virgen-del-Carmen.1-768x545.png 768w, https:\/\/galicia.ingenierosnavales.com\/wp-content\/uploads\/2026\/06\/Celebracion-de-la-Festividad-de-la-Virgen-del-Carmen.1.png 1128w\" sizes=\"(max-width: 449px) 100vw, 449px\" \/><\/p>\n<p style=\"text-align: right;\"><span data-ccp-props=\"{&quot;201341983&quot;:0,&quot;335551550&quot;:3,&quot;335551620&quot;:3,&quot;335559739&quot;:0,&quot;335559740&quot;:240}\"><a href=\"https:\/\/galicia.ingenierosnavales.com\/wp-content\/uploads\/2026\/06\/CIRCULAR-5-26.pdf\">CIRCULAR 5-26<\/a>\u00a0<\/span><\/p>\n<p style=\"text-align: right;\"><span data-contrast=\"none\">Ferrol, a 5 de junio de 2026<\/span><span data-ccp-props=\"{&quot;201341983&quot;:0,&quot;335551550&quot;:3,&quot;335551620&quot;:3,&quot;335559739&quot;:0,&quot;335559740&quot;:240}\">\u00a0<\/span><\/p>\n<p><span data-contrast=\"none\">\u00a0<\/span><span data-contrast=\"none\">Querido\/a Compa\u00f1ero\/a:\u202f<\/span><span data-ccp-props=\"{&quot;201341983&quot;:0,&quot;335551550&quot;:6,&quot;335551620&quot;:6,&quot;335559739&quot;:0,&quot;335559740&quot;:240}\">\u00a0<\/span><\/p>\n<p><span data-contrast=\"none\">\u00a0<\/span><span data-contrast=\"none\">Con motivo de la Festividad de la Virgen del Carmen el pr\u00f3ximo 16 de julio, la Decana y la Junta de Gobierno de la Delegaci\u00f3n Territorial en Galicia del COIN tiene el gusto de invitarte a los actos que tendr\u00e1n lugar en la Zona Sur y en la Zona Norte los pr\u00f3ximos\u00a0viernes 3 y jueves 9 de julio, respectivamente.\u202f<\/span><span data-ccp-props=\"{&quot;201341983&quot;:0,&quot;335551550&quot;:6,&quot;335551620&quot;:6,&quot;335559739&quot;:0,&quot;335559740&quot;:240}\">\u00a0<\/span><\/p>\n<p><span data-contrast=\"none\">\u00a0<\/span><span data-contrast=\"none\">Programa de la\u00a0<strong>Zona Sur: 3 de julio en el Real Club N\u00e1utico de Vigo a las 20:30 h.<\/strong><\/span><strong>\u00a0<\/strong><span data-contrast=\"none\">\u00a0<\/span><\/p>\n<ul>\n<li><span data-contrast=\"none\"> Bienvenida de la Decana Territorial en Galicia D\u00aa. Beatriz Spuch S\u00e1nchez en el RCN de Vigo.<\/span><\/li>\n<li><span data-contrast=\"none\"> Entrega de insignias a los\/as nuevos\/as Colegiados\/as\/ Promoci\u00f3n 25 \/ Promoci\u00f3n 50.<\/span><\/li>\n<li><span data-contrast=\"none\"> C\u00f3ctel en el RCN de Vigo.<\/span><\/li>\n<\/ul>\n<p><span data-contrast=\"none\">\u00a0<\/span><span data-contrast=\"none\">Programa de\u00a0la\u00a0<strong>Zona Norte: 9 de julio en \u201cEl Mont\u00f3n\u201d de Ferrol a las 20:00h.<\/strong><\/span><strong>\u00a0<\/strong><span data-contrast=\"none\">\u00a0<\/span><\/p>\n<ul>\n<li><span data-contrast=\"none\"> Bienvenida de la Decana Territorial en Galicia D\u00aa. Beatriz Spuch S\u00e1nchez en el CDSCA \u201cEl Mont\u00f3n\u201d de Ferrol.<\/span><\/li>\n<li><span data-contrast=\"none\"> Entrega de insignias a los\/as nuevos\/as Colegiados\/as \/ Asociados Adheridos\/ Promoci\u00f3n 25 \/ Promoci\u00f3n 50.<\/span><\/li>\n<li><span data-contrast=\"none\"> C\u00f3ctel en el CDSCA \u201cEl Mont\u00f3n\u201d de Ferrol.<\/span><\/li>\n<\/ul>\n<p><span data-contrast=\"none\">\u00a0<\/span><span data-contrast=\"none\">Os recordamos que cada colegiado podr\u00e1 ir con un acompa\u00f1ante y, al igual que en a\u00f1os anteriores, se podr\u00e1 invitar a aquellas personas que os apetezca que compartan con nosotros la celebraci\u00f3n del d\u00eda de nuestra patrona.<\/span><span data-ccp-props=\"{&quot;201341983&quot;:0,&quot;335551550&quot;:6,&quot;335551620&quot;:6,&quot;335559739&quot;:0,&quot;335559740&quot;:240}\">\u00a0<\/span><\/p>\n<p><span data-contrast=\"none\">\u00a0<\/span><span data-contrast=\"none\">El precio del cubierto para los\/as\u00a0<strong>Colegiados\/as\u00a0ser\u00e1 de\u00a010\u20ac\/pers.\u00a0Los acompa\u00f1antes e invitados tendr\u00e1n que abonar\u00a0<\/strong><\/span><strong>40\u20ac.\u00a0<\/strong><\/p>\n<p><span data-contrast=\"none\">Al igual que en a\u00f1os anteriores, os informamos que, tanto en Ferrol como en Vigo, dispondr\u00e9is de\u00a0<strong>men\u00fa infantil\u00a0a 20 \u20ac\u00a0<\/strong>si quer\u00e9is llevar a vuestros\/as hijos\/as.<\/span><span data-ccp-props=\"{&quot;335551550&quot;:6,&quot;335551620&quot;:6}\">\u00a0<\/span><\/p>\n<p><span data-contrast=\"none\">Se ruega confirmaci\u00f3n de asistencia antes del<strong>\u00a026 de junio de 2026<\/strong> a trav\u00e9s de los siguientes formularios:<\/span><span data-ccp-props=\"{&quot;335551550&quot;:6,&quot;335551620&quot;:6}\">\u00a0<\/span><\/p>\n<p style=\"text-align: center;\"><a href=\"https:\/\/docs.google.com\/forms\/d\/e\/1FAIpQLSf3qlObV6pHEx__7PTnKR8dm11oz9jQAerxXqqiYh_EcPHISg\/viewform\"><span data-ccp-charstyle=\"Hyperlink\"><strong>FORMULARIO DE INSCRIPCI\u00d3N FERROL<\/strong><\/span><\/a><span data-ccp-props=\"{&quot;335551550&quot;:2,&quot;335551620&quot;:2}\">\u00a0<\/span><\/p>\n<p style=\"text-align: center;\"><a href=\"https:\/\/docs.google.com\/forms\/d\/e\/1FAIpQLSf4ssjSaOFur_xTVW8ACg0lcUqvWC2NnaUnCumDcsLF-uSFyQ\/viewform\"><span data-ccp-charstyle=\"Hyperlink\"><strong>FORMULARIO DE INSCRIPCION VIGO<\/strong><\/span><\/a><span data-ccp-props=\"{&quot;335551550&quot;:2,&quot;335551620&quot;:2}\">\u00a0<\/span><\/p>\n<p><span data-contrast=\"none\"><strong>\u00a0<\/strong><\/span><strong>Por razones de organizaci\u00f3n es imprescindible inscribirse e ingresar en la cuenta de la Delegaci\u00f3n Territorial del BANCO SABADEL: ES58 0081 5243 4900 0178 3282 el importe correspondiente antes del pr\u00f3ximo 26 de junio. Recordad poner vuestro nombre al hacer el ingreso o transferencia.<\/strong><span data-ccp-props=\"{&quot;335551550&quot;:6,&quot;335551620&quot;:6}\"><strong>\u00a0<\/strong><\/span><\/p>\n<p style=\"text-align: center;\"><span data-contrast=\"none\">\u00a0<\/span><span data-contrast=\"none\">Os esperamos a todos\/as!!<\/span><\/p>\n<p style=\"text-align: center;\">\u00a0 \u00a0 \u00a0 <span data-contrast=\"none\">Decana y Junta de Gobierno Territorial<\/span><span data-ccp-props=\"{&quot;201341983&quot;:0,&quot;335559739&quot;:0,&quot;335559740&quot;:240}\">\u00a0<\/span><\/p>\n","protected":false},"excerpt":{"rendered":"<p>CIRCULAR 5-26\u00a0 Ferrol, a 5 de junio de 2026\u00a0 \u00a0Querido\/a Compa\u00f1ero\/a:\u202f\u00a0 \u00a0Con motivo de la Festividad de la Virgen del Carmen el pr\u00f3ximo 16 de julio, la Decana y la Junta de Gobierno de&#46;&#46;&#46;<\/p>\n","protected":false},"author":2,"featured_media":10461,"comment_status":"open","ping_status":"closed","sticky":false,"template":"","format":"standard","meta":{"om_disable_all_campaigns":false,"_monsterinsights_skip_tracking":false,"footnotes":""},"categories":[79,1],"tags":[75,9,39,49],"class_list":["post-10459","post","type-post","status-publish","format-standard","has-post-thumbnail","hentry","category-agenda","category-eventos","tag-actividades-galicia-es","tag-circular-galicia","tag-comunicaciones-dt-galicia","tag-ingenieros-navales-galicia"],"aioseo_notices":[],"aioseo_head":"\n\t\t<!-- All in One SEO 5.0.1.1 - aioseo.com -->\n\t<meta name=\"description\" content=\"CIRCULAR 5-26 Ferrol, a 5 de junio de 2026 Querido\/a Compa\u00f1ero\/a: Con motivo de la Festividad de la Virgen del Carmen el pr\u00f3ximo 16 de julio, la Decana y la Junta de Gobierno de la Delegaci\u00f3n Territorial en Galicia del COIN tiene el gusto de invitarte a los actos que tendr\u00e1n lugar en la Zona\" \/>\n\t<meta name=\"robots\" content=\"max-image-preview:large\" \/>\n\t<meta name=\"author\" content=\"Delegaci\u00f3n Galicia\"\/>\n\t<meta name=\"google-site-verification\" content=\"7brmUOAwEmVOzDsnJ9q5QE6pLdw6wH0XiigUsr1GV5s\" \/>\n\t<link rel=\"canonical\" href=\"https:\/\/galicia.ingenierosnavales.com\/index.php\/2026\/06\/05\/celebracion-de-la-festividad-de-la-virgen-del-carmen-en-galicia-2\/\" \/>\n\t<meta name=\"generator\" content=\"All in One SEO (AIOSEO) 5.0.1.1\" \/>\n\t\t<meta property=\"og:locale\" content=\"es_ES\" \/>\n\t\t<meta property=\"og:site_name\" content=\"Delegaci\u00f3n del COIN en Galicia -  -\" \/>\n\t\t<meta property=\"og:type\" content=\"article\" \/>\n\t\t<meta property=\"og:title\" content=\"Celebraci\u00f3n de la Festividad de la Virgen del Carmen en Galicia - Delegaci\u00f3n del COIN en Galicia -\" \/>\n\t\t<meta property=\"og:description\" content=\"CIRCULAR 5-26 Ferrol, a 5 de junio de 2026 Querido\/a Compa\u00f1ero\/a: Con motivo de la Festividad de la Virgen del Carmen el pr\u00f3ximo 16 de julio, la Decana y la Junta de Gobierno de la Delegaci\u00f3n Territorial en Galicia del COIN tiene el gusto de invitarte a los actos que tendr\u00e1n lugar en la Zona\" \/>\n\t\t<meta property=\"og:url\" content=\"https:\/\/galicia.ingenierosnavales.com\/index.php\/2026\/06\/05\/celebracion-de-la-festividad-de-la-virgen-del-carmen-en-galicia-2\/\" \/>\n\t\t<meta property=\"og:image\" content=\"https:\/\/galicia.ingenierosnavales.com\/wp-content\/uploads\/2025\/03\/LOGO-GALICIA.png\" \/>\n\t\t<meta property=\"og:image:secure_url\" content=\"https:\/\/galicia.ingenierosnavales.com\/wp-content\/uploads\/2025\/03\/LOGO-GALICIA.png\" \/>\n\t\t<meta property=\"og:image:width\" content=\"1050\" \/>\n\t\t<meta property=\"og:image:height\" content=\"600\" \/>\n\t\t<meta property=\"article:published_time\" content=\"2026-06-05T10:19:27+00:00\" \/>\n\t\t<meta property=\"article:modified_time\" content=\"2026-06-05T10:19:27+00:00\" \/>\n\t\t<meta property=\"article:publisher\" content=\"https:\/\/facebook.com\/Ingenieros Navales Galicia\" \/>\n\t\t<meta name=\"twitter:card\" content=\"summary_large_image\" \/>\n\t\t<meta name=\"twitter:site\" content=\"@Ingenieros%20Navales%20Galicia\" \/>\n\t\t<meta name=\"twitter:title\" content=\"Celebraci\u00f3n de la Festividad de la Virgen del Carmen en Galicia - Delegaci\u00f3n del COIN en Galicia -\" \/>\n\t\t<meta name=\"twitter:description\" content=\"CIRCULAR 5-26 Ferrol, a 5 de junio de 2026 Querido\/a Compa\u00f1ero\/a: Con motivo de la Festividad de la Virgen del Carmen el pr\u00f3ximo 16 de julio, la Decana y la Junta de Gobierno de la Delegaci\u00f3n Territorial en Galicia del COIN tiene el gusto de invitarte a los actos que tendr\u00e1n lugar en la Zona\" \/>\n\t\t<meta name=\"twitter:creator\" content=\"@Ingenieros%20Navales%20Galicia\" \/>\n\t\t<meta name=\"twitter:image\" content=\"https:\/\/galicia.ingenierosnavales.com\/wp-content\/uploads\/2025\/03\/LOGO-GALICIA.png\" \/>\n\t\t<script type=\"application\/ld+json\" class=\"aioseo-schema\">\n\t\t\t{\"@context\":\"https:\\\/\\\/schema.org\",\"@graph\":[{\"@type\":\"BlogPosting\",\"@id\":\"https:\\\/\\\/galicia.ingenierosnavales.com\\\/index.php\\\/2026\\\/06\\\/05\\\/celebracion-de-la-festividad-de-la-virgen-del-carmen-en-galicia-2\\\/#blogposting\",\"name\":\"Celebraci\\u00f3n de la Festividad de la Virgen del Carmen en Galicia - Delegaci\\u00f3n del COIN en Galicia -\",\"headline\":\"Celebraci\\u00f3n de la Festividad de la Virgen del Carmen en Galicia\",\"author\":{\"@id\":\"https:\\\/\\\/galicia.ingenierosnavales.com\\\/index.php\\\/author\\\/galicia\\\/#author\"},\"publisher\":{\"@id\":\"https:\\\/\\\/galicia.ingenierosnavales.com\\\/#organization\"},\"image\":{\"@type\":\"ImageObject\",\"url\":\"https:\\\/\\\/galicia.ingenierosnavales.com\\\/wp-content\\\/uploads\\\/2026\\\/06\\\/Celebracion-de-la-Festividad-de-la-Virgen-del-Carmen.1.png\",\"width\":1128,\"height\":800},\"datePublished\":\"2026-06-05T10:19:27+00:00\",\"dateModified\":\"2026-06-05T10:19:27+00:00\",\"inLanguage\":\"es-ES\",\"mainEntityOfPage\":{\"@id\":\"https:\\\/\\\/galicia.ingenierosnavales.com\\\/index.php\\\/2026\\\/06\\\/05\\\/celebracion-de-la-festividad-de-la-virgen-del-carmen-en-galicia-2\\\/#webpage\"},\"isPartOf\":{\"@id\":\"https:\\\/\\\/galicia.ingenierosnavales.com\\\/index.php\\\/2026\\\/06\\\/05\\\/celebracion-de-la-festividad-de-la-virgen-del-carmen-en-galicia-2\\\/#webpage\"},\"articleSection\":\"Agenda, Eventos, actividades Galicia, Circular Galicia, Comunicaciones DT GALICIA, Ingenieros Navales Galicia, Espa\\u00f1ol\"},{\"@type\":\"BreadcrumbList\",\"@id\":\"https:\\\/\\\/galicia.ingenierosnavales.com\\\/index.php\\\/2026\\\/06\\\/05\\\/celebracion-de-la-festividad-de-la-virgen-del-carmen-en-galicia-2\\\/#breadcrumblist\",\"itemListElement\":[{\"@type\":\"ListItem\",\"@id\":\"https:\\\/\\\/galicia.ingenierosnavales.com#listItem\",\"position\":1,\"name\":\"Home\",\"item\":\"https:\\\/\\\/galicia.ingenierosnavales.com\",\"nextItem\":{\"@type\":\"ListItem\",\"@id\":\"https:\\\/\\\/galicia.ingenierosnavales.com\\\/index.php\\\/category\\\/eventos\\\/#listItem\",\"name\":\"Eventos\"}},{\"@type\":\"ListItem\",\"@id\":\"https:\\\/\\\/galicia.ingenierosnavales.com\\\/index.php\\\/category\\\/eventos\\\/#listItem\",\"position\":2,\"name\":\"Eventos\",\"item\":\"https:\\\/\\\/galicia.ingenierosnavales.com\\\/index.php\\\/category\\\/eventos\\\/\",\"nextItem\":{\"@type\":\"ListItem\",\"@id\":\"https:\\\/\\\/galicia.ingenierosnavales.com\\\/index.php\\\/2026\\\/06\\\/05\\\/celebracion-de-la-festividad-de-la-virgen-del-carmen-en-galicia-2\\\/#listItem\",\"name\":\"Celebraci\\u00f3n de la Festividad de la Virgen del Carmen en Galicia\"},\"previousItem\":{\"@type\":\"ListItem\",\"@id\":\"https:\\\/\\\/galicia.ingenierosnavales.com#listItem\",\"name\":\"Home\"}},{\"@type\":\"ListItem\",\"@id\":\"https:\\\/\\\/galicia.ingenierosnavales.com\\\/index.php\\\/2026\\\/06\\\/05\\\/celebracion-de-la-festividad-de-la-virgen-del-carmen-en-galicia-2\\\/#listItem\",\"position\":3,\"name\":\"Celebraci\\u00f3n de la Festividad de la Virgen del Carmen en Galicia\",\"previousItem\":{\"@type\":\"ListItem\",\"@id\":\"https:\\\/\\\/galicia.ingenierosnavales.com\\\/index.php\\\/category\\\/eventos\\\/#listItem\",\"name\":\"Eventos\"}}]},{\"@type\":\"Organization\",\"@id\":\"https:\\\/\\\/galicia.ingenierosnavales.com\\\/#organization\",\"name\":\"Delegaci\\u00f3n del COIN en Galicia -\",\"url\":\"https:\\\/\\\/galicia.ingenierosnavales.com\\\/\",\"telephone\":\"+34604068370\",\"logo\":{\"@type\":\"ImageObject\",\"url\":\"https:\\\/\\\/galicia.ingenierosnavales.com\\\/wp-content\\\/uploads\\\/2019\\\/09\\\/logo_2-1.png\",\"@id\":\"https:\\\/\\\/galicia.ingenierosnavales.com\\\/index.php\\\/2026\\\/06\\\/05\\\/celebracion-de-la-festividad-de-la-virgen-del-carmen-en-galicia-2\\\/#organizationLogo\",\"width\":240,\"height\":94},\"image\":{\"@id\":\"https:\\\/\\\/galicia.ingenierosnavales.com\\\/index.php\\\/2026\\\/06\\\/05\\\/celebracion-de-la-festividad-de-la-virgen-del-carmen-en-galicia-2\\\/#organizationLogo\"},\"sameAs\":[\"https:\\\/\\\/facebook.com\\\/Ingenieros Navales Galicia\",\"https:\\\/\\\/x.com\\\/Ingenieros Navales Galicia\",\"https:\\\/\\\/instagram.com\\\/Ingenieros Navales Galicia\",\"https:\\\/\\\/tiktok.com\\\/@Ingenieros Navales Galicia\",\"https:\\\/\\\/pinterest.com\\\/Ingenieros Navales Galicia\",\"https:\\\/\\\/youtube.com\\\/Ingenieros Navales Galicia\",\"https:\\\/\\\/linkedin.com\\\/in\\\/Ingenieros Navales Galicia\"]},{\"@type\":\"Person\",\"@id\":\"https:\\\/\\\/galicia.ingenierosnavales.com\\\/index.php\\\/author\\\/galicia\\\/#author\",\"url\":\"https:\\\/\\\/galicia.ingenierosnavales.com\\\/index.php\\\/author\\\/galicia\\\/\",\"name\":\"Delegaci\\u00f3n Galicia\",\"image\":{\"@type\":\"ImageObject\",\"@id\":\"https:\\\/\\\/galicia.ingenierosnavales.com\\\/index.php\\\/2026\\\/06\\\/05\\\/celebracion-de-la-festividad-de-la-virgen-del-carmen-en-galicia-2\\\/#authorImage\",\"url\":\"https:\\\/\\\/secure.gravatar.com\\\/avatar\\\/784387c8ee70f0747950d2413aa515282183abc3726ddcd1d89e0d4fccc292b5?s=96&d=mm&r=g\",\"width\":96,\"height\":96,\"caption\":\"Delegaci\\u00f3n Galicia\"}},{\"@type\":\"WebPage\",\"@id\":\"https:\\\/\\\/galicia.ingenierosnavales.com\\\/index.php\\\/2026\\\/06\\\/05\\\/celebracion-de-la-festividad-de-la-virgen-del-carmen-en-galicia-2\\\/#webpage\",\"url\":\"https:\\\/\\\/galicia.ingenierosnavales.com\\\/index.php\\\/2026\\\/06\\\/05\\\/celebracion-de-la-festividad-de-la-virgen-del-carmen-en-galicia-2\\\/\",\"name\":\"Celebraci\\u00f3n de la Festividad de la Virgen del Carmen en Galicia - Delegaci\\u00f3n del COIN en Galicia -\",\"description\":\"CIRCULAR 5-26 Ferrol, a 5 de junio de 2026 Querido\\\/a Compa\\u00f1ero\\\/a: Con motivo de la Festividad de la Virgen del Carmen el pr\\u00f3ximo 16 de julio, la Decana y la Junta de Gobierno de la Delegaci\\u00f3n Territorial en Galicia del COIN tiene el gusto de invitarte a los actos que tendr\\u00e1n lugar en la Zona\",\"inLanguage\":\"es-ES\",\"isPartOf\":{\"@id\":\"https:\\\/\\\/galicia.ingenierosnavales.com\\\/#website\"},\"breadcrumb\":{\"@id\":\"https:\\\/\\\/galicia.ingenierosnavales.com\\\/index.php\\\/2026\\\/06\\\/05\\\/celebracion-de-la-festividad-de-la-virgen-del-carmen-en-galicia-2\\\/#breadcrumblist\"},\"author\":{\"@id\":\"https:\\\/\\\/galicia.ingenierosnavales.com\\\/index.php\\\/author\\\/galicia\\\/#author\"},\"creator\":{\"@id\":\"https:\\\/\\\/galicia.ingenierosnavales.com\\\/index.php\\\/author\\\/galicia\\\/#author\"},\"image\":{\"@type\":\"ImageObject\",\"url\":\"https:\\\/\\\/galicia.ingenierosnavales.com\\\/wp-content\\\/uploads\\\/2026\\\/06\\\/Celebracion-de-la-Festividad-de-la-Virgen-del-Carmen.1.png\",\"@id\":\"https:\\\/\\\/galicia.ingenierosnavales.com\\\/index.php\\\/2026\\\/06\\\/05\\\/celebracion-de-la-festividad-de-la-virgen-del-carmen-en-galicia-2\\\/#mainImage\",\"width\":1128,\"height\":800},\"primaryImageOfPage\":{\"@id\":\"https:\\\/\\\/galicia.ingenierosnavales.com\\\/index.php\\\/2026\\\/06\\\/05\\\/celebracion-de-la-festividad-de-la-virgen-del-carmen-en-galicia-2\\\/#mainImage\"},\"datePublished\":\"2026-06-05T10:19:27+00:00\",\"dateModified\":\"2026-06-05T10:19:27+00:00\"},{\"@type\":\"WebSite\",\"@id\":\"https:\\\/\\\/galicia.ingenierosnavales.com\\\/#website\",\"url\":\"https:\\\/\\\/galicia.ingenierosnavales.com\\\/\",\"name\":\"Delegaci\\u00f3n del COIN en Galicia -\",\"inLanguage\":\"es-ES\",\"publisher\":{\"@id\":\"https:\\\/\\\/galicia.ingenierosnavales.com\\\/#organization\"}}]}\n\t\t<\/script>\n\t\t<!-- All in One SEO -->\n\n","aioseo_head_json":{"title":"Celebraci\u00f3n de la Festividad de la Virgen del Carmen en Galicia - Delegaci\u00f3n del COIN en Galicia -","description":"CIRCULAR 5-26 Ferrol, a 5 de junio de 2026 Querido\/a Compa\u00f1ero\/a: Con motivo de la Festividad de la Virgen del Carmen el pr\u00f3ximo 16 de julio, la Decana y la Junta de Gobierno de la Delegaci\u00f3n Territorial en Galicia del COIN tiene el gusto de invitarte a los actos que tendr\u00e1n lugar en la Zona","canonical_url":"https:\/\/galicia.ingenierosnavales.com\/index.php\/2026\/06\/05\/celebracion-de-la-festividad-de-la-virgen-del-carmen-en-galicia-2\/","robots":"max-image-preview:large","keywords":"","webmasterTools":{"google-site-verification":"7brmUOAwEmVOzDsnJ9q5QE6pLdw6wH0XiigUsr1GV5s","miscellaneous":""},"schema":{"@context":"https:\/\/schema.org","@graph":[{"@type":"BlogPosting","@id":"https:\/\/galicia.ingenierosnavales.com\/index.php\/2026\/06\/05\/celebracion-de-la-festividad-de-la-virgen-del-carmen-en-galicia-2\/#blogposting","name":"Celebraci\u00f3n de la Festividad de la Virgen del Carmen en Galicia - Delegaci\u00f3n del COIN en Galicia -","headline":"Celebraci\u00f3n de la Festividad de la Virgen del Carmen en Galicia","author":{"@id":"https:\/\/galicia.ingenierosnavales.com\/index.php\/author\/galicia\/#author"},"publisher":{"@id":"https:\/\/galicia.ingenierosnavales.com\/#organization"},"image":{"@type":"ImageObject","url":"https:\/\/galicia.ingenierosnavales.com\/wp-content\/uploads\/2026\/06\/Celebracion-de-la-Festividad-de-la-Virgen-del-Carmen.1.png","width":1128,"height":800},"datePublished":"2026-06-05T10:19:27+00:00","dateModified":"2026-06-05T10:19:27+00:00","inLanguage":"es-ES","mainEntityOfPage":{"@id":"https:\/\/galicia.ingenierosnavales.com\/index.php\/2026\/06\/05\/celebracion-de-la-festividad-de-la-virgen-del-carmen-en-galicia-2\/#webpage"},"isPartOf":{"@id":"https:\/\/galicia.ingenierosnavales.com\/index.php\/2026\/06\/05\/celebracion-de-la-festividad-de-la-virgen-del-carmen-en-galicia-2\/#webpage"},"articleSection":"Agenda, Eventos, actividades Galicia, Circular Galicia, Comunicaciones DT GALICIA, Ingenieros Navales Galicia, Espa\u00f1ol"},{"@type":"BreadcrumbList","@id":"https:\/\/galicia.ingenierosnavales.com\/index.php\/2026\/06\/05\/celebracion-de-la-festividad-de-la-virgen-del-carmen-en-galicia-2\/#breadcrumblist","itemListElement":[{"@type":"ListItem","@id":"https:\/\/galicia.ingenierosnavales.com#listItem","position":1,"name":"Home","item":"https:\/\/galicia.ingenierosnavales.com","nextItem":{"@type":"ListItem","@id":"https:\/\/galicia.ingenierosnavales.com\/index.php\/category\/eventos\/#listItem","name":"Eventos"}},{"@type":"ListItem","@id":"https:\/\/galicia.ingenierosnavales.com\/index.php\/category\/eventos\/#listItem","position":2,"name":"Eventos","item":"https:\/\/galicia.ingenierosnavales.com\/index.php\/category\/eventos\/","nextItem":{"@type":"ListItem","@id":"https:\/\/galicia.ingenierosnavales.com\/index.php\/2026\/06\/05\/celebracion-de-la-festividad-de-la-virgen-del-carmen-en-galicia-2\/#listItem","name":"Celebraci\u00f3n de la Festividad de la Virgen del Carmen en Galicia"},"previousItem":{"@type":"ListItem","@id":"https:\/\/galicia.ingenierosnavales.com#listItem","name":"Home"}},{"@type":"ListItem","@id":"https:\/\/galicia.ingenierosnavales.com\/index.php\/2026\/06\/05\/celebracion-de-la-festividad-de-la-virgen-del-carmen-en-galicia-2\/#listItem","position":3,"name":"Celebraci\u00f3n de la Festividad de la Virgen del Carmen en Galicia","previousItem":{"@type":"ListItem","@id":"https:\/\/galicia.ingenierosnavales.com\/index.php\/category\/eventos\/#listItem","name":"Eventos"}}]},{"@type":"Organization","@id":"https:\/\/galicia.ingenierosnavales.com\/#organization","name":"Delegaci\u00f3n del COIN en Galicia -","url":"https:\/\/galicia.ingenierosnavales.com\/","telephone":"+34604068370","logo":{"@type":"ImageObject","url":"https:\/\/galicia.ingenierosnavales.com\/wp-content\/uploads\/2019\/09\/logo_2-1.png","@id":"https:\/\/galicia.ingenierosnavales.com\/index.php\/2026\/06\/05\/celebracion-de-la-festividad-de-la-virgen-del-carmen-en-galicia-2\/#organizationLogo","width":240,"height":94},"image":{"@id":"https:\/\/galicia.ingenierosnavales.com\/index.php\/2026\/06\/05\/celebracion-de-la-festividad-de-la-virgen-del-carmen-en-galicia-2\/#organizationLogo"},"sameAs":["https:\/\/facebook.com\/Ingenieros Navales Galicia","https:\/\/x.com\/Ingenieros Navales Galicia","https:\/\/instagram.com\/Ingenieros Navales Galicia","https:\/\/tiktok.com\/@Ingenieros Navales Galicia","https:\/\/pinterest.com\/Ingenieros Navales Galicia","https:\/\/youtube.com\/Ingenieros Navales Galicia","https:\/\/linkedin.com\/in\/Ingenieros Navales Galicia"]},{"@type":"Person","@id":"https:\/\/galicia.ingenierosnavales.com\/index.php\/author\/galicia\/#author","url":"https:\/\/galicia.ingenierosnavales.com\/index.php\/author\/galicia\/","name":"Delegaci\u00f3n Galicia","image":{"@type":"ImageObject","@id":"https:\/\/galicia.ingenierosnavales.com\/index.php\/2026\/06\/05\/celebracion-de-la-festividad-de-la-virgen-del-carmen-en-galicia-2\/#authorImage","url":"https:\/\/secure.gravatar.com\/avatar\/784387c8ee70f0747950d2413aa515282183abc3726ddcd1d89e0d4fccc292b5?s=96&d=mm&r=g","width":96,"height":96,"caption":"Delegaci\u00f3n Galicia"}},{"@type":"WebPage","@id":"https:\/\/galicia.ingenierosnavales.com\/index.php\/2026\/06\/05\/celebracion-de-la-festividad-de-la-virgen-del-carmen-en-galicia-2\/#webpage","url":"https:\/\/galicia.ingenierosnavales.com\/index.php\/2026\/06\/05\/celebracion-de-la-festividad-de-la-virgen-del-carmen-en-galicia-2\/","name":"Celebraci\u00f3n de la Festividad de la Virgen del Carmen en Galicia - Delegaci\u00f3n del COIN en Galicia -","description":"CIRCULAR 5-26 Ferrol, a 5 de junio de 2026 Querido\/a Compa\u00f1ero\/a: Con motivo de la Festividad de la Virgen del Carmen el pr\u00f3ximo 16 de julio, la Decana y la Junta de Gobierno de la Delegaci\u00f3n Territorial en Galicia del COIN tiene el gusto de invitarte a los actos que tendr\u00e1n lugar en la Zona","inLanguage":"es-ES","isPartOf":{"@id":"https:\/\/galicia.ingenierosnavales.com\/#website"},"breadcrumb":{"@id":"https:\/\/galicia.ingenierosnavales.com\/index.php\/2026\/06\/05\/celebracion-de-la-festividad-de-la-virgen-del-carmen-en-galicia-2\/#breadcrumblist"},"author":{"@id":"https:\/\/galicia.ingenierosnavales.com\/index.php\/author\/galicia\/#author"},"creator":{"@id":"https:\/\/galicia.ingenierosnavales.com\/index.php\/author\/galicia\/#author"},"image":{"@type":"ImageObject","url":"https:\/\/galicia.ingenierosnavales.com\/wp-content\/uploads\/2026\/06\/Celebracion-de-la-Festividad-de-la-Virgen-del-Carmen.1.png","@id":"https:\/\/galicia.ingenierosnavales.com\/index.php\/2026\/06\/05\/celebracion-de-la-festividad-de-la-virgen-del-carmen-en-galicia-2\/#mainImage","width":1128,"height":800},"primaryImageOfPage":{"@id":"https:\/\/galicia.ingenierosnavales.com\/index.php\/2026\/06\/05\/celebracion-de-la-festividad-de-la-virgen-del-carmen-en-galicia-2\/#mainImage"},"datePublished":"2026-06-05T10:19:27+00:00","dateModified":"2026-06-05T10:19:27+00:00"},{"@type":"WebSite","@id":"https:\/\/galicia.ingenierosnavales.com\/#website","url":"https:\/\/galicia.ingenierosnavales.com\/","name":"Delegaci\u00f3n del COIN en Galicia -","inLanguage":"es-ES","publisher":{"@id":"https:\/\/galicia.ingenierosnavales.com\/#organization"}}]},"og:locale":"es_ES","og:site_name":"Delegaci\u00f3n del COIN en Galicia -  -","og:type":"article","og:title":"Celebraci\u00f3n de la Festividad de la Virgen del Carmen en Galicia - Delegaci\u00f3n del COIN en Galicia -","og:description":"CIRCULAR 5-26 Ferrol, a 5 de junio de 2026 Querido\/a Compa\u00f1ero\/a: Con motivo de la Festividad de la Virgen del Carmen el pr\u00f3ximo 16 de julio, la Decana y la Junta de Gobierno de la Delegaci\u00f3n Territorial en Galicia del COIN tiene el gusto de invitarte a los actos que tendr\u00e1n lugar en la Zona","og:url":"https:\/\/galicia.ingenierosnavales.com\/index.php\/2026\/06\/05\/celebracion-de-la-festividad-de-la-virgen-del-carmen-en-galicia-2\/","og:image":"https:\/\/galicia.ingenierosnavales.com\/wp-content\/uploads\/2025\/03\/LOGO-GALICIA.png","og:image:secure_url":"https:\/\/galicia.ingenierosnavales.com\/wp-content\/uploads\/2025\/03\/LOGO-GALICIA.png","og:image:width":1050,"og:image:height":600,"article:published_time":"2026-06-05T10:19:27+00:00","article:modified_time":"2026-06-05T10:19:27+00:00","article:publisher":"https:\/\/facebook.com\/Ingenieros Navales Galicia","twitter:card":"summary_large_image","twitter:site":"@Ingenieros%20Navales%20Galicia","twitter:title":"Celebraci\u00f3n de la Festividad de la Virgen del Carmen en Galicia - Delegaci\u00f3n del COIN en Galicia -","twitter:description":"CIRCULAR 5-26 Ferrol, a 5 de junio de 2026 Querido\/a Compa\u00f1ero\/a: Con motivo de la Festividad de la Virgen del Carmen el pr\u00f3ximo 16 de julio, la Decana y la Junta de Gobierno de la Delegaci\u00f3n Territorial en Galicia del COIN tiene el gusto de invitarte a los actos que tendr\u00e1n lugar en la Zona","twitter:creator":"@Ingenieros%20Navales%20Galicia","twitter:image":"https:\/\/galicia.ingenierosnavales.com\/wp-content\/uploads\/2025\/03\/LOGO-GALICIA.png"},"aioseo_meta_data":{"post_id":"10459","title":null,"description":null,"keywords":null,"keyphrases":{"focus":{"keyphrase":"","score":0,"analysis":{"keyphraseInTitle":{"score":0,"maxScore":9,"error":1}}},"additional":[]},"primary_term":null,"canonical_url":null,"og_title":null,"og_description":null,"og_object_type":"default","og_image_type":"default","og_image_url":null,"og_image_width":null,"og_image_height":null,"og_image_custom_url":null,"og_image_custom_fields":null,"og_video":"","og_custom_url":null,"og_article_section":null,"og_article_tags":null,"twitter_use_og":false,"twitter_card":"default","twitter_image_type":"default","twitter_image_url":null,"twitter_image_custom_url":null,"twitter_image_custom_fields":null,"twitter_title":null,"twitter_description":null,"schema":{"blockGraphs":[],"customGraphs":[],"default":{"data":{"Article":[],"Course":[],"Dataset":[],"FAQPage":[],"Movie":[],"Person":[],"Product":[],"ProductReview":[],"Car":[],"Recipe":[],"Service":[],"SoftwareApplication":[],"WebPage":[]},"graphName":"BlogPosting","isEnabled":true},"graphs":[]},"schema_type":"default","schema_type_options":null,"pillar_content":false,"robots_default":true,"robots_noindex":false,"robots_noarchive":false,"robots_nosnippet":false,"robots_nofollow":false,"robots_noimageindex":false,"robots_noodp":false,"robots_notranslate":false,"robots_max_snippet":"-1","robots_max_videopreview":"-1","robots_max_imagepreview":"large","priority":null,"frequency":"default","local_seo":null,"limit_modified_date":false,"created":"2026-06-05 10:19:27","updated":"2026-07-27 23:54:33","ai":null,"breadcrumb_settings":null,"seo_analyzer_scan_date":null,"focus_keyword":null,"additional_keywords":null,"truseo_locale":null},"aioseo_breadcrumb":"<div class=\"aioseo-breadcrumbs\"><span class=\"aioseo-breadcrumb\">\n\t\t\t<a href=\"https:\/\/galicia.ingenierosnavales.com\" title=\"Home\">Home<\/a>\n\t\t<\/span><span class=\"aioseo-breadcrumb-separator\">&raquo;<\/span><span class=\"aioseo-breadcrumb\">\n\t\t\t<a href=\"https:\/\/galicia.ingenierosnavales.com\/index.php\/category\/eventos\/\" title=\"Eventos\">Eventos<\/a>\n\t\t<\/span><span class=\"aioseo-breadcrumb-separator\">&raquo;<\/span><span class=\"aioseo-breadcrumb\">\n\t\t\tCelebraci\u00f3n de la Festividad de la Virgen del Carmen en Galicia\n\t\t<\/span><\/div>","aioseo_breadcrumb_json":[{"label":"Home","link":"https:\/\/galicia.ingenierosnavales.com"},{"label":"Eventos","link":"https:\/\/galicia.ingenierosnavales.com\/index.php\/category\/eventos\/"},{"label":"Celebraci\u00f3n de la Festividad de la Virgen del Carmen en Galicia","link":"https:\/\/galicia.ingenierosnavales.com\/index.php\/2026\/06\/05\/celebracion-de-la-festividad-de-la-virgen-del-carmen-en-galicia-2\/"}],"_links":{"self":[{"href":"https:\/\/galicia.ingenierosnavales.com\/index.php\/wp-json\/wp\/v2\/posts\/10459","targetHints":{"allow":["GET"]}}],"collection":[{"href":"https:\/\/galicia.ingenierosnavales.com\/index.php\/wp-json\/wp\/v2\/posts"}],"about":[{"href":"https:\/\/galicia.ingenierosnavales.com\/index.php\/wp-json\/wp\/v2\/types\/post"}],"author":[{"embeddable":true,"href":"https:\/\/galicia.ingenierosnavales.com\/index.php\/wp-json\/wp\/v2\/users\/2"}],"replies":[{"embeddable":true,"href":"https:\/\/galicia.ingenierosnavales.com\/index.php\/wp-json\/wp\/v2\/comments?post=10459"}],"version-history":[{"count":1,"href":"https:\/\/galicia.ingenierosnavales.com\/index.php\/wp-json\/wp\/v2\/posts\/10459\/revisions"}],"predecessor-version":[{"id":10463,"href":"https:\/\/galicia.ingenierosnavales.com\/index.php\/wp-json\/wp\/v2\/posts\/10459\/revisions\/10463"}],"wp:featuredmedia":[{"embeddable":true,"href":"https:\/\/galicia.ingenierosnavales.com\/index.php\/wp-json\/wp\/v2\/media\/10461"}],"wp:attachment":[{"href":"https:\/\/galicia.ingenierosnavales.com\/index.php\/wp-json\/wp\/v2\/media?parent=10459"}],"wp:term":[{"taxonomy":"category","embeddable":true,"href":"https:\/\/galicia.ingenierosnavales.com\/index.php\/wp-json\/wp\/v2\/categories?post=10459"},{"taxonomy":"post_tag","embeddable":true,"href":"https:\/\/galicia.ingenierosnavales.com\/index.php\/wp-json\/wp\/v2\/tags?post=10459"}],"curies":[{"name":"wp","href":"https:\/\/api.w.org\/{rel}","templated":true}]}}