{"id":10448,"date":"2026-06-03T07:30:02","date_gmt":"2026-06-03T07:30:02","guid":{"rendered":"https:\/\/galicia.ingenierosnavales.com\/?p=10448"},"modified":"2026-06-03T07:30:02","modified_gmt":"2026-06-03T07:30:02","slug":"la-semilla-gallega-de-la-participacion-del-petrolero-olterra-en-la-segunda-guerra-mundial-by-raul-villa","status":"publish","type":"post","link":"https:\/\/galicia.ingenierosnavales.com\/index.php\/2026\/06\/03\/la-semilla-gallega-de-la-participacion-del-petrolero-olterra-en-la-segunda-guerra-mundial-by-raul-villa\/","title":{"rendered":"La semilla gallega de la participaci\u00f3n del petrolero \u00abOlterra\u00bb en la Segunda Guerra Mundial. By Ra\u00fal Villa"},"content":{"rendered":"<p>Esta vez traigo al blog una historia muy curiosa. En 1942 los italianos eran conscientes de que el submarino hab\u00eda demostrado ser el medio m\u00e1s eficaz para llevar los torpedos guiados de marcha lenta (maialis) hasta las inmediaciones de sus objetivos. Pero su empleo conllevaba limitaciones, como, por ejemplo, el tiempo empleado para cubrir la maniobra. Adem\u00e1s, el ataque con torpedos tripulados transportados por un submarino depend\u00eda de muchas variables dif\u00edciles de predecir en el momento de su lanzamiento.<\/p>\n<p>Adicionalmente las defensas inglesas de Gibraltar estaban blindadas, por lo que introducir un submarino en su bah\u00eda podr\u00eda conducir a un desastre por el lanzamiento de cargas desde los buques que patrullaban la bah\u00eda. Fue entonces cuando, descartando el empleo de un submarino, el Estado Mayor italiano ide\u00f3 un plan en el que entraron en juego un buque petrolero, un ingeniero genov\u00e9s y una mujer espa\u00f1ola de origen valenciano.<\/p>\n<p>Os adjunto una entrevista sobre el asunto del 30\/05\/26 en Radio Voz (Un caf\u00e9 con Eva) con Eva Mill\u00e1n, y con m\u00e1s temas sobre novedades de Exponav, D\u00eda Mujer sector mar\u00edtimo, Olterra y m\u00fasica de Sons de Celeiro (Ilustre marino): ( <a href=\"https:\/\/exponav.org\/wp-content\/uploads\/290526_uncafeconeva_olterra.mp3\">https:\/\/exponav.org\/wp-content\/uploads\/290526_uncafeconeva_olterra.mp3<\/a> ).<\/p>\n<p>Tambi\u00e9n os adjunto un art\u00edculo publicado sobre esta entrada en el Diario de Ferrol: el 25\/05\/26, titulado \u201cDESDE LA MAR | La semilla gallega de la participaci\u00f3n del petrolero \u201cOlterra\u201d en la Segunda Guerra Mundial: ( <a href=\"https:\/\/exponav.org\/wp-content\/uploads\/WhatsApp-Image-2026-05-25-at-08.35.13.jpeg\">https:\/\/exponav.org\/wp-content\/uploads\/WhatsApp-Image-2026-05-25-at-08.35.13.jpeg<\/a> ).<\/p>\n<p>Para ver la publicaci\u00f3n en Linkedn:<br \/>\n<a href=\"https:\/\/www.linkedin.com\/posts\/raul-villa-caro-86633940_la-semilla-gallega-de-la-participaci%C3%B3n-del-activity-7467069934091706369-VLUa?utm_source=share&amp;utm_medium=member_desktop&amp;rcm=ACoAAAiXmI4BsDWmjvqTUDBCd5oHzG2mHvGMkRg\">https:\/\/www.linkedin.com\/posts\/raul-villa-caro-86633940_la-semilla-gallega-de-la-participaci%C3%B3n-del-activity-7467069934091706369-VLUa?utm_source=share&amp;utm_medium=member_desktop&amp;rcm=ACoAAAiXmI4BsDWmjvqTUDBCd5oHzG2mHvGMkRg<\/a><\/p>\n<p>Finalmente os env\u00edo el enlace al art\u00edculo completo en el blog de Exponav:<br \/>\n<a href=\"https:\/\/exponav.org\/blog\/historia-naval\/la-semilla-gallega-de-la-participacion-del-petrolero-olterra-en-la-segunda-guerra-mundial\/\">https:\/\/exponav.org\/blog\/historia-naval\/la-semilla-gallega-de-la-participacion-del-petrolero-olterra-en-la-segunda-guerra-mundial\/<\/a><\/p>\n<p>&nbsp;<\/p>\n<p><img fetchpriority=\"high\" decoding=\"async\" class=\"aligncenter wp-image-10449 size-large\" src=\"https:\/\/galicia.ingenierosnavales.com\/wp-content\/uploads\/2026\/06\/OLTERRA-834x1024.jpeg\" alt=\"\" width=\"834\" height=\"1024\" srcset=\"https:\/\/galicia.ingenierosnavales.com\/wp-content\/uploads\/2026\/06\/OLTERRA-834x1024.jpeg 834w, https:\/\/galicia.ingenierosnavales.com\/wp-content\/uploads\/2026\/06\/OLTERRA-244x300.jpeg 244w, https:\/\/galicia.ingenierosnavales.com\/wp-content\/uploads\/2026\/06\/OLTERRA-768x943.jpeg 768w, https:\/\/galicia.ingenierosnavales.com\/wp-content\/uploads\/2026\/06\/OLTERRA.jpeg 1035w\" sizes=\"(max-width: 834px) 100vw, 834px\" \/><\/p>\n","protected":false},"excerpt":{"rendered":"<p>Esta vez traigo al blog una historia muy curiosa. En 1942 los italianos eran conscientes de que el submarino hab\u00eda demostrado ser el medio m\u00e1s eficaz para llevar los torpedos guiados de marcha lenta&#46;&#46;&#46;<\/p>\n","protected":false},"author":2,"featured_media":10449,"comment_status":"open","ping_status":"closed","sticky":false,"template":"","format":"standard","meta":{"om_disable_all_campaigns":false,"_monsterinsights_skip_tracking":false,"footnotes":""},"categories":[3],"tags":[49,43,47],"class_list":["post-10448","post","type-post","status-publish","format-standard","has-post-thumbnail","hentry","category-noticias-gl-es","tag-ingenieros-navales-galicia","tag-noticias-galicia","tag-sector-naval-en-galicia"],"aioseo_notices":[],"aioseo_head":"\n\t\t<!-- All in One SEO 5.0.1.1 - aioseo.com -->\n\t<meta name=\"description\" content=\"Esta vez traigo al blog una historia muy curiosa. En 1942 los italianos eran conscientes de que el submarino hab\u00eda demostrado ser el medio m\u00e1s eficaz para llevar los torpedos guiados de marcha lenta (maialis) hasta las inmediaciones de sus objetivos. Pero su empleo conllevaba limitaciones, como, por ejemplo, el tiempo empleado para cubrir la\" \/>\n\t<meta name=\"robots\" content=\"max-image-preview:large\" \/>\n\t<meta name=\"author\" content=\"Delegaci\u00f3n Galicia\"\/>\n\t<meta name=\"google-site-verification\" content=\"7brmUOAwEmVOzDsnJ9q5QE6pLdw6wH0XiigUsr1GV5s\" \/>\n\t<link rel=\"canonical\" href=\"https:\/\/galicia.ingenierosnavales.com\/index.php\/2026\/06\/03\/la-semilla-gallega-de-la-participacion-del-petrolero-olterra-en-la-segunda-guerra-mundial-by-raul-villa\/\" \/>\n\t<meta name=\"generator\" content=\"All in One SEO (AIOSEO) 5.0.1.1\" \/>\n\t\t<meta property=\"og:locale\" content=\"es_ES\" \/>\n\t\t<meta property=\"og:site_name\" content=\"Delegaci\u00f3n del COIN en Galicia -  -\" \/>\n\t\t<meta property=\"og:type\" content=\"article\" \/>\n\t\t<meta property=\"og:title\" content=\"La semilla gallega de la participaci\u00f3n del petrolero \u00abOlterra\u00bb en la Segunda Guerra Mundial. By Ra\u00fal Villa - Delegaci\u00f3n del COIN en Galicia -\" \/>\n\t\t<meta property=\"og:description\" content=\"Esta vez traigo al blog una historia muy curiosa. En 1942 los italianos eran conscientes de que el submarino hab\u00eda demostrado ser el medio m\u00e1s eficaz para llevar los torpedos guiados de marcha lenta (maialis) hasta las inmediaciones de sus objetivos. Pero su empleo conllevaba limitaciones, como, por ejemplo, el tiempo empleado para cubrir la\" \/>\n\t\t<meta property=\"og:url\" content=\"https:\/\/galicia.ingenierosnavales.com\/index.php\/2026\/06\/03\/la-semilla-gallega-de-la-participacion-del-petrolero-olterra-en-la-segunda-guerra-mundial-by-raul-villa\/\" \/>\n\t\t<meta property=\"og:image\" content=\"https:\/\/galicia.ingenierosnavales.com\/wp-content\/uploads\/2025\/03\/LOGO-GALICIA.png\" \/>\n\t\t<meta property=\"og:image:secure_url\" content=\"https:\/\/galicia.ingenierosnavales.com\/wp-content\/uploads\/2025\/03\/LOGO-GALICIA.png\" \/>\n\t\t<meta property=\"og:image:width\" content=\"1050\" \/>\n\t\t<meta property=\"og:image:height\" content=\"600\" \/>\n\t\t<meta property=\"article:published_time\" content=\"2026-06-03T07:30:02+00:00\" \/>\n\t\t<meta property=\"article:modified_time\" content=\"2026-06-03T07:30:02+00:00\" \/>\n\t\t<meta property=\"article:publisher\" content=\"https:\/\/facebook.com\/Ingenieros Navales Galicia\" \/>\n\t\t<meta name=\"twitter:card\" content=\"summary_large_image\" \/>\n\t\t<meta name=\"twitter:site\" content=\"@Ingenieros%20Navales%20Galicia\" \/>\n\t\t<meta name=\"twitter:title\" content=\"La semilla gallega de la participaci\u00f3n del petrolero \u00abOlterra\u00bb en la Segunda Guerra Mundial. By Ra\u00fal Villa - Delegaci\u00f3n del COIN en Galicia -\" \/>\n\t\t<meta name=\"twitter:description\" content=\"Esta vez traigo al blog una historia muy curiosa. En 1942 los italianos eran conscientes de que el submarino hab\u00eda demostrado ser el medio m\u00e1s eficaz para llevar los torpedos guiados de marcha lenta (maialis) hasta las inmediaciones de sus objetivos. Pero su empleo conllevaba limitaciones, como, por ejemplo, el tiempo empleado para cubrir la\" \/>\n\t\t<meta name=\"twitter:creator\" content=\"@Ingenieros%20Navales%20Galicia\" \/>\n\t\t<meta name=\"twitter:image\" content=\"https:\/\/galicia.ingenierosnavales.com\/wp-content\/uploads\/2025\/03\/LOGO-GALICIA.png\" \/>\n\t\t<script type=\"application\/ld+json\" class=\"aioseo-schema\">\n\t\t\t{\"@context\":\"https:\\\/\\\/schema.org\",\"@graph\":[{\"@type\":\"BlogPosting\",\"@id\":\"https:\\\/\\\/galicia.ingenierosnavales.com\\\/index.php\\\/2026\\\/06\\\/03\\\/la-semilla-gallega-de-la-participacion-del-petrolero-olterra-en-la-segunda-guerra-mundial-by-raul-villa\\\/#blogposting\",\"name\":\"La semilla gallega de la participaci\\u00f3n del petrolero \\u00abOlterra\\u00bb en la Segunda Guerra Mundial. By Ra\\u00fal Villa - Delegaci\\u00f3n del COIN en Galicia -\",\"headline\":\"La semilla gallega de la participaci\\u00f3n del petrolero \\u00abOlterra\\u00bb en la Segunda Guerra Mundial. By Ra\\u00fal Villa\",\"author\":{\"@id\":\"https:\\\/\\\/galicia.ingenierosnavales.com\\\/index.php\\\/author\\\/galicia\\\/#author\"},\"publisher\":{\"@id\":\"https:\\\/\\\/galicia.ingenierosnavales.com\\\/#organization\"},\"image\":{\"@type\":\"ImageObject\",\"url\":\"https:\\\/\\\/galicia.ingenierosnavales.com\\\/wp-content\\\/uploads\\\/2026\\\/06\\\/OLTERRA.jpeg\",\"width\":1035,\"height\":1271},\"datePublished\":\"2026-06-03T07:30:02+00:00\",\"dateModified\":\"2026-06-03T07:30:02+00:00\",\"inLanguage\":\"es-ES\",\"mainEntityOfPage\":{\"@id\":\"https:\\\/\\\/galicia.ingenierosnavales.com\\\/index.php\\\/2026\\\/06\\\/03\\\/la-semilla-gallega-de-la-participacion-del-petrolero-olterra-en-la-segunda-guerra-mundial-by-raul-villa\\\/#webpage\"},\"isPartOf\":{\"@id\":\"https:\\\/\\\/galicia.ingenierosnavales.com\\\/index.php\\\/2026\\\/06\\\/03\\\/la-semilla-gallega-de-la-participacion-del-petrolero-olterra-en-la-segunda-guerra-mundial-by-raul-villa\\\/#webpage\"},\"articleSection\":\"Noticias, Ingenieros Navales Galicia, Noticias Galicia, sector naval en Galicia, Espa\\u00f1ol\"},{\"@type\":\"BreadcrumbList\",\"@id\":\"https:\\\/\\\/galicia.ingenierosnavales.com\\\/index.php\\\/2026\\\/06\\\/03\\\/la-semilla-gallega-de-la-participacion-del-petrolero-olterra-en-la-segunda-guerra-mundial-by-raul-villa\\\/#breadcrumblist\",\"itemListElement\":[{\"@type\":\"ListItem\",\"@id\":\"https:\\\/\\\/galicia.ingenierosnavales.com#listItem\",\"position\":1,\"name\":\"Home\",\"item\":\"https:\\\/\\\/galicia.ingenierosnavales.com\",\"nextItem\":{\"@type\":\"ListItem\",\"@id\":\"https:\\\/\\\/galicia.ingenierosnavales.com\\\/index.php\\\/category\\\/noticias-gl-es\\\/#listItem\",\"name\":\"Noticias\"}},{\"@type\":\"ListItem\",\"@id\":\"https:\\\/\\\/galicia.ingenierosnavales.com\\\/index.php\\\/category\\\/noticias-gl-es\\\/#listItem\",\"position\":2,\"name\":\"Noticias\",\"item\":\"https:\\\/\\\/galicia.ingenierosnavales.com\\\/index.php\\\/category\\\/noticias-gl-es\\\/\",\"nextItem\":{\"@type\":\"ListItem\",\"@id\":\"https:\\\/\\\/galicia.ingenierosnavales.com\\\/index.php\\\/2026\\\/06\\\/03\\\/la-semilla-gallega-de-la-participacion-del-petrolero-olterra-en-la-segunda-guerra-mundial-by-raul-villa\\\/#listItem\",\"name\":\"La semilla gallega de la participaci\\u00f3n del petrolero \\u00abOlterra\\u00bb en la Segunda Guerra Mundial. By Ra\\u00fal Villa\"},\"previousItem\":{\"@type\":\"ListItem\",\"@id\":\"https:\\\/\\\/galicia.ingenierosnavales.com#listItem\",\"name\":\"Home\"}},{\"@type\":\"ListItem\",\"@id\":\"https:\\\/\\\/galicia.ingenierosnavales.com\\\/index.php\\\/2026\\\/06\\\/03\\\/la-semilla-gallega-de-la-participacion-del-petrolero-olterra-en-la-segunda-guerra-mundial-by-raul-villa\\\/#listItem\",\"position\":3,\"name\":\"La semilla gallega de la participaci\\u00f3n del petrolero \\u00abOlterra\\u00bb en la Segunda Guerra Mundial. By Ra\\u00fal Villa\",\"previousItem\":{\"@type\":\"ListItem\",\"@id\":\"https:\\\/\\\/galicia.ingenierosnavales.com\\\/index.php\\\/category\\\/noticias-gl-es\\\/#listItem\",\"name\":\"Noticias\"}}]},{\"@type\":\"Organization\",\"@id\":\"https:\\\/\\\/galicia.ingenierosnavales.com\\\/#organization\",\"name\":\"Delegaci\\u00f3n del COIN en Galicia -\",\"url\":\"https:\\\/\\\/galicia.ingenierosnavales.com\\\/\",\"telephone\":\"+34604068370\",\"logo\":{\"@type\":\"ImageObject\",\"url\":\"https:\\\/\\\/galicia.ingenierosnavales.com\\\/wp-content\\\/uploads\\\/2019\\\/09\\\/logo_2-1.png\",\"@id\":\"https:\\\/\\\/galicia.ingenierosnavales.com\\\/index.php\\\/2026\\\/06\\\/03\\\/la-semilla-gallega-de-la-participacion-del-petrolero-olterra-en-la-segunda-guerra-mundial-by-raul-villa\\\/#organizationLogo\",\"width\":240,\"height\":94},\"image\":{\"@id\":\"https:\\\/\\\/galicia.ingenierosnavales.com\\\/index.php\\\/2026\\\/06\\\/03\\\/la-semilla-gallega-de-la-participacion-del-petrolero-olterra-en-la-segunda-guerra-mundial-by-raul-villa\\\/#organizationLogo\"},\"sameAs\":[\"https:\\\/\\\/facebook.com\\\/Ingenieros Navales Galicia\",\"https:\\\/\\\/x.com\\\/Ingenieros Navales Galicia\",\"https:\\\/\\\/instagram.com\\\/Ingenieros Navales Galicia\",\"https:\\\/\\\/tiktok.com\\\/@Ingenieros Navales Galicia\",\"https:\\\/\\\/pinterest.com\\\/Ingenieros Navales Galicia\",\"https:\\\/\\\/youtube.com\\\/Ingenieros Navales Galicia\",\"https:\\\/\\\/linkedin.com\\\/in\\\/Ingenieros Navales Galicia\"]},{\"@type\":\"Person\",\"@id\":\"https:\\\/\\\/galicia.ingenierosnavales.com\\\/index.php\\\/author\\\/galicia\\\/#author\",\"url\":\"https:\\\/\\\/galicia.ingenierosnavales.com\\\/index.php\\\/author\\\/galicia\\\/\",\"name\":\"Delegaci\\u00f3n Galicia\",\"image\":{\"@type\":\"ImageObject\",\"@id\":\"https:\\\/\\\/galicia.ingenierosnavales.com\\\/index.php\\\/2026\\\/06\\\/03\\\/la-semilla-gallega-de-la-participacion-del-petrolero-olterra-en-la-segunda-guerra-mundial-by-raul-villa\\\/#authorImage\",\"url\":\"https:\\\/\\\/secure.gravatar.com\\\/avatar\\\/784387c8ee70f0747950d2413aa515282183abc3726ddcd1d89e0d4fccc292b5?s=96&d=mm&r=g\",\"width\":96,\"height\":96,\"caption\":\"Delegaci\\u00f3n Galicia\"}},{\"@type\":\"WebPage\",\"@id\":\"https:\\\/\\\/galicia.ingenierosnavales.com\\\/index.php\\\/2026\\\/06\\\/03\\\/la-semilla-gallega-de-la-participacion-del-petrolero-olterra-en-la-segunda-guerra-mundial-by-raul-villa\\\/#webpage\",\"url\":\"https:\\\/\\\/galicia.ingenierosnavales.com\\\/index.php\\\/2026\\\/06\\\/03\\\/la-semilla-gallega-de-la-participacion-del-petrolero-olterra-en-la-segunda-guerra-mundial-by-raul-villa\\\/\",\"name\":\"La semilla gallega de la participaci\\u00f3n del petrolero \\u00abOlterra\\u00bb en la Segunda Guerra Mundial. By Ra\\u00fal Villa - Delegaci\\u00f3n del COIN en Galicia -\",\"description\":\"Esta vez traigo al blog una historia muy curiosa. En 1942 los italianos eran conscientes de que el submarino hab\\u00eda demostrado ser el medio m\\u00e1s eficaz para llevar los torpedos guiados de marcha lenta (maialis) hasta las inmediaciones de sus objetivos. Pero su empleo conllevaba limitaciones, como, por ejemplo, el tiempo empleado para cubrir la\",\"inLanguage\":\"es-ES\",\"isPartOf\":{\"@id\":\"https:\\\/\\\/galicia.ingenierosnavales.com\\\/#website\"},\"breadcrumb\":{\"@id\":\"https:\\\/\\\/galicia.ingenierosnavales.com\\\/index.php\\\/2026\\\/06\\\/03\\\/la-semilla-gallega-de-la-participacion-del-petrolero-olterra-en-la-segunda-guerra-mundial-by-raul-villa\\\/#breadcrumblist\"},\"author\":{\"@id\":\"https:\\\/\\\/galicia.ingenierosnavales.com\\\/index.php\\\/author\\\/galicia\\\/#author\"},\"creator\":{\"@id\":\"https:\\\/\\\/galicia.ingenierosnavales.com\\\/index.php\\\/author\\\/galicia\\\/#author\"},\"image\":{\"@type\":\"ImageObject\",\"url\":\"https:\\\/\\\/galicia.ingenierosnavales.com\\\/wp-content\\\/uploads\\\/2026\\\/06\\\/OLTERRA.jpeg\",\"@id\":\"https:\\\/\\\/galicia.ingenierosnavales.com\\\/index.php\\\/2026\\\/06\\\/03\\\/la-semilla-gallega-de-la-participacion-del-petrolero-olterra-en-la-segunda-guerra-mundial-by-raul-villa\\\/#mainImage\",\"width\":1035,\"height\":1271},\"primaryImageOfPage\":{\"@id\":\"https:\\\/\\\/galicia.ingenierosnavales.com\\\/index.php\\\/2026\\\/06\\\/03\\\/la-semilla-gallega-de-la-participacion-del-petrolero-olterra-en-la-segunda-guerra-mundial-by-raul-villa\\\/#mainImage\"},\"datePublished\":\"2026-06-03T07:30:02+00:00\",\"dateModified\":\"2026-06-03T07:30:02+00:00\"},{\"@type\":\"WebSite\",\"@id\":\"https:\\\/\\\/galicia.ingenierosnavales.com\\\/#website\",\"url\":\"https:\\\/\\\/galicia.ingenierosnavales.com\\\/\",\"name\":\"Delegaci\\u00f3n del COIN en Galicia -\",\"inLanguage\":\"es-ES\",\"publisher\":{\"@id\":\"https:\\\/\\\/galicia.ingenierosnavales.com\\\/#organization\"}}]}\n\t\t<\/script>\n\t\t<!-- All in One SEO -->\n\n","aioseo_head_json":{"title":"La semilla gallega de la participaci\u00f3n del petrolero \u00abOlterra\u00bb en la Segunda Guerra Mundial. By Ra\u00fal Villa - Delegaci\u00f3n del COIN en Galicia -","description":"Esta vez traigo al blog una historia muy curiosa. En 1942 los italianos eran conscientes de que el submarino hab\u00eda demostrado ser el medio m\u00e1s eficaz para llevar los torpedos guiados de marcha lenta (maialis) hasta las inmediaciones de sus objetivos. Pero su empleo conllevaba limitaciones, como, por ejemplo, el tiempo empleado para cubrir la","canonical_url":"https:\/\/galicia.ingenierosnavales.com\/index.php\/2026\/06\/03\/la-semilla-gallega-de-la-participacion-del-petrolero-olterra-en-la-segunda-guerra-mundial-by-raul-villa\/","robots":"max-image-preview:large","keywords":"","webmasterTools":{"google-site-verification":"7brmUOAwEmVOzDsnJ9q5QE6pLdw6wH0XiigUsr1GV5s","miscellaneous":""},"schema":{"@context":"https:\/\/schema.org","@graph":[{"@type":"BlogPosting","@id":"https:\/\/galicia.ingenierosnavales.com\/index.php\/2026\/06\/03\/la-semilla-gallega-de-la-participacion-del-petrolero-olterra-en-la-segunda-guerra-mundial-by-raul-villa\/#blogposting","name":"La semilla gallega de la participaci\u00f3n del petrolero \u00abOlterra\u00bb en la Segunda Guerra Mundial. By Ra\u00fal Villa - Delegaci\u00f3n del COIN en Galicia -","headline":"La semilla gallega de la participaci\u00f3n del petrolero \u00abOlterra\u00bb en la Segunda Guerra Mundial. By Ra\u00fal Villa","author":{"@id":"https:\/\/galicia.ingenierosnavales.com\/index.php\/author\/galicia\/#author"},"publisher":{"@id":"https:\/\/galicia.ingenierosnavales.com\/#organization"},"image":{"@type":"ImageObject","url":"https:\/\/galicia.ingenierosnavales.com\/wp-content\/uploads\/2026\/06\/OLTERRA.jpeg","width":1035,"height":1271},"datePublished":"2026-06-03T07:30:02+00:00","dateModified":"2026-06-03T07:30:02+00:00","inLanguage":"es-ES","mainEntityOfPage":{"@id":"https:\/\/galicia.ingenierosnavales.com\/index.php\/2026\/06\/03\/la-semilla-gallega-de-la-participacion-del-petrolero-olterra-en-la-segunda-guerra-mundial-by-raul-villa\/#webpage"},"isPartOf":{"@id":"https:\/\/galicia.ingenierosnavales.com\/index.php\/2026\/06\/03\/la-semilla-gallega-de-la-participacion-del-petrolero-olterra-en-la-segunda-guerra-mundial-by-raul-villa\/#webpage"},"articleSection":"Noticias, Ingenieros Navales Galicia, Noticias Galicia, sector naval en Galicia, Espa\u00f1ol"},{"@type":"BreadcrumbList","@id":"https:\/\/galicia.ingenierosnavales.com\/index.php\/2026\/06\/03\/la-semilla-gallega-de-la-participacion-del-petrolero-olterra-en-la-segunda-guerra-mundial-by-raul-villa\/#breadcrumblist","itemListElement":[{"@type":"ListItem","@id":"https:\/\/galicia.ingenierosnavales.com#listItem","position":1,"name":"Home","item":"https:\/\/galicia.ingenierosnavales.com","nextItem":{"@type":"ListItem","@id":"https:\/\/galicia.ingenierosnavales.com\/index.php\/category\/noticias-gl-es\/#listItem","name":"Noticias"}},{"@type":"ListItem","@id":"https:\/\/galicia.ingenierosnavales.com\/index.php\/category\/noticias-gl-es\/#listItem","position":2,"name":"Noticias","item":"https:\/\/galicia.ingenierosnavales.com\/index.php\/category\/noticias-gl-es\/","nextItem":{"@type":"ListItem","@id":"https:\/\/galicia.ingenierosnavales.com\/index.php\/2026\/06\/03\/la-semilla-gallega-de-la-participacion-del-petrolero-olterra-en-la-segunda-guerra-mundial-by-raul-villa\/#listItem","name":"La semilla gallega de la participaci\u00f3n del petrolero \u00abOlterra\u00bb en la Segunda Guerra Mundial. By Ra\u00fal Villa"},"previousItem":{"@type":"ListItem","@id":"https:\/\/galicia.ingenierosnavales.com#listItem","name":"Home"}},{"@type":"ListItem","@id":"https:\/\/galicia.ingenierosnavales.com\/index.php\/2026\/06\/03\/la-semilla-gallega-de-la-participacion-del-petrolero-olterra-en-la-segunda-guerra-mundial-by-raul-villa\/#listItem","position":3,"name":"La semilla gallega de la participaci\u00f3n del petrolero \u00abOlterra\u00bb en la Segunda Guerra Mundial. By Ra\u00fal Villa","previousItem":{"@type":"ListItem","@id":"https:\/\/galicia.ingenierosnavales.com\/index.php\/category\/noticias-gl-es\/#listItem","name":"Noticias"}}]},{"@type":"Organization","@id":"https:\/\/galicia.ingenierosnavales.com\/#organization","name":"Delegaci\u00f3n del COIN en Galicia -","url":"https:\/\/galicia.ingenierosnavales.com\/","telephone":"+34604068370","logo":{"@type":"ImageObject","url":"https:\/\/galicia.ingenierosnavales.com\/wp-content\/uploads\/2019\/09\/logo_2-1.png","@id":"https:\/\/galicia.ingenierosnavales.com\/index.php\/2026\/06\/03\/la-semilla-gallega-de-la-participacion-del-petrolero-olterra-en-la-segunda-guerra-mundial-by-raul-villa\/#organizationLogo","width":240,"height":94},"image":{"@id":"https:\/\/galicia.ingenierosnavales.com\/index.php\/2026\/06\/03\/la-semilla-gallega-de-la-participacion-del-petrolero-olterra-en-la-segunda-guerra-mundial-by-raul-villa\/#organizationLogo"},"sameAs":["https:\/\/facebook.com\/Ingenieros Navales Galicia","https:\/\/x.com\/Ingenieros Navales Galicia","https:\/\/instagram.com\/Ingenieros Navales Galicia","https:\/\/tiktok.com\/@Ingenieros Navales Galicia","https:\/\/pinterest.com\/Ingenieros Navales Galicia","https:\/\/youtube.com\/Ingenieros Navales Galicia","https:\/\/linkedin.com\/in\/Ingenieros Navales Galicia"]},{"@type":"Person","@id":"https:\/\/galicia.ingenierosnavales.com\/index.php\/author\/galicia\/#author","url":"https:\/\/galicia.ingenierosnavales.com\/index.php\/author\/galicia\/","name":"Delegaci\u00f3n Galicia","image":{"@type":"ImageObject","@id":"https:\/\/galicia.ingenierosnavales.com\/index.php\/2026\/06\/03\/la-semilla-gallega-de-la-participacion-del-petrolero-olterra-en-la-segunda-guerra-mundial-by-raul-villa\/#authorImage","url":"https:\/\/secure.gravatar.com\/avatar\/784387c8ee70f0747950d2413aa515282183abc3726ddcd1d89e0d4fccc292b5?s=96&d=mm&r=g","width":96,"height":96,"caption":"Delegaci\u00f3n Galicia"}},{"@type":"WebPage","@id":"https:\/\/galicia.ingenierosnavales.com\/index.php\/2026\/06\/03\/la-semilla-gallega-de-la-participacion-del-petrolero-olterra-en-la-segunda-guerra-mundial-by-raul-villa\/#webpage","url":"https:\/\/galicia.ingenierosnavales.com\/index.php\/2026\/06\/03\/la-semilla-gallega-de-la-participacion-del-petrolero-olterra-en-la-segunda-guerra-mundial-by-raul-villa\/","name":"La semilla gallega de la participaci\u00f3n del petrolero \u00abOlterra\u00bb en la Segunda Guerra Mundial. By Ra\u00fal Villa - Delegaci\u00f3n del COIN en Galicia -","description":"Esta vez traigo al blog una historia muy curiosa. En 1942 los italianos eran conscientes de que el submarino hab\u00eda demostrado ser el medio m\u00e1s eficaz para llevar los torpedos guiados de marcha lenta (maialis) hasta las inmediaciones de sus objetivos. Pero su empleo conllevaba limitaciones, como, por ejemplo, el tiempo empleado para cubrir la","inLanguage":"es-ES","isPartOf":{"@id":"https:\/\/galicia.ingenierosnavales.com\/#website"},"breadcrumb":{"@id":"https:\/\/galicia.ingenierosnavales.com\/index.php\/2026\/06\/03\/la-semilla-gallega-de-la-participacion-del-petrolero-olterra-en-la-segunda-guerra-mundial-by-raul-villa\/#breadcrumblist"},"author":{"@id":"https:\/\/galicia.ingenierosnavales.com\/index.php\/author\/galicia\/#author"},"creator":{"@id":"https:\/\/galicia.ingenierosnavales.com\/index.php\/author\/galicia\/#author"},"image":{"@type":"ImageObject","url":"https:\/\/galicia.ingenierosnavales.com\/wp-content\/uploads\/2026\/06\/OLTERRA.jpeg","@id":"https:\/\/galicia.ingenierosnavales.com\/index.php\/2026\/06\/03\/la-semilla-gallega-de-la-participacion-del-petrolero-olterra-en-la-segunda-guerra-mundial-by-raul-villa\/#mainImage","width":1035,"height":1271},"primaryImageOfPage":{"@id":"https:\/\/galicia.ingenierosnavales.com\/index.php\/2026\/06\/03\/la-semilla-gallega-de-la-participacion-del-petrolero-olterra-en-la-segunda-guerra-mundial-by-raul-villa\/#mainImage"},"datePublished":"2026-06-03T07:30:02+00:00","dateModified":"2026-06-03T07:30:02+00:00"},{"@type":"WebSite","@id":"https:\/\/galicia.ingenierosnavales.com\/#website","url":"https:\/\/galicia.ingenierosnavales.com\/","name":"Delegaci\u00f3n del COIN en Galicia -","inLanguage":"es-ES","publisher":{"@id":"https:\/\/galicia.ingenierosnavales.com\/#organization"}}]},"og:locale":"es_ES","og:site_name":"Delegaci\u00f3n del COIN en Galicia -  -","og:type":"article","og:title":"La semilla gallega de la participaci\u00f3n del petrolero \u00abOlterra\u00bb en la Segunda Guerra Mundial. By Ra\u00fal Villa - Delegaci\u00f3n del COIN en Galicia -","og:description":"Esta vez traigo al blog una historia muy curiosa. En 1942 los italianos eran conscientes de que el submarino hab\u00eda demostrado ser el medio m\u00e1s eficaz para llevar los torpedos guiados de marcha lenta (maialis) hasta las inmediaciones de sus objetivos. Pero su empleo conllevaba limitaciones, como, por ejemplo, el tiempo empleado para cubrir la","og:url":"https:\/\/galicia.ingenierosnavales.com\/index.php\/2026\/06\/03\/la-semilla-gallega-de-la-participacion-del-petrolero-olterra-en-la-segunda-guerra-mundial-by-raul-villa\/","og:image":"https:\/\/galicia.ingenierosnavales.com\/wp-content\/uploads\/2025\/03\/LOGO-GALICIA.png","og:image:secure_url":"https:\/\/galicia.ingenierosnavales.com\/wp-content\/uploads\/2025\/03\/LOGO-GALICIA.png","og:image:width":1050,"og:image:height":600,"article:published_time":"2026-06-03T07:30:02+00:00","article:modified_time":"2026-06-03T07:30:02+00:00","article:publisher":"https:\/\/facebook.com\/Ingenieros Navales Galicia","twitter:card":"summary_large_image","twitter:site":"@Ingenieros%20Navales%20Galicia","twitter:title":"La semilla gallega de la participaci\u00f3n del petrolero \u00abOlterra\u00bb en la Segunda Guerra Mundial. By Ra\u00fal Villa - Delegaci\u00f3n del COIN en Galicia -","twitter:description":"Esta vez traigo al blog una historia muy curiosa. En 1942 los italianos eran conscientes de que el submarino hab\u00eda demostrado ser el medio m\u00e1s eficaz para llevar los torpedos guiados de marcha lenta (maialis) hasta las inmediaciones de sus objetivos. Pero su empleo conllevaba limitaciones, como, por ejemplo, el tiempo empleado para cubrir la","twitter:creator":"@Ingenieros%20Navales%20Galicia","twitter:image":"https:\/\/galicia.ingenierosnavales.com\/wp-content\/uploads\/2025\/03\/LOGO-GALICIA.png"},"aioseo_meta_data":{"post_id":"10448","title":null,"description":null,"keywords":null,"keyphrases":{"focus":{"keyphrase":"","score":0,"analysis":{"keyphraseInTitle":{"score":0,"maxScore":9,"error":1}}},"additional":[]},"primary_term":null,"canonical_url":null,"og_title":null,"og_description":null,"og_object_type":"default","og_image_type":"default","og_image_url":null,"og_image_width":null,"og_image_height":null,"og_image_custom_url":null,"og_image_custom_fields":null,"og_video":"","og_custom_url":null,"og_article_section":null,"og_article_tags":null,"twitter_use_og":false,"twitter_card":"default","twitter_image_type":"default","twitter_image_url":null,"twitter_image_custom_url":null,"twitter_image_custom_fields":null,"twitter_title":null,"twitter_description":null,"schema":{"blockGraphs":[],"customGraphs":[],"default":{"data":{"Article":[],"Course":[],"Dataset":[],"FAQPage":[],"Movie":[],"Person":[],"Product":[],"ProductReview":[],"Car":[],"Recipe":[],"Service":[],"SoftwareApplication":[],"WebPage":[]},"graphName":"BlogPosting","isEnabled":true},"graphs":[]},"schema_type":"default","schema_type_options":null,"pillar_content":false,"robots_default":true,"robots_noindex":false,"robots_noarchive":false,"robots_nosnippet":false,"robots_nofollow":false,"robots_noimageindex":false,"robots_noodp":false,"robots_notranslate":false,"robots_max_snippet":"-1","robots_max_videopreview":"-1","robots_max_imagepreview":"large","priority":null,"frequency":"default","local_seo":null,"limit_modified_date":false,"created":"2026-06-03 07:30:02","updated":"2026-07-27 23:53:26","ai":null,"breadcrumb_settings":null,"seo_analyzer_scan_date":null,"focus_keyword":null,"additional_keywords":null,"truseo_locale":null},"aioseo_breadcrumb":"<div class=\"aioseo-breadcrumbs\"><span class=\"aioseo-breadcrumb\">\n\t\t\t<a href=\"https:\/\/galicia.ingenierosnavales.com\" title=\"Home\">Home<\/a>\n\t\t<\/span><span class=\"aioseo-breadcrumb-separator\">&raquo;<\/span><span class=\"aioseo-breadcrumb\">\n\t\t\t<a href=\"https:\/\/galicia.ingenierosnavales.com\/index.php\/category\/noticias-gl-es\/\" title=\"Noticias\">Noticias<\/a>\n\t\t<\/span><span class=\"aioseo-breadcrumb-separator\">&raquo;<\/span><span class=\"aioseo-breadcrumb\">\n\t\t\tLa semilla gallega de la participaci\u00f3n del petrolero \u00abOlterra\u00bb en la Segunda Guerra Mundial. By Ra\u00fal Villa\n\t\t<\/span><\/div>","aioseo_breadcrumb_json":[{"label":"Home","link":"https:\/\/galicia.ingenierosnavales.com"},{"label":"Noticias","link":"https:\/\/galicia.ingenierosnavales.com\/index.php\/category\/noticias-gl-es\/"},{"label":"La semilla gallega de la participaci\u00f3n del petrolero \u00abOlterra\u00bb en la Segunda Guerra Mundial. By Ra\u00fal Villa","link":"https:\/\/galicia.ingenierosnavales.com\/index.php\/2026\/06\/03\/la-semilla-gallega-de-la-participacion-del-petrolero-olterra-en-la-segunda-guerra-mundial-by-raul-villa\/"}],"_links":{"self":[{"href":"https:\/\/galicia.ingenierosnavales.com\/index.php\/wp-json\/wp\/v2\/posts\/10448","targetHints":{"allow":["GET"]}}],"collection":[{"href":"https:\/\/galicia.ingenierosnavales.com\/index.php\/wp-json\/wp\/v2\/posts"}],"about":[{"href":"https:\/\/galicia.ingenierosnavales.com\/index.php\/wp-json\/wp\/v2\/types\/post"}],"author":[{"embeddable":true,"href":"https:\/\/galicia.ingenierosnavales.com\/index.php\/wp-json\/wp\/v2\/users\/2"}],"replies":[{"embeddable":true,"href":"https:\/\/galicia.ingenierosnavales.com\/index.php\/wp-json\/wp\/v2\/comments?post=10448"}],"version-history":[{"count":1,"href":"https:\/\/galicia.ingenierosnavales.com\/index.php\/wp-json\/wp\/v2\/posts\/10448\/revisions"}],"predecessor-version":[{"id":10450,"href":"https:\/\/galicia.ingenierosnavales.com\/index.php\/wp-json\/wp\/v2\/posts\/10448\/revisions\/10450"}],"wp:featuredmedia":[{"embeddable":true,"href":"https:\/\/galicia.ingenierosnavales.com\/index.php\/wp-json\/wp\/v2\/media\/10449"}],"wp:attachment":[{"href":"https:\/\/galicia.ingenierosnavales.com\/index.php\/wp-json\/wp\/v2\/media?parent=10448"}],"wp:term":[{"taxonomy":"category","embeddable":true,"href":"https:\/\/galicia.ingenierosnavales.com\/index.php\/wp-json\/wp\/v2\/categories?post=10448"},{"taxonomy":"post_tag","embeddable":true,"href":"https:\/\/galicia.ingenierosnavales.com\/index.php\/wp-json\/wp\/v2\/tags?post=10448"}],"curies":[{"name":"wp","href":"https:\/\/api.w.org\/{rel}","templated":true}]}}