{"id":10444,"date":"2026-06-02T10:02:32","date_gmt":"2026-06-02T10:02:32","guid":{"rendered":"https:\/\/galicia.ingenierosnavales.com\/?p=10444"},"modified":"2026-06-02T10:02:32","modified_gmt":"2026-06-02T10:02:32","slug":"noticias-sobre-el-sector-naval-en-galicia-2-junio-2026","status":"publish","type":"post","link":"https:\/\/galicia.ingenierosnavales.com\/index.php\/2026\/06\/02\/noticias-sobre-el-sector-naval-en-galicia-2-junio-2026\/","title":{"rendered":"Noticias sobre el sector naval en Galicia. 2\/junio\/2026"},"content":{"rendered":"<table style=\"height: 1182px;\" width=\"1209\">\n<tbody>\n<tr>\n<td width=\"1007\">\n<p style=\"text-align: center;\"><strong>Martes 2<\/strong><\/p>\n<p style=\"text-align: center;\">La Voz de Galicia<\/p>\n<p style=\"text-align: center;\"><a href=\"https:\/\/www.lavozdegalicia.es\/noticia\/coruna\/coruna\/2026\/06\/01\/expedicion-elcano-circundo-tierra-coruna-cumple-500-anos\/0003_202606H1C2994.htm\">La expedici\u00f3n de Elcano que circund\u00f3 la tierra desde A Coru\u00f1a cumple 500 a\u00f1os<\/a><\/p>\n<p style=\"text-align: center;\"><a href=\"https:\/\/www.lavozdegalicia.es\/noticia\/ferrol\/ferrol\/2026\/06\/01\/presidente-portos-galicia-sustituye-francisco-barea-frente-autoridad-portuaria-ferrol-san-cibrao\/00031780304714353432413.htm\">El presidente de Portos de Galicia Sustituye a Francisco Barea al frente de la Autoridad Portuaria de Ferrol-San Cibrao<\/a><\/p>\n<p style=\"text-align: center;\"><a href=\"https:\/\/www.lavozdegalicia.es\/noticia\/mercados\/2026\/05\/31\/grupo-intaf-imperio-industrial-nacio-forja-yunques\/0003_202605SM31P12991.htm\">El Grupo Intaf, un imperio industrial que naci\u00f3 en una forja entre yunques<\/a> (exclusivo suscriptores)<\/p>\n<p style=\"text-align: center;\"><a href=\"https:\/\/www.lavozdegalicia.es\/noticia\/somosmar\/2026\/06\/02\/adios-laboral-tras-40-anos-lucha-mantener-flote-carpinteria-ribera\/0003_202606B2C2991.htm\">Adi\u00f3s laboral tras 40 a\u00f1os de lucha para mantener a flote la carpinter\u00eda de ribeira<\/a> (exclusivo suscriptores)<\/p>\n<p style=\"text-align: center;\"><a href=\"https:\/\/www.lavozdegalicia.es\/noticia\/somosmar\/2026\/06\/01\/entran-vigor-nuevas-reglas-europeas-medir-comparar-emisiones-transporte\/00031780326441998971779.htm\">Entran en vigor las nuevas reglas europeas para medir y comparar las emisiones del transporte<\/a><\/p>\n<p style=\"text-align: center;\">Elperiodicodelaenergia.com<\/p>\n<p style=\"text-align: center;\"><a href=\"https:\/\/elperiodicodelaenergia.com\/iberia-y-el-momento-de-la-eolica-marina\">Iberia y el momento de la e\u00f3lica marina<\/a><\/p>\n<p style=\"text-align: center;\">Elespanol.com<\/p>\n<p style=\"text-align: center;\"><a href=\"https:\/\/www.elespanol.com\/treintayseis\/economia\/naval\/20260601\/freire-construye-vigo-mayores-buques-recogida-transporte-pesca-capacidad-toneladas\/1003744269070_0.html\">Freire construye en Vigo uno de los mayores buques de recogida y transporte de pesca: Con capacidad para 750 toneladas<\/a><\/p>\n<p style=\"text-align: center;\"><a href=\"https:\/\/www.elespanol.com\/quincemil\/ferrolterra\/20260601\/relevo-frente-puerto-ferrol-jose-antonio-alvarez-sustituye-francisco-barea\/1003744268736_0.html\">Relevo al frente del puerto de Ferrol: Jos\u00e9 Antonio \u00c1lvarez sustituye a Francisco Barea<\/a><\/p>\n<p style=\"text-align: center;\">Metropolitano.gal<\/p>\n<p style=\"text-align: center;\"><a href=\"https:\/\/metropolitano.gal\/enfoque\/nuevo-hito-para-el-naval-de-vigo-que-hara-el-mayor-barco-de-recogida-y-transporte-de-pesca-de-su-categoria\/\">Nuevo hito para el naval de Vigpo, que har\u00e1 el mayor barco de recogida y transporte de pesca de su categor\u00eda<\/a><\/p>\n<p style=\"text-align: center;\">Faro de Vigo<\/p>\n<p style=\"text-align: center;\"><a href=\"https:\/\/www.farodevigo.es\/economia\/2026\/06\/01\/freire-shipyard-cristaliza-estreno-naval-acuicultura-vigues-tauriko-napier-130889355.html\">Freire Shipyard cristaliza el estreno del naval vigu\u00e9s en buques para acuicultura: el \u201cTauriko\u201d empieza a nacer<\/a> (exclusivo suscriptores)<\/p>\n<p style=\"text-align: center;\">Atl\u00e1ntico Diario<\/p>\n<p style=\"text-align: center;\"><a href=\"https:\/\/www.atlantico.net\/economia\/freire-construye-megabuque-acuicola-noruega_1_20260601-4299221.html\">Freire construye un megabuque acu\u00edcola para Noruega<\/a><\/p>\n<p style=\"text-align: center;\">Vigoe.es<\/p>\n<p style=\"text-align: center;\"><a href=\"https:\/\/www.vigoe.es\/vigo\/maritima\/la-industrial-naval-de-vigo-pone-al-quilla-al-mayor-barco-de-transporte-de-pesca-del-mundo-en-su-clase\/\">La industria naval de Vigo pone la quilla al mayor barco de transporte de pesca del mundo en su clase<\/a><\/p>\n<p style=\"text-align: center;\">Galiciauniversal.org<\/p>\n<p style=\"text-align: center;\"><a href=\"https:\/\/galiciauniversal.org\/el-presidente-de-portos-de-galicia-asume-el-mando-en-ferrol-san-cibrao\/\">El Presidente de Portos de Galicia asume el mando en Ferrol-San Cibrao<\/a><\/p>\n<p style=\"text-align: center;\">Cope.es<\/p>\n<p style=\"text-align: center;\"><a href=\"https:\/\/www.cope.es\/emisoras\/galicia\/a-coruna-provincia\/ferrol\/noticias\/rueda-cesa-barea-frente-autoridad-portuaria-ferrol-san-cibrao-nombra-jose-antonio-alvarez-presidente-20260602_3375885.amp.html\">Rueda cesa a Barea al frente de la Autoridad Portuaria de Ferrol-San Cibrao y nombra a Jos\u00e9 Antonio \u00c1lvarez como presidente<\/a><\/p>\n<p style=\"text-align: center;\">Diario de Ferrol<\/p>\n<p style=\"text-align: center;\"><a href=\"https:\/\/diariodeferrol.elidealgallego.com\/ferrol\/2026-06-01\/la-xunta-cesa-a-francisco-barea-como-presidente-de-la-autoridad-portuaria-de-ferrol-san-cibrao-859170.html\">La Xunta cesa a Francisco Barea como presidente de la Autoridad Portuaria de Ferrol-San Cibrao<\/a><\/p>\n<p style=\"text-align: center;\">Galicia \u00c1rtabra Digital<\/p>\n<p style=\"text-align: center;\"><a href=\"https:\/\/galiciaartabra.es\/archivos\/419241\">El ferrolano Jos\u00e9 Antonio \u00c1lvarez Vidal nombrado nuevo presidente de la Autoridad Portuaria de Ferrol-San Cibrao<\/a><\/p>\n<\/td>\n<\/tr>\n<\/tbody>\n<\/table>\n","protected":false},"excerpt":{"rendered":"<p>Martes 2 La Voz de Galicia La expedici\u00f3n de Elcano que circund\u00f3 la tierra desde A Coru\u00f1a cumple 500 a\u00f1os El presidente de Portos de Galicia Sustituye a Francisco Barea al frente de la&#46;&#46;&#46;<\/p>\n","protected":false},"author":2,"featured_media":4886,"comment_status":"open","ping_status":"closed","sticky":false,"template":"","format":"standard","meta":{"om_disable_all_campaigns":false,"_monsterinsights_skip_tracking":false,"footnotes":""},"categories":[3],"tags":[49,43,47],"class_list":["post-10444","post","type-post","status-publish","format-standard","has-post-thumbnail","hentry","category-noticias-gl-es","tag-ingenieros-navales-galicia","tag-noticias-galicia","tag-sector-naval-en-galicia"],"aioseo_notices":[],"aioseo_head":"\n\t\t<!-- All in One SEO 5.0.1.1 - aioseo.com -->\n\t<meta name=\"description\" content=\"Martes 2 La Voz de Galicia La expedici\u00f3n de Elcano que circund\u00f3 la tierra desde A Coru\u00f1a cumple 500 a\u00f1os El presidente de Portos de Galicia Sustituye a Francisco Barea al frente de la Autoridad Portuaria de Ferrol-San Cibrao El Grupo Intaf, un imperio industrial que naci\u00f3 en una forja entre yunques (exclusivo suscriptores) Adi\u00f3s\" \/>\n\t<meta name=\"robots\" content=\"max-image-preview:large\" \/>\n\t<meta name=\"author\" content=\"Delegaci\u00f3n Galicia\"\/>\n\t<meta name=\"google-site-verification\" content=\"7brmUOAwEmVOzDsnJ9q5QE6pLdw6wH0XiigUsr1GV5s\" \/>\n\t<link rel=\"canonical\" href=\"https:\/\/galicia.ingenierosnavales.com\/index.php\/2026\/06\/02\/noticias-sobre-el-sector-naval-en-galicia-2-junio-2026\/\" \/>\n\t<meta name=\"generator\" content=\"All in One SEO (AIOSEO) 5.0.1.1\" \/>\n\t\t<meta property=\"og:locale\" content=\"es_ES\" \/>\n\t\t<meta property=\"og:site_name\" content=\"Delegaci\u00f3n del COIN en Galicia -  -\" \/>\n\t\t<meta property=\"og:type\" content=\"article\" \/>\n\t\t<meta property=\"og:title\" content=\"Noticias sobre el sector naval en Galicia. 2\/junio\/2026 - Delegaci\u00f3n del COIN en Galicia -\" \/>\n\t\t<meta property=\"og:description\" content=\"Martes 2 La Voz de Galicia La expedici\u00f3n de Elcano que circund\u00f3 la tierra desde A Coru\u00f1a cumple 500 a\u00f1os El presidente de Portos de Galicia Sustituye a Francisco Barea al frente de la Autoridad Portuaria de Ferrol-San Cibrao El Grupo Intaf, un imperio industrial que naci\u00f3 en una forja entre yunques (exclusivo suscriptores) Adi\u00f3s\" \/>\n\t\t<meta property=\"og:url\" content=\"https:\/\/galicia.ingenierosnavales.com\/index.php\/2026\/06\/02\/noticias-sobre-el-sector-naval-en-galicia-2-junio-2026\/\" \/>\n\t\t<meta property=\"og:image\" content=\"https:\/\/galicia.ingenierosnavales.com\/wp-content\/uploads\/2025\/03\/LOGO-GALICIA.png\" \/>\n\t\t<meta property=\"og:image:secure_url\" content=\"https:\/\/galicia.ingenierosnavales.com\/wp-content\/uploads\/2025\/03\/LOGO-GALICIA.png\" \/>\n\t\t<meta property=\"og:image:width\" content=\"1050\" \/>\n\t\t<meta property=\"og:image:height\" content=\"600\" \/>\n\t\t<meta property=\"article:published_time\" content=\"2026-06-02T10:02:32+00:00\" \/>\n\t\t<meta property=\"article:modified_time\" content=\"2026-06-02T10:02:32+00:00\" \/>\n\t\t<meta property=\"article:publisher\" content=\"https:\/\/facebook.com\/Ingenieros Navales Galicia\" \/>\n\t\t<meta name=\"twitter:card\" content=\"summary_large_image\" \/>\n\t\t<meta name=\"twitter:site\" content=\"@Ingenieros%20Navales%20Galicia\" \/>\n\t\t<meta name=\"twitter:title\" content=\"Noticias sobre el sector naval en Galicia. 2\/junio\/2026 - Delegaci\u00f3n del COIN en Galicia -\" \/>\n\t\t<meta name=\"twitter:description\" content=\"Martes 2 La Voz de Galicia La expedici\u00f3n de Elcano que circund\u00f3 la tierra desde A Coru\u00f1a cumple 500 a\u00f1os El presidente de Portos de Galicia Sustituye a Francisco Barea al frente de la Autoridad Portuaria de Ferrol-San Cibrao El Grupo Intaf, un imperio industrial que naci\u00f3 en una forja entre yunques (exclusivo suscriptores) Adi\u00f3s\" \/>\n\t\t<meta name=\"twitter:creator\" content=\"@Ingenieros%20Navales%20Galicia\" \/>\n\t\t<meta name=\"twitter:image\" content=\"https:\/\/galicia.ingenierosnavales.com\/wp-content\/uploads\/2025\/03\/LOGO-GALICIA.png\" \/>\n\t\t<script type=\"application\/ld+json\" class=\"aioseo-schema\">\n\t\t\t{\"@context\":\"https:\\\/\\\/schema.org\",\"@graph\":[{\"@type\":\"BlogPosting\",\"@id\":\"https:\\\/\\\/galicia.ingenierosnavales.com\\\/index.php\\\/2026\\\/06\\\/02\\\/noticias-sobre-el-sector-naval-en-galicia-2-junio-2026\\\/#blogposting\",\"name\":\"Noticias sobre el sector naval en Galicia. 2\\\/junio\\\/2026 - Delegaci\\u00f3n del COIN en Galicia -\",\"headline\":\"Noticias sobre el sector naval en Galicia. 2\\\/junio\\\/2026\",\"author\":{\"@id\":\"https:\\\/\\\/galicia.ingenierosnavales.com\\\/index.php\\\/author\\\/galicia\\\/#author\"},\"publisher\":{\"@id\":\"https:\\\/\\\/galicia.ingenierosnavales.com\\\/#organization\"},\"image\":{\"@type\":\"ImageObject\",\"url\":\"https:\\\/\\\/galicia.ingenierosnavales.com\\\/wp-content\\\/uploads\\\/2023\\\/04\\\/Morning-news-1.png\",\"width\":700,\"height\":700},\"datePublished\":\"2026-06-02T10:02:32+00:00\",\"dateModified\":\"2026-06-02T10:02:32+00:00\",\"inLanguage\":\"es-ES\",\"mainEntityOfPage\":{\"@id\":\"https:\\\/\\\/galicia.ingenierosnavales.com\\\/index.php\\\/2026\\\/06\\\/02\\\/noticias-sobre-el-sector-naval-en-galicia-2-junio-2026\\\/#webpage\"},\"isPartOf\":{\"@id\":\"https:\\\/\\\/galicia.ingenierosnavales.com\\\/index.php\\\/2026\\\/06\\\/02\\\/noticias-sobre-el-sector-naval-en-galicia-2-junio-2026\\\/#webpage\"},\"articleSection\":\"Noticias, Ingenieros Navales Galicia, Noticias Galicia, sector naval en Galicia, Espa\\u00f1ol\"},{\"@type\":\"BreadcrumbList\",\"@id\":\"https:\\\/\\\/galicia.ingenierosnavales.com\\\/index.php\\\/2026\\\/06\\\/02\\\/noticias-sobre-el-sector-naval-en-galicia-2-junio-2026\\\/#breadcrumblist\",\"itemListElement\":[{\"@type\":\"ListItem\",\"@id\":\"https:\\\/\\\/galicia.ingenierosnavales.com#listItem\",\"position\":1,\"name\":\"Home\",\"item\":\"https:\\\/\\\/galicia.ingenierosnavales.com\",\"nextItem\":{\"@type\":\"ListItem\",\"@id\":\"https:\\\/\\\/galicia.ingenierosnavales.com\\\/index.php\\\/category\\\/noticias-gl-es\\\/#listItem\",\"name\":\"Noticias\"}},{\"@type\":\"ListItem\",\"@id\":\"https:\\\/\\\/galicia.ingenierosnavales.com\\\/index.php\\\/category\\\/noticias-gl-es\\\/#listItem\",\"position\":2,\"name\":\"Noticias\",\"item\":\"https:\\\/\\\/galicia.ingenierosnavales.com\\\/index.php\\\/category\\\/noticias-gl-es\\\/\",\"nextItem\":{\"@type\":\"ListItem\",\"@id\":\"https:\\\/\\\/galicia.ingenierosnavales.com\\\/index.php\\\/2026\\\/06\\\/02\\\/noticias-sobre-el-sector-naval-en-galicia-2-junio-2026\\\/#listItem\",\"name\":\"Noticias sobre el sector naval en Galicia. 2\\\/junio\\\/2026\"},\"previousItem\":{\"@type\":\"ListItem\",\"@id\":\"https:\\\/\\\/galicia.ingenierosnavales.com#listItem\",\"name\":\"Home\"}},{\"@type\":\"ListItem\",\"@id\":\"https:\\\/\\\/galicia.ingenierosnavales.com\\\/index.php\\\/2026\\\/06\\\/02\\\/noticias-sobre-el-sector-naval-en-galicia-2-junio-2026\\\/#listItem\",\"position\":3,\"name\":\"Noticias sobre el sector naval en Galicia. 2\\\/junio\\\/2026\",\"previousItem\":{\"@type\":\"ListItem\",\"@id\":\"https:\\\/\\\/galicia.ingenierosnavales.com\\\/index.php\\\/category\\\/noticias-gl-es\\\/#listItem\",\"name\":\"Noticias\"}}]},{\"@type\":\"Organization\",\"@id\":\"https:\\\/\\\/galicia.ingenierosnavales.com\\\/#organization\",\"name\":\"Delegaci\\u00f3n del COIN en Galicia -\",\"url\":\"https:\\\/\\\/galicia.ingenierosnavales.com\\\/\",\"telephone\":\"+34604068370\",\"logo\":{\"@type\":\"ImageObject\",\"url\":\"https:\\\/\\\/galicia.ingenierosnavales.com\\\/wp-content\\\/uploads\\\/2019\\\/09\\\/logo_2-1.png\",\"@id\":\"https:\\\/\\\/galicia.ingenierosnavales.com\\\/index.php\\\/2026\\\/06\\\/02\\\/noticias-sobre-el-sector-naval-en-galicia-2-junio-2026\\\/#organizationLogo\",\"width\":240,\"height\":94},\"image\":{\"@id\":\"https:\\\/\\\/galicia.ingenierosnavales.com\\\/index.php\\\/2026\\\/06\\\/02\\\/noticias-sobre-el-sector-naval-en-galicia-2-junio-2026\\\/#organizationLogo\"},\"sameAs\":[\"https:\\\/\\\/facebook.com\\\/Ingenieros Navales Galicia\",\"https:\\\/\\\/x.com\\\/Ingenieros Navales Galicia\",\"https:\\\/\\\/instagram.com\\\/Ingenieros Navales Galicia\",\"https:\\\/\\\/tiktok.com\\\/@Ingenieros Navales Galicia\",\"https:\\\/\\\/pinterest.com\\\/Ingenieros Navales Galicia\",\"https:\\\/\\\/youtube.com\\\/Ingenieros Navales Galicia\",\"https:\\\/\\\/linkedin.com\\\/in\\\/Ingenieros Navales Galicia\"]},{\"@type\":\"Person\",\"@id\":\"https:\\\/\\\/galicia.ingenierosnavales.com\\\/index.php\\\/author\\\/galicia\\\/#author\",\"url\":\"https:\\\/\\\/galicia.ingenierosnavales.com\\\/index.php\\\/author\\\/galicia\\\/\",\"name\":\"Delegaci\\u00f3n Galicia\",\"image\":{\"@type\":\"ImageObject\",\"@id\":\"https:\\\/\\\/galicia.ingenierosnavales.com\\\/index.php\\\/2026\\\/06\\\/02\\\/noticias-sobre-el-sector-naval-en-galicia-2-junio-2026\\\/#authorImage\",\"url\":\"https:\\\/\\\/secure.gravatar.com\\\/avatar\\\/784387c8ee70f0747950d2413aa515282183abc3726ddcd1d89e0d4fccc292b5?s=96&d=mm&r=g\",\"width\":96,\"height\":96,\"caption\":\"Delegaci\\u00f3n Galicia\"}},{\"@type\":\"WebPage\",\"@id\":\"https:\\\/\\\/galicia.ingenierosnavales.com\\\/index.php\\\/2026\\\/06\\\/02\\\/noticias-sobre-el-sector-naval-en-galicia-2-junio-2026\\\/#webpage\",\"url\":\"https:\\\/\\\/galicia.ingenierosnavales.com\\\/index.php\\\/2026\\\/06\\\/02\\\/noticias-sobre-el-sector-naval-en-galicia-2-junio-2026\\\/\",\"name\":\"Noticias sobre el sector naval en Galicia. 2\\\/junio\\\/2026 - Delegaci\\u00f3n del COIN en Galicia -\",\"description\":\"Martes 2 La Voz de Galicia La expedici\\u00f3n de Elcano que circund\\u00f3 la tierra desde A Coru\\u00f1a cumple 500 a\\u00f1os El presidente de Portos de Galicia Sustituye a Francisco Barea al frente de la Autoridad Portuaria de Ferrol-San Cibrao El Grupo Intaf, un imperio industrial que naci\\u00f3 en una forja entre yunques (exclusivo suscriptores) Adi\\u00f3s\",\"inLanguage\":\"es-ES\",\"isPartOf\":{\"@id\":\"https:\\\/\\\/galicia.ingenierosnavales.com\\\/#website\"},\"breadcrumb\":{\"@id\":\"https:\\\/\\\/galicia.ingenierosnavales.com\\\/index.php\\\/2026\\\/06\\\/02\\\/noticias-sobre-el-sector-naval-en-galicia-2-junio-2026\\\/#breadcrumblist\"},\"author\":{\"@id\":\"https:\\\/\\\/galicia.ingenierosnavales.com\\\/index.php\\\/author\\\/galicia\\\/#author\"},\"creator\":{\"@id\":\"https:\\\/\\\/galicia.ingenierosnavales.com\\\/index.php\\\/author\\\/galicia\\\/#author\"},\"image\":{\"@type\":\"ImageObject\",\"url\":\"https:\\\/\\\/galicia.ingenierosnavales.com\\\/wp-content\\\/uploads\\\/2023\\\/04\\\/Morning-news-1.png\",\"@id\":\"https:\\\/\\\/galicia.ingenierosnavales.com\\\/index.php\\\/2026\\\/06\\\/02\\\/noticias-sobre-el-sector-naval-en-galicia-2-junio-2026\\\/#mainImage\",\"width\":700,\"height\":700},\"primaryImageOfPage\":{\"@id\":\"https:\\\/\\\/galicia.ingenierosnavales.com\\\/index.php\\\/2026\\\/06\\\/02\\\/noticias-sobre-el-sector-naval-en-galicia-2-junio-2026\\\/#mainImage\"},\"datePublished\":\"2026-06-02T10:02:32+00:00\",\"dateModified\":\"2026-06-02T10:02:32+00:00\"},{\"@type\":\"WebSite\",\"@id\":\"https:\\\/\\\/galicia.ingenierosnavales.com\\\/#website\",\"url\":\"https:\\\/\\\/galicia.ingenierosnavales.com\\\/\",\"name\":\"Delegaci\\u00f3n del COIN en Galicia -\",\"inLanguage\":\"es-ES\",\"publisher\":{\"@id\":\"https:\\\/\\\/galicia.ingenierosnavales.com\\\/#organization\"}}]}\n\t\t<\/script>\n\t\t<!-- All in One SEO -->\n\n","aioseo_head_json":{"title":"Noticias sobre el sector naval en Galicia. 2\/junio\/2026 - Delegaci\u00f3n del COIN en Galicia -","description":"Martes 2 La Voz de Galicia La expedici\u00f3n de Elcano que circund\u00f3 la tierra desde A Coru\u00f1a cumple 500 a\u00f1os El presidente de Portos de Galicia Sustituye a Francisco Barea al frente de la Autoridad Portuaria de Ferrol-San Cibrao El Grupo Intaf, un imperio industrial que naci\u00f3 en una forja entre yunques (exclusivo suscriptores) Adi\u00f3s","canonical_url":"https:\/\/galicia.ingenierosnavales.com\/index.php\/2026\/06\/02\/noticias-sobre-el-sector-naval-en-galicia-2-junio-2026\/","robots":"max-image-preview:large","keywords":"","webmasterTools":{"google-site-verification":"7brmUOAwEmVOzDsnJ9q5QE6pLdw6wH0XiigUsr1GV5s","miscellaneous":""},"schema":{"@context":"https:\/\/schema.org","@graph":[{"@type":"BlogPosting","@id":"https:\/\/galicia.ingenierosnavales.com\/index.php\/2026\/06\/02\/noticias-sobre-el-sector-naval-en-galicia-2-junio-2026\/#blogposting","name":"Noticias sobre el sector naval en Galicia. 2\/junio\/2026 - Delegaci\u00f3n del COIN en Galicia -","headline":"Noticias sobre el sector naval en Galicia. 2\/junio\/2026","author":{"@id":"https:\/\/galicia.ingenierosnavales.com\/index.php\/author\/galicia\/#author"},"publisher":{"@id":"https:\/\/galicia.ingenierosnavales.com\/#organization"},"image":{"@type":"ImageObject","url":"https:\/\/galicia.ingenierosnavales.com\/wp-content\/uploads\/2023\/04\/Morning-news-1.png","width":700,"height":700},"datePublished":"2026-06-02T10:02:32+00:00","dateModified":"2026-06-02T10:02:32+00:00","inLanguage":"es-ES","mainEntityOfPage":{"@id":"https:\/\/galicia.ingenierosnavales.com\/index.php\/2026\/06\/02\/noticias-sobre-el-sector-naval-en-galicia-2-junio-2026\/#webpage"},"isPartOf":{"@id":"https:\/\/galicia.ingenierosnavales.com\/index.php\/2026\/06\/02\/noticias-sobre-el-sector-naval-en-galicia-2-junio-2026\/#webpage"},"articleSection":"Noticias, Ingenieros Navales Galicia, Noticias Galicia, sector naval en Galicia, Espa\u00f1ol"},{"@type":"BreadcrumbList","@id":"https:\/\/galicia.ingenierosnavales.com\/index.php\/2026\/06\/02\/noticias-sobre-el-sector-naval-en-galicia-2-junio-2026\/#breadcrumblist","itemListElement":[{"@type":"ListItem","@id":"https:\/\/galicia.ingenierosnavales.com#listItem","position":1,"name":"Home","item":"https:\/\/galicia.ingenierosnavales.com","nextItem":{"@type":"ListItem","@id":"https:\/\/galicia.ingenierosnavales.com\/index.php\/category\/noticias-gl-es\/#listItem","name":"Noticias"}},{"@type":"ListItem","@id":"https:\/\/galicia.ingenierosnavales.com\/index.php\/category\/noticias-gl-es\/#listItem","position":2,"name":"Noticias","item":"https:\/\/galicia.ingenierosnavales.com\/index.php\/category\/noticias-gl-es\/","nextItem":{"@type":"ListItem","@id":"https:\/\/galicia.ingenierosnavales.com\/index.php\/2026\/06\/02\/noticias-sobre-el-sector-naval-en-galicia-2-junio-2026\/#listItem","name":"Noticias sobre el sector naval en Galicia. 2\/junio\/2026"},"previousItem":{"@type":"ListItem","@id":"https:\/\/galicia.ingenierosnavales.com#listItem","name":"Home"}},{"@type":"ListItem","@id":"https:\/\/galicia.ingenierosnavales.com\/index.php\/2026\/06\/02\/noticias-sobre-el-sector-naval-en-galicia-2-junio-2026\/#listItem","position":3,"name":"Noticias sobre el sector naval en Galicia. 2\/junio\/2026","previousItem":{"@type":"ListItem","@id":"https:\/\/galicia.ingenierosnavales.com\/index.php\/category\/noticias-gl-es\/#listItem","name":"Noticias"}}]},{"@type":"Organization","@id":"https:\/\/galicia.ingenierosnavales.com\/#organization","name":"Delegaci\u00f3n del COIN en Galicia -","url":"https:\/\/galicia.ingenierosnavales.com\/","telephone":"+34604068370","logo":{"@type":"ImageObject","url":"https:\/\/galicia.ingenierosnavales.com\/wp-content\/uploads\/2019\/09\/logo_2-1.png","@id":"https:\/\/galicia.ingenierosnavales.com\/index.php\/2026\/06\/02\/noticias-sobre-el-sector-naval-en-galicia-2-junio-2026\/#organizationLogo","width":240,"height":94},"image":{"@id":"https:\/\/galicia.ingenierosnavales.com\/index.php\/2026\/06\/02\/noticias-sobre-el-sector-naval-en-galicia-2-junio-2026\/#organizationLogo"},"sameAs":["https:\/\/facebook.com\/Ingenieros Navales Galicia","https:\/\/x.com\/Ingenieros Navales Galicia","https:\/\/instagram.com\/Ingenieros Navales Galicia","https:\/\/tiktok.com\/@Ingenieros Navales Galicia","https:\/\/pinterest.com\/Ingenieros Navales Galicia","https:\/\/youtube.com\/Ingenieros Navales Galicia","https:\/\/linkedin.com\/in\/Ingenieros Navales Galicia"]},{"@type":"Person","@id":"https:\/\/galicia.ingenierosnavales.com\/index.php\/author\/galicia\/#author","url":"https:\/\/galicia.ingenierosnavales.com\/index.php\/author\/galicia\/","name":"Delegaci\u00f3n Galicia","image":{"@type":"ImageObject","@id":"https:\/\/galicia.ingenierosnavales.com\/index.php\/2026\/06\/02\/noticias-sobre-el-sector-naval-en-galicia-2-junio-2026\/#authorImage","url":"https:\/\/secure.gravatar.com\/avatar\/784387c8ee70f0747950d2413aa515282183abc3726ddcd1d89e0d4fccc292b5?s=96&d=mm&r=g","width":96,"height":96,"caption":"Delegaci\u00f3n Galicia"}},{"@type":"WebPage","@id":"https:\/\/galicia.ingenierosnavales.com\/index.php\/2026\/06\/02\/noticias-sobre-el-sector-naval-en-galicia-2-junio-2026\/#webpage","url":"https:\/\/galicia.ingenierosnavales.com\/index.php\/2026\/06\/02\/noticias-sobre-el-sector-naval-en-galicia-2-junio-2026\/","name":"Noticias sobre el sector naval en Galicia. 2\/junio\/2026 - Delegaci\u00f3n del COIN en Galicia -","description":"Martes 2 La Voz de Galicia La expedici\u00f3n de Elcano que circund\u00f3 la tierra desde A Coru\u00f1a cumple 500 a\u00f1os El presidente de Portos de Galicia Sustituye a Francisco Barea al frente de la Autoridad Portuaria de Ferrol-San Cibrao El Grupo Intaf, un imperio industrial que naci\u00f3 en una forja entre yunques (exclusivo suscriptores) Adi\u00f3s","inLanguage":"es-ES","isPartOf":{"@id":"https:\/\/galicia.ingenierosnavales.com\/#website"},"breadcrumb":{"@id":"https:\/\/galicia.ingenierosnavales.com\/index.php\/2026\/06\/02\/noticias-sobre-el-sector-naval-en-galicia-2-junio-2026\/#breadcrumblist"},"author":{"@id":"https:\/\/galicia.ingenierosnavales.com\/index.php\/author\/galicia\/#author"},"creator":{"@id":"https:\/\/galicia.ingenierosnavales.com\/index.php\/author\/galicia\/#author"},"image":{"@type":"ImageObject","url":"https:\/\/galicia.ingenierosnavales.com\/wp-content\/uploads\/2023\/04\/Morning-news-1.png","@id":"https:\/\/galicia.ingenierosnavales.com\/index.php\/2026\/06\/02\/noticias-sobre-el-sector-naval-en-galicia-2-junio-2026\/#mainImage","width":700,"height":700},"primaryImageOfPage":{"@id":"https:\/\/galicia.ingenierosnavales.com\/index.php\/2026\/06\/02\/noticias-sobre-el-sector-naval-en-galicia-2-junio-2026\/#mainImage"},"datePublished":"2026-06-02T10:02:32+00:00","dateModified":"2026-06-02T10:02:32+00:00"},{"@type":"WebSite","@id":"https:\/\/galicia.ingenierosnavales.com\/#website","url":"https:\/\/galicia.ingenierosnavales.com\/","name":"Delegaci\u00f3n del COIN en Galicia -","inLanguage":"es-ES","publisher":{"@id":"https:\/\/galicia.ingenierosnavales.com\/#organization"}}]},"og:locale":"es_ES","og:site_name":"Delegaci\u00f3n del COIN en Galicia -  -","og:type":"article","og:title":"Noticias sobre el sector naval en Galicia. 2\/junio\/2026 - Delegaci\u00f3n del COIN en Galicia -","og:description":"Martes 2 La Voz de Galicia La expedici\u00f3n de Elcano que circund\u00f3 la tierra desde A Coru\u00f1a cumple 500 a\u00f1os El presidente de Portos de Galicia Sustituye a Francisco Barea al frente de la Autoridad Portuaria de Ferrol-San Cibrao El Grupo Intaf, un imperio industrial que naci\u00f3 en una forja entre yunques (exclusivo suscriptores) Adi\u00f3s","og:url":"https:\/\/galicia.ingenierosnavales.com\/index.php\/2026\/06\/02\/noticias-sobre-el-sector-naval-en-galicia-2-junio-2026\/","og:image":"https:\/\/galicia.ingenierosnavales.com\/wp-content\/uploads\/2025\/03\/LOGO-GALICIA.png","og:image:secure_url":"https:\/\/galicia.ingenierosnavales.com\/wp-content\/uploads\/2025\/03\/LOGO-GALICIA.png","og:image:width":1050,"og:image:height":600,"article:published_time":"2026-06-02T10:02:32+00:00","article:modified_time":"2026-06-02T10:02:32+00:00","article:publisher":"https:\/\/facebook.com\/Ingenieros Navales Galicia","twitter:card":"summary_large_image","twitter:site":"@Ingenieros%20Navales%20Galicia","twitter:title":"Noticias sobre el sector naval en Galicia. 2\/junio\/2026 - Delegaci\u00f3n del COIN en Galicia -","twitter:description":"Martes 2 La Voz de Galicia La expedici\u00f3n de Elcano que circund\u00f3 la tierra desde A Coru\u00f1a cumple 500 a\u00f1os El presidente de Portos de Galicia Sustituye a Francisco Barea al frente de la Autoridad Portuaria de Ferrol-San Cibrao El Grupo Intaf, un imperio industrial que naci\u00f3 en una forja entre yunques (exclusivo suscriptores) Adi\u00f3s","twitter:creator":"@Ingenieros%20Navales%20Galicia","twitter:image":"https:\/\/galicia.ingenierosnavales.com\/wp-content\/uploads\/2025\/03\/LOGO-GALICIA.png"},"aioseo_meta_data":{"post_id":"10444","title":null,"description":null,"keywords":null,"keyphrases":{"focus":{"keyphrase":"","score":0,"analysis":{"keyphraseInTitle":{"score":0,"maxScore":9,"error":1}}},"additional":[]},"primary_term":null,"canonical_url":null,"og_title":null,"og_description":null,"og_object_type":"default","og_image_type":"default","og_image_url":null,"og_image_width":null,"og_image_height":null,"og_image_custom_url":null,"og_image_custom_fields":null,"og_video":"","og_custom_url":null,"og_article_section":null,"og_article_tags":null,"twitter_use_og":false,"twitter_card":"default","twitter_image_type":"default","twitter_image_url":null,"twitter_image_custom_url":null,"twitter_image_custom_fields":null,"twitter_title":null,"twitter_description":null,"schema":{"blockGraphs":[],"customGraphs":[],"default":{"data":{"Article":[],"Course":[],"Dataset":[],"FAQPage":[],"Movie":[],"Person":[],"Product":[],"ProductReview":[],"Car":[],"Recipe":[],"Service":[],"SoftwareApplication":[],"WebPage":[]},"graphName":"BlogPosting","isEnabled":true},"graphs":[]},"schema_type":"default","schema_type_options":null,"pillar_content":false,"robots_default":true,"robots_noindex":false,"robots_noarchive":false,"robots_nosnippet":false,"robots_nofollow":false,"robots_noimageindex":false,"robots_noodp":false,"robots_notranslate":false,"robots_max_snippet":"-1","robots_max_videopreview":"-1","robots_max_imagepreview":"large","priority":null,"frequency":"default","local_seo":null,"limit_modified_date":false,"created":"2026-06-02 10:02:32","updated":"2026-07-27 23:53:26","ai":null,"breadcrumb_settings":null,"seo_analyzer_scan_date":null,"focus_keyword":null,"additional_keywords":null,"truseo_locale":null},"aioseo_breadcrumb":"<div class=\"aioseo-breadcrumbs\"><span class=\"aioseo-breadcrumb\">\n\t\t\t<a href=\"https:\/\/galicia.ingenierosnavales.com\" title=\"Home\">Home<\/a>\n\t\t<\/span><span class=\"aioseo-breadcrumb-separator\">&raquo;<\/span><span class=\"aioseo-breadcrumb\">\n\t\t\t<a href=\"https:\/\/galicia.ingenierosnavales.com\/index.php\/category\/noticias-gl-es\/\" title=\"Noticias\">Noticias<\/a>\n\t\t<\/span><span class=\"aioseo-breadcrumb-separator\">&raquo;<\/span><span class=\"aioseo-breadcrumb\">\n\t\t\tNoticias sobre el sector naval en Galicia. 2\/junio\/2026\n\t\t<\/span><\/div>","aioseo_breadcrumb_json":[{"label":"Home","link":"https:\/\/galicia.ingenierosnavales.com"},{"label":"Noticias","link":"https:\/\/galicia.ingenierosnavales.com\/index.php\/category\/noticias-gl-es\/"},{"label":"Noticias sobre el sector naval en Galicia. 2\/junio\/2026","link":"https:\/\/galicia.ingenierosnavales.com\/index.php\/2026\/06\/02\/noticias-sobre-el-sector-naval-en-galicia-2-junio-2026\/"}],"_links":{"self":[{"href":"https:\/\/galicia.ingenierosnavales.com\/index.php\/wp-json\/wp\/v2\/posts\/10444","targetHints":{"allow":["GET"]}}],"collection":[{"href":"https:\/\/galicia.ingenierosnavales.com\/index.php\/wp-json\/wp\/v2\/posts"}],"about":[{"href":"https:\/\/galicia.ingenierosnavales.com\/index.php\/wp-json\/wp\/v2\/types\/post"}],"author":[{"embeddable":true,"href":"https:\/\/galicia.ingenierosnavales.com\/index.php\/wp-json\/wp\/v2\/users\/2"}],"replies":[{"embeddable":true,"href":"https:\/\/galicia.ingenierosnavales.com\/index.php\/wp-json\/wp\/v2\/comments?post=10444"}],"version-history":[{"count":1,"href":"https:\/\/galicia.ingenierosnavales.com\/index.php\/wp-json\/wp\/v2\/posts\/10444\/revisions"}],"predecessor-version":[{"id":10445,"href":"https:\/\/galicia.ingenierosnavales.com\/index.php\/wp-json\/wp\/v2\/posts\/10444\/revisions\/10445"}],"wp:featuredmedia":[{"embeddable":true,"href":"https:\/\/galicia.ingenierosnavales.com\/index.php\/wp-json\/wp\/v2\/media\/4886"}],"wp:attachment":[{"href":"https:\/\/galicia.ingenierosnavales.com\/index.php\/wp-json\/wp\/v2\/media?parent=10444"}],"wp:term":[{"taxonomy":"category","embeddable":true,"href":"https:\/\/galicia.ingenierosnavales.com\/index.php\/wp-json\/wp\/v2\/categories?post=10444"},{"taxonomy":"post_tag","embeddable":true,"href":"https:\/\/galicia.ingenierosnavales.com\/index.php\/wp-json\/wp\/v2\/tags?post=10444"}],"curies":[{"name":"wp","href":"https:\/\/api.w.org\/{rel}","templated":true}]}}