{"id":10417,"date":"2026-05-28T12:33:42","date_gmt":"2026-05-28T12:33:42","guid":{"rendered":"https:\/\/galicia.ingenierosnavales.com\/?p=10417"},"modified":"2026-05-28T12:37:19","modified_gmt":"2026-05-28T12:37:19","slug":"conferencia-los-buques-de-la-armada-y-su-influencia-en-la-independencia-de-los-estados-unidos","status":"publish","type":"post","link":"https:\/\/galicia.ingenierosnavales.com\/index.php\/2026\/05\/28\/conferencia-los-buques-de-la-armada-y-su-influencia-en-la-independencia-de-los-estados-unidos\/","title":{"rendered":"Conferencia  \u00abLos buques de la Armada y su influencia en la Independencia de los Estados Unidos\u00bb"},"content":{"rendered":"<p><img fetchpriority=\"high\" decoding=\"async\" class=\"aligncenter wp-image-10366 size-full\" src=\"https:\/\/galicia.ingenierosnavales.com\/wp-content\/uploads\/2026\/05\/LOS-BUQUES-DE-LA-ARMADA.jpeg\" alt=\"\" width=\"1000\" height=\"664\" srcset=\"https:\/\/galicia.ingenierosnavales.com\/wp-content\/uploads\/2026\/05\/LOS-BUQUES-DE-LA-ARMADA.jpeg 1000w, https:\/\/galicia.ingenierosnavales.com\/wp-content\/uploads\/2026\/05\/LOS-BUQUES-DE-LA-ARMADA-300x199.jpeg 300w, https:\/\/galicia.ingenierosnavales.com\/wp-content\/uploads\/2026\/05\/LOS-BUQUES-DE-LA-ARMADA-768x510.jpeg 768w\" sizes=\"(max-width: 1000px) 100vw, 1000px\" \/><\/p>\n<p><strong>El pasado 27 de mayo a las 19:00 h<\/strong>., la\u00a0<strong>Delegaci\u00f3n Territorial en Galicia de la Asociaci\u00f3n de Ingenieros Navales y Oce\u00e1nicos de Espa\u00f1a<\/strong>, organiz\u00f3 una conferencia impartida por el <strong>Dr. Ingeniero Naval D. Rodrigo P\u00e9rez Fern\u00e1ndez<\/strong>\u00a0sobre<strong><em>\u00a0\u00abLos buques de la Armada y su influencia en la Independencia de los Estados Unidos\u00bb<\/em><\/strong><em>.<\/em><\/p>\n<p>Esta conferencia ofreci\u00f3 una visi\u00f3n enriquecedora sobre el papel estrat\u00e9gico de la Armada espa\u00f1ola en el contexto del conflicto atl\u00e1ntico del siglo XVIII. Se puso de manifiesto c\u00f3mo el poder naval y la capacidad log\u00edstica de Espa\u00f1a resultaron determinantes para debilitar a Gran Breta\u00f1a y apoyar indirectamente la causa independentista norteamericana.<\/p>\n<p>Uno de los aspectos m\u00e1s interesantes de la conferencia fue el an\u00e1lisis de la creaci\u00f3n y desarrollo de los grandes arsenales de marina, aut\u00e9nticos centros industriales de la \u00e9poca. Especial atenci\u00f3n mereci\u00f3 la explicaci\u00f3n sobre los hornos de pez y otros elementos esenciales para el mantenimiento de los buques. La producci\u00f3n de brea y pez para el calafateado de las embarcaciones permiti\u00f3 garantizar la estanqueidad y resistencia de los nav\u00edos durante largas campa\u00f1as oce\u00e1nicas. Estos procesos, aparentemente secundarios, revelaron la enorme dimensi\u00f3n t\u00e9cnica y log\u00edstica que sostuvo el poder naval de la \u00e9poca.<\/p>\n<p>Todo ello contribuy\u00f3 a comprender que la Independencia de Estados Unidos no fue \u00fanicamente un conflicto terrestre o pol\u00edtico, sino tambi\u00e9n una guerra profundamente condicionada por el dominio del mar y la capacidad industrial de las potencias implicadas.<\/p>\n<p>En conjunto, se trat\u00f3 de una conferencia muy interesante, amena y de gran valor divulgativo, capaz de acercar al p\u00fablico aspectos poco conocidos de la historia naval espa\u00f1ola y de su influencia en un acontecimiento clave de la historia contempor\u00e1nea.<\/p>\n<p><strong>Dr Rodrigo P\u00e9rez Fern\u00e1ndez. <\/strong>Doctor Ingeniero Naval, Master of Business Administration (MBA), M\u00e1ster en Direcci\u00f3n de Sistemas de Informaci\u00f3n y Comunicaciones (MDSIC) y Diplomado en Altos Estudios de la Defensa.<\/p>\n<p>Actualmente es Software Engineering Senior Director en Siemens Digital Industries Software. Anteriormente ocup\u00f3 el cargo de Global Portfolio Development Director en la misma empresa, y durante m\u00e1s de 15 a\u00f1os fue responsable del \u00c1rea Naval Militar y Director de Proyectos en SENER.<\/p>\n<p>Compagina su actividad en la empresa privada con la Universidad, donde es Profesor en la Escuela T\u00e9cnica Superior de Ingenieros Navales (ETSIN) de la Universidad Polit\u00e9cnica de Madrid (UPM), coordinando diferentes materias desde 2013.<\/p>\n<p><strong><span style=\"color: #000080;\">GALER\u00cdA DE IM\u00c1GENES<\/span><\/strong><\/p>\n\n\t\t<style>\n\t\t\t#gallery-1 {\n\t\t\t\tmargin: auto;\n\t\t\t}\n\t\t\t#gallery-1 .gallery-item {\n\t\t\t\tfloat: left;\n\t\t\t\tmargin-top: 10px;\n\t\t\t\ttext-align: center;\n\t\t\t\twidth: 33%;\n\t\t\t}\n\t\t\t#gallery-1 img {\n\t\t\t\tborder: 2px solid #cfcfcf;\n\t\t\t}\n\t\t\t#gallery-1 .gallery-caption {\n\t\t\t\tmargin-left: 0;\n\t\t\t}\n\t\t\t\/* see gallery_shortcode() in wp-includes\/media.php *\/\n\t\t<\/style>\n\t\t<div id='gallery-1' class='gallery galleryid-10417 gallery-columns-3 gallery-size-full'><dl class='gallery-item'>\n\t\t\t<dt class='gallery-icon landscape'>\n\t\t\t\t<a href='https:\/\/galicia.ingenierosnavales.com\/index.php\/2026\/05\/28\/conferencia-los-buques-de-la-armada-y-su-influencia-en-la-independencia-de-los-estados-unidos\/conferencia_1\/'><img decoding=\"async\" width=\"1536\" height=\"1068\" src=\"https:\/\/galicia.ingenierosnavales.com\/wp-content\/uploads\/2026\/05\/Conferencia_1.jpeg\" class=\"attachment-full size-full no-lazy\" alt=\"\" srcset=\"https:\/\/galicia.ingenierosnavales.com\/wp-content\/uploads\/2026\/05\/Conferencia_1.jpeg 1536w, https:\/\/galicia.ingenierosnavales.com\/wp-content\/uploads\/2026\/05\/Conferencia_1-300x209.jpeg 300w, https:\/\/galicia.ingenierosnavales.com\/wp-content\/uploads\/2026\/05\/Conferencia_1-1024x712.jpeg 1024w, https:\/\/galicia.ingenierosnavales.com\/wp-content\/uploads\/2026\/05\/Conferencia_1-768x534.jpeg 768w\" sizes=\"(max-width: 1536px) 100vw, 1536px\" \/><\/a>\n\t\t\t<\/dt><\/dl><dl class='gallery-item'>\n\t\t\t<dt class='gallery-icon landscape'>\n\t\t\t\t<a href='https:\/\/galicia.ingenierosnavales.com\/index.php\/2026\/05\/28\/conferencia-los-buques-de-la-armada-y-su-influencia-en-la-independencia-de-los-estados-unidos\/conferencia_4\/'><img decoding=\"async\" width=\"1536\" height=\"1439\" src=\"https:\/\/galicia.ingenierosnavales.com\/wp-content\/uploads\/2026\/05\/Conferencia_4.jpeg\" class=\"attachment-full size-full no-lazy\" alt=\"\" srcset=\"https:\/\/galicia.ingenierosnavales.com\/wp-content\/uploads\/2026\/05\/Conferencia_4.jpeg 1536w, https:\/\/galicia.ingenierosnavales.com\/wp-content\/uploads\/2026\/05\/Conferencia_4-300x281.jpeg 300w, https:\/\/galicia.ingenierosnavales.com\/wp-content\/uploads\/2026\/05\/Conferencia_4-1024x959.jpeg 1024w, https:\/\/galicia.ingenierosnavales.com\/wp-content\/uploads\/2026\/05\/Conferencia_4-768x720.jpeg 768w\" sizes=\"(max-width: 1536px) 100vw, 1536px\" \/><\/a>\n\t\t\t<\/dt><\/dl><dl class='gallery-item'>\n\t\t\t<dt class='gallery-icon landscape'>\n\t\t\t\t<a href='https:\/\/galicia.ingenierosnavales.com\/index.php\/2026\/05\/28\/conferencia-los-buques-de-la-armada-y-su-influencia-en-la-independencia-de-los-estados-unidos\/conferencia_6\/'><img loading=\"lazy\" decoding=\"async\" width=\"1536\" height=\"825\" src=\"https:\/\/galicia.ingenierosnavales.com\/wp-content\/uploads\/2026\/05\/conferencia_6.jpeg\" class=\"attachment-full size-full no-lazy\" alt=\"\" srcset=\"https:\/\/galicia.ingenierosnavales.com\/wp-content\/uploads\/2026\/05\/conferencia_6.jpeg 1536w, https:\/\/galicia.ingenierosnavales.com\/wp-content\/uploads\/2026\/05\/conferencia_6-300x161.jpeg 300w, https:\/\/galicia.ingenierosnavales.com\/wp-content\/uploads\/2026\/05\/conferencia_6-1024x550.jpeg 1024w, https:\/\/galicia.ingenierosnavales.com\/wp-content\/uploads\/2026\/05\/conferencia_6-768x413.jpeg 768w\" sizes=\"(max-width: 1536px) 100vw, 1536px\" \/><\/a>\n\t\t\t<\/dt><\/dl><br style=\"clear: both\" \/><dl class='gallery-item'>\n\t\t\t<dt class='gallery-icon landscape'>\n\t\t\t\t<a href='https:\/\/galicia.ingenierosnavales.com\/index.php\/2026\/05\/28\/conferencia-los-buques-de-la-armada-y-su-influencia-en-la-independencia-de-los-estados-unidos\/conferencia_7\/'><img loading=\"lazy\" decoding=\"async\" width=\"2040\" height=\"1364\" src=\"https:\/\/galicia.ingenierosnavales.com\/wp-content\/uploads\/2026\/05\/conferencia_7.jpeg\" class=\"attachment-full size-full no-lazy\" alt=\"\" srcset=\"https:\/\/galicia.ingenierosnavales.com\/wp-content\/uploads\/2026\/05\/conferencia_7.jpeg 2040w, https:\/\/galicia.ingenierosnavales.com\/wp-content\/uploads\/2026\/05\/conferencia_7-300x201.jpeg 300w, https:\/\/galicia.ingenierosnavales.com\/wp-content\/uploads\/2026\/05\/conferencia_7-1024x685.jpeg 1024w, https:\/\/galicia.ingenierosnavales.com\/wp-content\/uploads\/2026\/05\/conferencia_7-768x514.jpeg 768w, https:\/\/galicia.ingenierosnavales.com\/wp-content\/uploads\/2026\/05\/conferencia_7-1536x1027.jpeg 1536w\" sizes=\"(max-width: 2040px) 100vw, 2040px\" \/><\/a>\n\t\t\t<\/dt><\/dl><dl class='gallery-item'>\n\t\t\t<dt class='gallery-icon landscape'>\n\t\t\t\t<a href='https:\/\/galicia.ingenierosnavales.com\/index.php\/2026\/05\/28\/conferencia-los-buques-de-la-armada-y-su-influencia-en-la-independencia-de-los-estados-unidos\/conferencia_8\/'><img loading=\"lazy\" decoding=\"async\" width=\"1536\" height=\"1067\" src=\"https:\/\/galicia.ingenierosnavales.com\/wp-content\/uploads\/2026\/05\/conferencia_8.jpeg\" class=\"attachment-full size-full no-lazy\" alt=\"\" srcset=\"https:\/\/galicia.ingenierosnavales.com\/wp-content\/uploads\/2026\/05\/conferencia_8.jpeg 1536w, https:\/\/galicia.ingenierosnavales.com\/wp-content\/uploads\/2026\/05\/conferencia_8-300x208.jpeg 300w, https:\/\/galicia.ingenierosnavales.com\/wp-content\/uploads\/2026\/05\/conferencia_8-1024x711.jpeg 1024w, https:\/\/galicia.ingenierosnavales.com\/wp-content\/uploads\/2026\/05\/conferencia_8-768x534.jpeg 768w\" sizes=\"(max-width: 1536px) 100vw, 1536px\" \/><\/a>\n\t\t\t<\/dt><\/dl><dl class='gallery-item'>\n\t\t\t<dt class='gallery-icon landscape'>\n\t\t\t\t<a href='https:\/\/galicia.ingenierosnavales.com\/index.php\/2026\/05\/28\/conferencia-los-buques-de-la-armada-y-su-influencia-en-la-independencia-de-los-estados-unidos\/conferencia_9\/'><img loading=\"lazy\" decoding=\"async\" width=\"1869\" height=\"1418\" src=\"https:\/\/galicia.ingenierosnavales.com\/wp-content\/uploads\/2026\/05\/conferencia_9.jpeg\" class=\"attachment-full size-full no-lazy\" alt=\"\" srcset=\"https:\/\/galicia.ingenierosnavales.com\/wp-content\/uploads\/2026\/05\/conferencia_9.jpeg 1869w, https:\/\/galicia.ingenierosnavales.com\/wp-content\/uploads\/2026\/05\/conferencia_9-300x228.jpeg 300w, https:\/\/galicia.ingenierosnavales.com\/wp-content\/uploads\/2026\/05\/conferencia_9-1024x777.jpeg 1024w, https:\/\/galicia.ingenierosnavales.com\/wp-content\/uploads\/2026\/05\/conferencia_9-768x583.jpeg 768w, https:\/\/galicia.ingenierosnavales.com\/wp-content\/uploads\/2026\/05\/conferencia_9-1536x1165.jpeg 1536w\" sizes=\"(max-width: 1869px) 100vw, 1869px\" \/><\/a>\n\t\t\t<\/dt><\/dl><br style=\"clear: both\" \/><dl class='gallery-item'>\n\t\t\t<dt class='gallery-icon landscape'>\n\t\t\t\t<a href='https:\/\/galicia.ingenierosnavales.com\/index.php\/2026\/05\/28\/conferencia-los-buques-de-la-armada-y-su-influencia-en-la-independencia-de-los-estados-unidos\/conferencia_10\/'><img loading=\"lazy\" decoding=\"async\" width=\"2040\" height=\"832\" src=\"https:\/\/galicia.ingenierosnavales.com\/wp-content\/uploads\/2026\/05\/Conferencia_10.jpeg\" class=\"attachment-full size-full no-lazy\" alt=\"\" srcset=\"https:\/\/galicia.ingenierosnavales.com\/wp-content\/uploads\/2026\/05\/Conferencia_10.jpeg 2040w, https:\/\/galicia.ingenierosnavales.com\/wp-content\/uploads\/2026\/05\/Conferencia_10-300x122.jpeg 300w, https:\/\/galicia.ingenierosnavales.com\/wp-content\/uploads\/2026\/05\/Conferencia_10-1024x418.jpeg 1024w, https:\/\/galicia.ingenierosnavales.com\/wp-content\/uploads\/2026\/05\/Conferencia_10-768x313.jpeg 768w, https:\/\/galicia.ingenierosnavales.com\/wp-content\/uploads\/2026\/05\/Conferencia_10-1536x626.jpeg 1536w\" sizes=\"(max-width: 2040px) 100vw, 2040px\" \/><\/a>\n\t\t\t<\/dt><\/dl><dl class='gallery-item'>\n\t\t\t<dt class='gallery-icon landscape'>\n\t\t\t\t<a href='https:\/\/galicia.ingenierosnavales.com\/index.php\/2026\/05\/28\/conferencia-los-buques-de-la-armada-y-su-influencia-en-la-independencia-de-los-estados-unidos\/conferencia_15\/'><img loading=\"lazy\" decoding=\"async\" width=\"2040\" height=\"1147\" src=\"https:\/\/galicia.ingenierosnavales.com\/wp-content\/uploads\/2026\/05\/conferencia_15.jpeg\" class=\"attachment-full size-full no-lazy\" alt=\"\" srcset=\"https:\/\/galicia.ingenierosnavales.com\/wp-content\/uploads\/2026\/05\/conferencia_15.jpeg 2040w, https:\/\/galicia.ingenierosnavales.com\/wp-content\/uploads\/2026\/05\/conferencia_15-300x169.jpeg 300w, https:\/\/galicia.ingenierosnavales.com\/wp-content\/uploads\/2026\/05\/conferencia_15-1024x576.jpeg 1024w, https:\/\/galicia.ingenierosnavales.com\/wp-content\/uploads\/2026\/05\/conferencia_15-768x432.jpeg 768w, https:\/\/galicia.ingenierosnavales.com\/wp-content\/uploads\/2026\/05\/conferencia_15-1536x864.jpeg 1536w\" sizes=\"(max-width: 2040px) 100vw, 2040px\" \/><\/a>\n\t\t\t<\/dt><\/dl><dl class='gallery-item'>\n\t\t\t<dt class='gallery-icon portrait'>\n\t\t\t\t<a href='https:\/\/galicia.ingenierosnavales.com\/index.php\/2026\/05\/28\/conferencia-los-buques-de-la-armada-y-su-influencia-en-la-independencia-de-los-estados-unidos\/conferencia_16\/'><img loading=\"lazy\" decoding=\"async\" width=\"1536\" height=\"1620\" src=\"https:\/\/galicia.ingenierosnavales.com\/wp-content\/uploads\/2026\/05\/conferencia_16.jpeg\" class=\"attachment-full size-full no-lazy\" alt=\"\" srcset=\"https:\/\/galicia.ingenierosnavales.com\/wp-content\/uploads\/2026\/05\/conferencia_16.jpeg 1536w, https:\/\/galicia.ingenierosnavales.com\/wp-content\/uploads\/2026\/05\/conferencia_16-284x300.jpeg 284w, https:\/\/galicia.ingenierosnavales.com\/wp-content\/uploads\/2026\/05\/conferencia_16-971x1024.jpeg 971w, https:\/\/galicia.ingenierosnavales.com\/wp-content\/uploads\/2026\/05\/conferencia_16-768x810.jpeg 768w, https:\/\/galicia.ingenierosnavales.com\/wp-content\/uploads\/2026\/05\/conferencia_16-1456x1536.jpeg 1456w\" sizes=\"(max-width: 1536px) 100vw, 1536px\" \/><\/a>\n\t\t\t<\/dt><\/dl><br style=\"clear: both\" \/>\n\t\t<\/div>\n\n","protected":false},"excerpt":{"rendered":"<p>El pasado 27 de mayo a las 19:00 h., la\u00a0Delegaci\u00f3n Territorial en Galicia de la Asociaci\u00f3n de Ingenieros Navales y Oce\u00e1nicos de Espa\u00f1a, organiz\u00f3 una conferencia impartida por el Dr. Ingeniero Naval D. Rodrigo&#46;&#46;&#46;<\/p>\n","protected":false},"author":2,"featured_media":10427,"comment_status":"open","ping_status":"closed","sticky":false,"template":"","format":"standard","meta":{"om_disable_all_campaigns":false,"_monsterinsights_skip_tracking":false,"footnotes":""},"categories":[1],"tags":[75,41,49,47],"class_list":["post-10417","post","type-post","status-publish","format-standard","has-post-thumbnail","hentry","category-eventos","tag-actividades-galicia-es","tag-formacion","tag-ingenieros-navales-galicia","tag-sector-naval-en-galicia"],"aioseo_notices":[],"aioseo_head":"\n\t\t<!-- All in One SEO 5.0.1.1 - aioseo.com -->\n\t<meta name=\"description\" content=\"El pasado 27 de mayo a las 19:00 h., la Delegaci\u00f3n Territorial en Galicia de la Asociaci\u00f3n de Ingenieros Navales y Oce\u00e1nicos de Espa\u00f1a, organiz\u00f3 una conferencia impartida por el Dr. Ingeniero Naval D. Rodrigo P\u00e9rez Fern\u00e1ndez sobre \u00abLos buques de la Armada y su influencia en la Independencia de los Estados Unidos\u00bb. Esta conferencia ofreci\u00f3 una visi\u00f3n\" \/>\n\t<meta name=\"robots\" content=\"max-image-preview:large\" \/>\n\t<meta name=\"author\" content=\"Delegaci\u00f3n Galicia\"\/>\n\t<meta name=\"google-site-verification\" content=\"7brmUOAwEmVOzDsnJ9q5QE6pLdw6wH0XiigUsr1GV5s\" \/>\n\t<link rel=\"canonical\" href=\"https:\/\/galicia.ingenierosnavales.com\/index.php\/2026\/05\/28\/conferencia-los-buques-de-la-armada-y-su-influencia-en-la-independencia-de-los-estados-unidos\/\" \/>\n\t<meta name=\"generator\" content=\"All in One SEO (AIOSEO) 5.0.1.1\" \/>\n\t\t<meta property=\"og:locale\" content=\"es_ES\" \/>\n\t\t<meta property=\"og:site_name\" content=\"Delegaci\u00f3n del COIN en Galicia -  -\" \/>\n\t\t<meta property=\"og:type\" content=\"article\" \/>\n\t\t<meta property=\"og:title\" content=\"Conferencia \u00abLos buques de la Armada y su influencia en la Independencia de los Estados Unidos\u00bb - Delegaci\u00f3n del COIN en Galicia -\" \/>\n\t\t<meta property=\"og:description\" content=\"El pasado 27 de mayo a las 19:00 h., la Delegaci\u00f3n Territorial en Galicia de la Asociaci\u00f3n de Ingenieros Navales y Oce\u00e1nicos de Espa\u00f1a, organiz\u00f3 una conferencia impartida por el Dr. Ingeniero Naval D. Rodrigo P\u00e9rez Fern\u00e1ndez sobre \u00abLos buques de la Armada y su influencia en la Independencia de los Estados Unidos\u00bb. Esta conferencia ofreci\u00f3 una visi\u00f3n\" \/>\n\t\t<meta property=\"og:url\" content=\"https:\/\/galicia.ingenierosnavales.com\/index.php\/2026\/05\/28\/conferencia-los-buques-de-la-armada-y-su-influencia-en-la-independencia-de-los-estados-unidos\/\" \/>\n\t\t<meta property=\"og:image\" content=\"https:\/\/galicia.ingenierosnavales.com\/wp-content\/uploads\/2025\/03\/LOGO-GALICIA.png\" \/>\n\t\t<meta property=\"og:image:secure_url\" content=\"https:\/\/galicia.ingenierosnavales.com\/wp-content\/uploads\/2025\/03\/LOGO-GALICIA.png\" \/>\n\t\t<meta property=\"og:image:width\" content=\"1050\" \/>\n\t\t<meta property=\"og:image:height\" content=\"600\" \/>\n\t\t<meta property=\"article:published_time\" content=\"2026-05-28T12:33:42+00:00\" \/>\n\t\t<meta property=\"article:modified_time\" content=\"2026-05-28T12:37:19+00:00\" \/>\n\t\t<meta property=\"article:publisher\" content=\"https:\/\/facebook.com\/Ingenieros Navales Galicia\" \/>\n\t\t<meta name=\"twitter:card\" content=\"summary_large_image\" \/>\n\t\t<meta name=\"twitter:site\" content=\"@Ingenieros%20Navales%20Galicia\" \/>\n\t\t<meta name=\"twitter:title\" content=\"Conferencia \u00abLos buques de la Armada y su influencia en la Independencia de los Estados Unidos\u00bb - Delegaci\u00f3n del COIN en Galicia -\" \/>\n\t\t<meta name=\"twitter:description\" content=\"El pasado 27 de mayo a las 19:00 h., la Delegaci\u00f3n Territorial en Galicia de la Asociaci\u00f3n de Ingenieros Navales y Oce\u00e1nicos de Espa\u00f1a, organiz\u00f3 una conferencia impartida por el Dr. Ingeniero Naval D. Rodrigo P\u00e9rez Fern\u00e1ndez sobre \u00abLos buques de la Armada y su influencia en la Independencia de los Estados Unidos\u00bb. Esta conferencia ofreci\u00f3 una visi\u00f3n\" \/>\n\t\t<meta name=\"twitter:creator\" content=\"@Ingenieros%20Navales%20Galicia\" \/>\n\t\t<meta name=\"twitter:image\" content=\"https:\/\/galicia.ingenierosnavales.com\/wp-content\/uploads\/2025\/03\/LOGO-GALICIA.png\" \/>\n\t\t<script type=\"application\/ld+json\" class=\"aioseo-schema\">\n\t\t\t{\"@context\":\"https:\\\/\\\/schema.org\",\"@graph\":[{\"@type\":\"BlogPosting\",\"@id\":\"https:\\\/\\\/galicia.ingenierosnavales.com\\\/index.php\\\/2026\\\/05\\\/28\\\/conferencia-los-buques-de-la-armada-y-su-influencia-en-la-independencia-de-los-estados-unidos\\\/#blogposting\",\"name\":\"Conferencia \\u00abLos buques de la Armada y su influencia en la Independencia de los Estados Unidos\\u00bb - Delegaci\\u00f3n del COIN en Galicia -\",\"headline\":\"Conferencia  \\u00abLos buques de la Armada y su influencia en la Independencia de los Estados Unidos\\u00bb\",\"author\":{\"@id\":\"https:\\\/\\\/galicia.ingenierosnavales.com\\\/index.php\\\/author\\\/galicia\\\/#author\"},\"publisher\":{\"@id\":\"https:\\\/\\\/galicia.ingenierosnavales.com\\\/#organization\"},\"image\":{\"@type\":\"ImageObject\",\"url\":\"https:\\\/\\\/galicia.ingenierosnavales.com\\\/wp-content\\\/uploads\\\/2026\\\/05\\\/conferencia_16.jpeg\",\"width\":1536,\"height\":1620},\"datePublished\":\"2026-05-28T12:33:42+00:00\",\"dateModified\":\"2026-05-28T12:37:19+00:00\",\"inLanguage\":\"es-ES\",\"mainEntityOfPage\":{\"@id\":\"https:\\\/\\\/galicia.ingenierosnavales.com\\\/index.php\\\/2026\\\/05\\\/28\\\/conferencia-los-buques-de-la-armada-y-su-influencia-en-la-independencia-de-los-estados-unidos\\\/#webpage\"},\"isPartOf\":{\"@id\":\"https:\\\/\\\/galicia.ingenierosnavales.com\\\/index.php\\\/2026\\\/05\\\/28\\\/conferencia-los-buques-de-la-armada-y-su-influencia-en-la-independencia-de-los-estados-unidos\\\/#webpage\"},\"articleSection\":\"Eventos, actividades Galicia, formaci\\u00f3n, Ingenieros Navales Galicia, sector naval en Galicia, Espa\\u00f1ol\"},{\"@type\":\"BreadcrumbList\",\"@id\":\"https:\\\/\\\/galicia.ingenierosnavales.com\\\/index.php\\\/2026\\\/05\\\/28\\\/conferencia-los-buques-de-la-armada-y-su-influencia-en-la-independencia-de-los-estados-unidos\\\/#breadcrumblist\",\"itemListElement\":[{\"@type\":\"ListItem\",\"@id\":\"https:\\\/\\\/galicia.ingenierosnavales.com#listItem\",\"position\":1,\"name\":\"Home\",\"item\":\"https:\\\/\\\/galicia.ingenierosnavales.com\",\"nextItem\":{\"@type\":\"ListItem\",\"@id\":\"https:\\\/\\\/galicia.ingenierosnavales.com\\\/index.php\\\/category\\\/eventos\\\/#listItem\",\"name\":\"Eventos\"}},{\"@type\":\"ListItem\",\"@id\":\"https:\\\/\\\/galicia.ingenierosnavales.com\\\/index.php\\\/category\\\/eventos\\\/#listItem\",\"position\":2,\"name\":\"Eventos\",\"item\":\"https:\\\/\\\/galicia.ingenierosnavales.com\\\/index.php\\\/category\\\/eventos\\\/\",\"nextItem\":{\"@type\":\"ListItem\",\"@id\":\"https:\\\/\\\/galicia.ingenierosnavales.com\\\/index.php\\\/2026\\\/05\\\/28\\\/conferencia-los-buques-de-la-armada-y-su-influencia-en-la-independencia-de-los-estados-unidos\\\/#listItem\",\"name\":\"Conferencia  \\u00abLos buques de la Armada y su influencia en la Independencia de los Estados Unidos\\u00bb\"},\"previousItem\":{\"@type\":\"ListItem\",\"@id\":\"https:\\\/\\\/galicia.ingenierosnavales.com#listItem\",\"name\":\"Home\"}},{\"@type\":\"ListItem\",\"@id\":\"https:\\\/\\\/galicia.ingenierosnavales.com\\\/index.php\\\/2026\\\/05\\\/28\\\/conferencia-los-buques-de-la-armada-y-su-influencia-en-la-independencia-de-los-estados-unidos\\\/#listItem\",\"position\":3,\"name\":\"Conferencia  \\u00abLos buques de la Armada y su influencia en la Independencia de los Estados Unidos\\u00bb\",\"previousItem\":{\"@type\":\"ListItem\",\"@id\":\"https:\\\/\\\/galicia.ingenierosnavales.com\\\/index.php\\\/category\\\/eventos\\\/#listItem\",\"name\":\"Eventos\"}}]},{\"@type\":\"Organization\",\"@id\":\"https:\\\/\\\/galicia.ingenierosnavales.com\\\/#organization\",\"name\":\"Delegaci\\u00f3n del COIN en Galicia -\",\"url\":\"https:\\\/\\\/galicia.ingenierosnavales.com\\\/\",\"telephone\":\"+34604068370\",\"logo\":{\"@type\":\"ImageObject\",\"url\":\"https:\\\/\\\/galicia.ingenierosnavales.com\\\/wp-content\\\/uploads\\\/2019\\\/09\\\/logo_2-1.png\",\"@id\":\"https:\\\/\\\/galicia.ingenierosnavales.com\\\/index.php\\\/2026\\\/05\\\/28\\\/conferencia-los-buques-de-la-armada-y-su-influencia-en-la-independencia-de-los-estados-unidos\\\/#organizationLogo\",\"width\":240,\"height\":94},\"image\":{\"@id\":\"https:\\\/\\\/galicia.ingenierosnavales.com\\\/index.php\\\/2026\\\/05\\\/28\\\/conferencia-los-buques-de-la-armada-y-su-influencia-en-la-independencia-de-los-estados-unidos\\\/#organizationLogo\"},\"sameAs\":[\"https:\\\/\\\/facebook.com\\\/Ingenieros Navales Galicia\",\"https:\\\/\\\/x.com\\\/Ingenieros Navales Galicia\",\"https:\\\/\\\/instagram.com\\\/Ingenieros Navales Galicia\",\"https:\\\/\\\/tiktok.com\\\/@Ingenieros Navales Galicia\",\"https:\\\/\\\/pinterest.com\\\/Ingenieros Navales Galicia\",\"https:\\\/\\\/youtube.com\\\/Ingenieros Navales Galicia\",\"https:\\\/\\\/linkedin.com\\\/in\\\/Ingenieros Navales Galicia\"]},{\"@type\":\"Person\",\"@id\":\"https:\\\/\\\/galicia.ingenierosnavales.com\\\/index.php\\\/author\\\/galicia\\\/#author\",\"url\":\"https:\\\/\\\/galicia.ingenierosnavales.com\\\/index.php\\\/author\\\/galicia\\\/\",\"name\":\"Delegaci\\u00f3n Galicia\",\"image\":{\"@type\":\"ImageObject\",\"@id\":\"https:\\\/\\\/galicia.ingenierosnavales.com\\\/index.php\\\/2026\\\/05\\\/28\\\/conferencia-los-buques-de-la-armada-y-su-influencia-en-la-independencia-de-los-estados-unidos\\\/#authorImage\",\"url\":\"https:\\\/\\\/secure.gravatar.com\\\/avatar\\\/784387c8ee70f0747950d2413aa515282183abc3726ddcd1d89e0d4fccc292b5?s=96&d=mm&r=g\",\"width\":96,\"height\":96,\"caption\":\"Delegaci\\u00f3n Galicia\"}},{\"@type\":\"WebPage\",\"@id\":\"https:\\\/\\\/galicia.ingenierosnavales.com\\\/index.php\\\/2026\\\/05\\\/28\\\/conferencia-los-buques-de-la-armada-y-su-influencia-en-la-independencia-de-los-estados-unidos\\\/#webpage\",\"url\":\"https:\\\/\\\/galicia.ingenierosnavales.com\\\/index.php\\\/2026\\\/05\\\/28\\\/conferencia-los-buques-de-la-armada-y-su-influencia-en-la-independencia-de-los-estados-unidos\\\/\",\"name\":\"Conferencia \\u00abLos buques de la Armada y su influencia en la Independencia de los Estados Unidos\\u00bb - Delegaci\\u00f3n del COIN en Galicia -\",\"description\":\"El pasado 27 de mayo a las 19:00 h., la Delegaci\\u00f3n Territorial en Galicia de la Asociaci\\u00f3n de Ingenieros Navales y Oce\\u00e1nicos de Espa\\u00f1a, organiz\\u00f3 una conferencia impartida por el Dr. Ingeniero Naval D. Rodrigo P\\u00e9rez Fern\\u00e1ndez sobre \\u00abLos buques de la Armada y su influencia en la Independencia de los Estados Unidos\\u00bb. Esta conferencia ofreci\\u00f3 una visi\\u00f3n\",\"inLanguage\":\"es-ES\",\"isPartOf\":{\"@id\":\"https:\\\/\\\/galicia.ingenierosnavales.com\\\/#website\"},\"breadcrumb\":{\"@id\":\"https:\\\/\\\/galicia.ingenierosnavales.com\\\/index.php\\\/2026\\\/05\\\/28\\\/conferencia-los-buques-de-la-armada-y-su-influencia-en-la-independencia-de-los-estados-unidos\\\/#breadcrumblist\"},\"author\":{\"@id\":\"https:\\\/\\\/galicia.ingenierosnavales.com\\\/index.php\\\/author\\\/galicia\\\/#author\"},\"creator\":{\"@id\":\"https:\\\/\\\/galicia.ingenierosnavales.com\\\/index.php\\\/author\\\/galicia\\\/#author\"},\"image\":{\"@type\":\"ImageObject\",\"url\":\"https:\\\/\\\/galicia.ingenierosnavales.com\\\/wp-content\\\/uploads\\\/2026\\\/05\\\/conferencia_16.jpeg\",\"@id\":\"https:\\\/\\\/galicia.ingenierosnavales.com\\\/index.php\\\/2026\\\/05\\\/28\\\/conferencia-los-buques-de-la-armada-y-su-influencia-en-la-independencia-de-los-estados-unidos\\\/#mainImage\",\"width\":1536,\"height\":1620},\"primaryImageOfPage\":{\"@id\":\"https:\\\/\\\/galicia.ingenierosnavales.com\\\/index.php\\\/2026\\\/05\\\/28\\\/conferencia-los-buques-de-la-armada-y-su-influencia-en-la-independencia-de-los-estados-unidos\\\/#mainImage\"},\"datePublished\":\"2026-05-28T12:33:42+00:00\",\"dateModified\":\"2026-05-28T12:37:19+00:00\"},{\"@type\":\"WebSite\",\"@id\":\"https:\\\/\\\/galicia.ingenierosnavales.com\\\/#website\",\"url\":\"https:\\\/\\\/galicia.ingenierosnavales.com\\\/\",\"name\":\"Delegaci\\u00f3n del COIN en Galicia -\",\"inLanguage\":\"es-ES\",\"publisher\":{\"@id\":\"https:\\\/\\\/galicia.ingenierosnavales.com\\\/#organization\"}}]}\n\t\t<\/script>\n\t\t<!-- All in One SEO -->\n\n","aioseo_head_json":{"title":"Conferencia \u00abLos buques de la Armada y su influencia en la Independencia de los Estados Unidos\u00bb - Delegaci\u00f3n del COIN en Galicia -","description":"El pasado 27 de mayo a las 19:00 h., la Delegaci\u00f3n Territorial en Galicia de la Asociaci\u00f3n de Ingenieros Navales y Oce\u00e1nicos de Espa\u00f1a, organiz\u00f3 una conferencia impartida por el Dr. Ingeniero Naval D. Rodrigo P\u00e9rez Fern\u00e1ndez sobre \u00abLos buques de la Armada y su influencia en la Independencia de los Estados Unidos\u00bb. Esta conferencia ofreci\u00f3 una visi\u00f3n","canonical_url":"https:\/\/galicia.ingenierosnavales.com\/index.php\/2026\/05\/28\/conferencia-los-buques-de-la-armada-y-su-influencia-en-la-independencia-de-los-estados-unidos\/","robots":"max-image-preview:large","keywords":"","webmasterTools":{"google-site-verification":"7brmUOAwEmVOzDsnJ9q5QE6pLdw6wH0XiigUsr1GV5s","miscellaneous":""},"schema":{"@context":"https:\/\/schema.org","@graph":[{"@type":"BlogPosting","@id":"https:\/\/galicia.ingenierosnavales.com\/index.php\/2026\/05\/28\/conferencia-los-buques-de-la-armada-y-su-influencia-en-la-independencia-de-los-estados-unidos\/#blogposting","name":"Conferencia \u00abLos buques de la Armada y su influencia en la Independencia de los Estados Unidos\u00bb - Delegaci\u00f3n del COIN en Galicia -","headline":"Conferencia  \u00abLos buques de la Armada y su influencia en la Independencia de los Estados Unidos\u00bb","author":{"@id":"https:\/\/galicia.ingenierosnavales.com\/index.php\/author\/galicia\/#author"},"publisher":{"@id":"https:\/\/galicia.ingenierosnavales.com\/#organization"},"image":{"@type":"ImageObject","url":"https:\/\/galicia.ingenierosnavales.com\/wp-content\/uploads\/2026\/05\/conferencia_16.jpeg","width":1536,"height":1620},"datePublished":"2026-05-28T12:33:42+00:00","dateModified":"2026-05-28T12:37:19+00:00","inLanguage":"es-ES","mainEntityOfPage":{"@id":"https:\/\/galicia.ingenierosnavales.com\/index.php\/2026\/05\/28\/conferencia-los-buques-de-la-armada-y-su-influencia-en-la-independencia-de-los-estados-unidos\/#webpage"},"isPartOf":{"@id":"https:\/\/galicia.ingenierosnavales.com\/index.php\/2026\/05\/28\/conferencia-los-buques-de-la-armada-y-su-influencia-en-la-independencia-de-los-estados-unidos\/#webpage"},"articleSection":"Eventos, actividades Galicia, formaci\u00f3n, Ingenieros Navales Galicia, sector naval en Galicia, Espa\u00f1ol"},{"@type":"BreadcrumbList","@id":"https:\/\/galicia.ingenierosnavales.com\/index.php\/2026\/05\/28\/conferencia-los-buques-de-la-armada-y-su-influencia-en-la-independencia-de-los-estados-unidos\/#breadcrumblist","itemListElement":[{"@type":"ListItem","@id":"https:\/\/galicia.ingenierosnavales.com#listItem","position":1,"name":"Home","item":"https:\/\/galicia.ingenierosnavales.com","nextItem":{"@type":"ListItem","@id":"https:\/\/galicia.ingenierosnavales.com\/index.php\/category\/eventos\/#listItem","name":"Eventos"}},{"@type":"ListItem","@id":"https:\/\/galicia.ingenierosnavales.com\/index.php\/category\/eventos\/#listItem","position":2,"name":"Eventos","item":"https:\/\/galicia.ingenierosnavales.com\/index.php\/category\/eventos\/","nextItem":{"@type":"ListItem","@id":"https:\/\/galicia.ingenierosnavales.com\/index.php\/2026\/05\/28\/conferencia-los-buques-de-la-armada-y-su-influencia-en-la-independencia-de-los-estados-unidos\/#listItem","name":"Conferencia  \u00abLos buques de la Armada y su influencia en la Independencia de los Estados Unidos\u00bb"},"previousItem":{"@type":"ListItem","@id":"https:\/\/galicia.ingenierosnavales.com#listItem","name":"Home"}},{"@type":"ListItem","@id":"https:\/\/galicia.ingenierosnavales.com\/index.php\/2026\/05\/28\/conferencia-los-buques-de-la-armada-y-su-influencia-en-la-independencia-de-los-estados-unidos\/#listItem","position":3,"name":"Conferencia  \u00abLos buques de la Armada y su influencia en la Independencia de los Estados Unidos\u00bb","previousItem":{"@type":"ListItem","@id":"https:\/\/galicia.ingenierosnavales.com\/index.php\/category\/eventos\/#listItem","name":"Eventos"}}]},{"@type":"Organization","@id":"https:\/\/galicia.ingenierosnavales.com\/#organization","name":"Delegaci\u00f3n del COIN en Galicia -","url":"https:\/\/galicia.ingenierosnavales.com\/","telephone":"+34604068370","logo":{"@type":"ImageObject","url":"https:\/\/galicia.ingenierosnavales.com\/wp-content\/uploads\/2019\/09\/logo_2-1.png","@id":"https:\/\/galicia.ingenierosnavales.com\/index.php\/2026\/05\/28\/conferencia-los-buques-de-la-armada-y-su-influencia-en-la-independencia-de-los-estados-unidos\/#organizationLogo","width":240,"height":94},"image":{"@id":"https:\/\/galicia.ingenierosnavales.com\/index.php\/2026\/05\/28\/conferencia-los-buques-de-la-armada-y-su-influencia-en-la-independencia-de-los-estados-unidos\/#organizationLogo"},"sameAs":["https:\/\/facebook.com\/Ingenieros Navales Galicia","https:\/\/x.com\/Ingenieros Navales Galicia","https:\/\/instagram.com\/Ingenieros Navales Galicia","https:\/\/tiktok.com\/@Ingenieros Navales Galicia","https:\/\/pinterest.com\/Ingenieros Navales Galicia","https:\/\/youtube.com\/Ingenieros Navales Galicia","https:\/\/linkedin.com\/in\/Ingenieros Navales Galicia"]},{"@type":"Person","@id":"https:\/\/galicia.ingenierosnavales.com\/index.php\/author\/galicia\/#author","url":"https:\/\/galicia.ingenierosnavales.com\/index.php\/author\/galicia\/","name":"Delegaci\u00f3n Galicia","image":{"@type":"ImageObject","@id":"https:\/\/galicia.ingenierosnavales.com\/index.php\/2026\/05\/28\/conferencia-los-buques-de-la-armada-y-su-influencia-en-la-independencia-de-los-estados-unidos\/#authorImage","url":"https:\/\/secure.gravatar.com\/avatar\/784387c8ee70f0747950d2413aa515282183abc3726ddcd1d89e0d4fccc292b5?s=96&d=mm&r=g","width":96,"height":96,"caption":"Delegaci\u00f3n Galicia"}},{"@type":"WebPage","@id":"https:\/\/galicia.ingenierosnavales.com\/index.php\/2026\/05\/28\/conferencia-los-buques-de-la-armada-y-su-influencia-en-la-independencia-de-los-estados-unidos\/#webpage","url":"https:\/\/galicia.ingenierosnavales.com\/index.php\/2026\/05\/28\/conferencia-los-buques-de-la-armada-y-su-influencia-en-la-independencia-de-los-estados-unidos\/","name":"Conferencia \u00abLos buques de la Armada y su influencia en la Independencia de los Estados Unidos\u00bb - Delegaci\u00f3n del COIN en Galicia -","description":"El pasado 27 de mayo a las 19:00 h., la Delegaci\u00f3n Territorial en Galicia de la Asociaci\u00f3n de Ingenieros Navales y Oce\u00e1nicos de Espa\u00f1a, organiz\u00f3 una conferencia impartida por el Dr. Ingeniero Naval D. Rodrigo P\u00e9rez Fern\u00e1ndez sobre \u00abLos buques de la Armada y su influencia en la Independencia de los Estados Unidos\u00bb. Esta conferencia ofreci\u00f3 una visi\u00f3n","inLanguage":"es-ES","isPartOf":{"@id":"https:\/\/galicia.ingenierosnavales.com\/#website"},"breadcrumb":{"@id":"https:\/\/galicia.ingenierosnavales.com\/index.php\/2026\/05\/28\/conferencia-los-buques-de-la-armada-y-su-influencia-en-la-independencia-de-los-estados-unidos\/#breadcrumblist"},"author":{"@id":"https:\/\/galicia.ingenierosnavales.com\/index.php\/author\/galicia\/#author"},"creator":{"@id":"https:\/\/galicia.ingenierosnavales.com\/index.php\/author\/galicia\/#author"},"image":{"@type":"ImageObject","url":"https:\/\/galicia.ingenierosnavales.com\/wp-content\/uploads\/2026\/05\/conferencia_16.jpeg","@id":"https:\/\/galicia.ingenierosnavales.com\/index.php\/2026\/05\/28\/conferencia-los-buques-de-la-armada-y-su-influencia-en-la-independencia-de-los-estados-unidos\/#mainImage","width":1536,"height":1620},"primaryImageOfPage":{"@id":"https:\/\/galicia.ingenierosnavales.com\/index.php\/2026\/05\/28\/conferencia-los-buques-de-la-armada-y-su-influencia-en-la-independencia-de-los-estados-unidos\/#mainImage"},"datePublished":"2026-05-28T12:33:42+00:00","dateModified":"2026-05-28T12:37:19+00:00"},{"@type":"WebSite","@id":"https:\/\/galicia.ingenierosnavales.com\/#website","url":"https:\/\/galicia.ingenierosnavales.com\/","name":"Delegaci\u00f3n del COIN en Galicia -","inLanguage":"es-ES","publisher":{"@id":"https:\/\/galicia.ingenierosnavales.com\/#organization"}}]},"og:locale":"es_ES","og:site_name":"Delegaci\u00f3n del COIN en Galicia -  -","og:type":"article","og:title":"Conferencia \u00abLos buques de la Armada y su influencia en la Independencia de los Estados Unidos\u00bb - Delegaci\u00f3n del COIN en Galicia -","og:description":"El pasado 27 de mayo a las 19:00 h., la Delegaci\u00f3n Territorial en Galicia de la Asociaci\u00f3n de Ingenieros Navales y Oce\u00e1nicos de Espa\u00f1a, organiz\u00f3 una conferencia impartida por el Dr. Ingeniero Naval D. Rodrigo P\u00e9rez Fern\u00e1ndez sobre \u00abLos buques de la Armada y su influencia en la Independencia de los Estados Unidos\u00bb. Esta conferencia ofreci\u00f3 una visi\u00f3n","og:url":"https:\/\/galicia.ingenierosnavales.com\/index.php\/2026\/05\/28\/conferencia-los-buques-de-la-armada-y-su-influencia-en-la-independencia-de-los-estados-unidos\/","og:image":"https:\/\/galicia.ingenierosnavales.com\/wp-content\/uploads\/2025\/03\/LOGO-GALICIA.png","og:image:secure_url":"https:\/\/galicia.ingenierosnavales.com\/wp-content\/uploads\/2025\/03\/LOGO-GALICIA.png","og:image:width":1050,"og:image:height":600,"article:published_time":"2026-05-28T12:33:42+00:00","article:modified_time":"2026-05-28T12:37:19+00:00","article:publisher":"https:\/\/facebook.com\/Ingenieros Navales Galicia","twitter:card":"summary_large_image","twitter:site":"@Ingenieros%20Navales%20Galicia","twitter:title":"Conferencia \u00abLos buques de la Armada y su influencia en la Independencia de los Estados Unidos\u00bb - Delegaci\u00f3n del COIN en Galicia -","twitter:description":"El pasado 27 de mayo a las 19:00 h., la Delegaci\u00f3n Territorial en Galicia de la Asociaci\u00f3n de Ingenieros Navales y Oce\u00e1nicos de Espa\u00f1a, organiz\u00f3 una conferencia impartida por el Dr. Ingeniero Naval D. Rodrigo P\u00e9rez Fern\u00e1ndez sobre \u00abLos buques de la Armada y su influencia en la Independencia de los Estados Unidos\u00bb. Esta conferencia ofreci\u00f3 una visi\u00f3n","twitter:creator":"@Ingenieros%20Navales%20Galicia","twitter:image":"https:\/\/galicia.ingenierosnavales.com\/wp-content\/uploads\/2025\/03\/LOGO-GALICIA.png"},"aioseo_meta_data":{"post_id":"10417","title":null,"description":null,"keywords":null,"keyphrases":{"focus":{"keyphrase":"","score":0,"analysis":{"keyphraseInTitle":{"score":0,"maxScore":9,"error":1}}},"additional":[]},"primary_term":null,"canonical_url":null,"og_title":null,"og_description":null,"og_object_type":"default","og_image_type":"default","og_image_url":null,"og_image_width":null,"og_image_height":null,"og_image_custom_url":null,"og_image_custom_fields":null,"og_video":"","og_custom_url":null,"og_article_section":null,"og_article_tags":null,"twitter_use_og":false,"twitter_card":"default","twitter_image_type":"default","twitter_image_url":null,"twitter_image_custom_url":null,"twitter_image_custom_fields":null,"twitter_title":null,"twitter_description":null,"schema":{"blockGraphs":[],"customGraphs":[],"default":{"data":{"Article":[],"Course":[],"Dataset":[],"FAQPage":[],"Movie":[],"Person":[],"Product":[],"ProductReview":[],"Car":[],"Recipe":[],"Service":[],"SoftwareApplication":[],"WebPage":[]},"graphName":"BlogPosting","isEnabled":true},"graphs":[]},"schema_type":"default","schema_type_options":null,"pillar_content":false,"robots_default":true,"robots_noindex":false,"robots_noarchive":false,"robots_nosnippet":false,"robots_nofollow":false,"robots_noimageindex":false,"robots_noodp":false,"robots_notranslate":false,"robots_max_snippet":"-1","robots_max_videopreview":"-1","robots_max_imagepreview":"large","priority":null,"frequency":"default","local_seo":null,"limit_modified_date":false,"created":"2026-05-28 12:33:42","updated":"2026-07-27 23:53:26","ai":null,"breadcrumb_settings":null,"seo_analyzer_scan_date":null,"focus_keyword":null,"additional_keywords":null,"truseo_locale":null},"aioseo_breadcrumb":"<div class=\"aioseo-breadcrumbs\"><span class=\"aioseo-breadcrumb\">\n\t\t\t<a href=\"https:\/\/galicia.ingenierosnavales.com\" title=\"Home\">Home<\/a>\n\t\t<\/span><span class=\"aioseo-breadcrumb-separator\">&raquo;<\/span><span class=\"aioseo-breadcrumb\">\n\t\t\t<a href=\"https:\/\/galicia.ingenierosnavales.com\/index.php\/category\/eventos\/\" title=\"Eventos\">Eventos<\/a>\n\t\t<\/span><span class=\"aioseo-breadcrumb-separator\">&raquo;<\/span><span class=\"aioseo-breadcrumb\">\n\t\t\tConferencia  \u00abLos buques de la Armada y su influencia en la Independencia de los Estados Unidos\u00bb\n\t\t<\/span><\/div>","aioseo_breadcrumb_json":[{"label":"Home","link":"https:\/\/galicia.ingenierosnavales.com"},{"label":"Eventos","link":"https:\/\/galicia.ingenierosnavales.com\/index.php\/category\/eventos\/"},{"label":"Conferencia  \u00abLos buques de la Armada y su influencia en la Independencia de los Estados Unidos\u00bb","link":"https:\/\/galicia.ingenierosnavales.com\/index.php\/2026\/05\/28\/conferencia-los-buques-de-la-armada-y-su-influencia-en-la-independencia-de-los-estados-unidos\/"}],"_links":{"self":[{"href":"https:\/\/galicia.ingenierosnavales.com\/index.php\/wp-json\/wp\/v2\/posts\/10417","targetHints":{"allow":["GET"]}}],"collection":[{"href":"https:\/\/galicia.ingenierosnavales.com\/index.php\/wp-json\/wp\/v2\/posts"}],"about":[{"href":"https:\/\/galicia.ingenierosnavales.com\/index.php\/wp-json\/wp\/v2\/types\/post"}],"author":[{"embeddable":true,"href":"https:\/\/galicia.ingenierosnavales.com\/index.php\/wp-json\/wp\/v2\/users\/2"}],"replies":[{"embeddable":true,"href":"https:\/\/galicia.ingenierosnavales.com\/index.php\/wp-json\/wp\/v2\/comments?post=10417"}],"version-history":[{"count":4,"href":"https:\/\/galicia.ingenierosnavales.com\/index.php\/wp-json\/wp\/v2\/posts\/10417\/revisions"}],"predecessor-version":[{"id":10431,"href":"https:\/\/galicia.ingenierosnavales.com\/index.php\/wp-json\/wp\/v2\/posts\/10417\/revisions\/10431"}],"wp:featuredmedia":[{"embeddable":true,"href":"https:\/\/galicia.ingenierosnavales.com\/index.php\/wp-json\/wp\/v2\/media\/10427"}],"wp:attachment":[{"href":"https:\/\/galicia.ingenierosnavales.com\/index.php\/wp-json\/wp\/v2\/media?parent=10417"}],"wp:term":[{"taxonomy":"category","embeddable":true,"href":"https:\/\/galicia.ingenierosnavales.com\/index.php\/wp-json\/wp\/v2\/categories?post=10417"},{"taxonomy":"post_tag","embeddable":true,"href":"https:\/\/galicia.ingenierosnavales.com\/index.php\/wp-json\/wp\/v2\/tags?post=10417"}],"curies":[{"name":"wp","href":"https:\/\/api.w.org\/{rel}","templated":true}]}}