{"id":10264,"date":"2026-04-30T07:39:29","date_gmt":"2026-04-30T07:39:29","guid":{"rendered":"https:\/\/galicia.ingenierosnavales.com\/?p=10264"},"modified":"2026-04-30T07:39:29","modified_gmt":"2026-04-30T07:39:29","slug":"noticias-sobre-el-sector-naval-en-galicia-30-abril-2026","status":"publish","type":"post","link":"https:\/\/galicia.ingenierosnavales.com\/index.php\/2026\/04\/30\/noticias-sobre-el-sector-naval-en-galicia-30-abril-2026\/","title":{"rendered":"Noticias sobre el sector naval en Galicia. 30\/abril\/2026"},"content":{"rendered":"<table style=\"height: 974px;\" width=\"1212\">\n<tbody>\n<tr>\n<td width=\"1007\">\n<p style=\"text-align: center;\"><strong>Jueves 30<\/strong><\/p>\n<p style=\"text-align: center;\">Industriaspesqueras.com<\/p>\n<p style=\"text-align: center;\"><a href=\"https:\/\/www.industriaspesqueras.com\/noticia-89302-seccion-Ferias%20y%20Exposiciones\">Navalia 2026 organiza un programa de jornadas t\u00e9cnicas con m\u00e1s de 30 acciones entre conferencias, mesas redondas y presentaciones<\/a><\/p>\n<p style=\"text-align: center;\"><a href=\"https:\/\/www.industriaspesqueras.com\/noticia-89299-seccion-Ferias_y_Exposiciones\">Suardiaz Group busca reforzar en Breakbulk Europe su apuesta por la internacionalizaci\u00f3n y el desarrollo de nuevas oportunidades<\/a><\/p>\n<p style=\"text-align: center;\">Interempresas.net<\/p>\n<p style=\"text-align: center;\"><a href=\"https:\/\/www.interempresas.net\/construccion-naval\/630125-Congreso-Ingenieria-Naval-Malaga-situa-defensa-energia-inteligencia-artificial-centro.html\">El Congreso de Ingenier\u00eda Naval de M\u00e1laga sit\u00faa la defensa, la energ\u00eda y la inteligencia artificial en el centro del futuro del sector mar\u00edtimo<\/a><\/p>\n<p style=\"text-align: center;\">Faro de Vigo<\/p>\n<p style=\"text-align: center;\"><a href=\"https:\/\/www.farodevigo.es\/economia\/2026\/04\/29\/aister-construira-catamaran-saint-pierre-miquelon-129633657.html\">Aister construir\u00e1 un catamar\u00e1n de 4,3 millones de euros para el \u00faltimo vestigio franc\u00e9s en Norteam\u00e9rica: Saint-Pierre et Miquelon<\/a><\/p>\n<p style=\"text-align: center;\"><a href=\"https:\/\/www.farodevigo.es\/economia\/2026\/04\/29\/denuncia-cardama-encalla-justicia-uruguay-129670213.html\">La denuncia contra Cardama encalla en la justicia de Uruguay seis meses despu\u00e9s<\/a><\/p>\n<p style=\"text-align: center;\"><a href=\"https:\/\/www.farodevigo.es\/economia\/2026\/04\/29\/viguesa-grupo-pereira-supera-vez-200-millones-ventas-pesquera-129622626.html\">La viguesa Grupo Pereira supera por vez primera los 200 millones de euros en ingresos: \u201cCombinamos tradici\u00f3n y modernidad\u201d<\/a> (exclusivo suscriptores)<\/p>\n<p style=\"text-align: center;\">Valminortv.com<\/p>\n<p style=\"text-align: center;\"><a href=\"https:\/\/valminortv.com\/2026\/04\/29\/pleno-de-actividad-en-astilleros-san-enrique-en-construccion-y-reparacion-naval\/\">Pleno de actividad en Astilleros San Enrique en construcci\u00f3n y reparaci\u00f3n naval<\/a><\/p>\n<p style=\"text-align: center;\">Eldiario.es<\/p>\n<p style=\"text-align: center;\"><a href=\"https:\/\/www.eldiario.es\/spin\/esconden-124-barcos-hundidos-gibraltar-hallazgo-recorre-2-400-anos-comercio-guerra-pm_1_13180633.amp.html\">\u00bfQu\u00e9 esconden los 124 barcos hundidos en Gibraltar? El hallazgo recorre 2.400 a\u00f1os de comercio y guerra<\/a><\/p>\n<p style=\"text-align: center;\">Xornal21.com<\/p>\n<p style=\"text-align: center;\"><a href=\"https:\/\/xornal21.com\/art\/71092\/navalia-2026-innovacion-defensa-sostenibilidad-sector-naval-gallego\">Navalia 2026 refuerza su programa t\u00e9cnico con m\u00e1s de 30 jornadas sobre innovaci\u00f3n, defensa y sostenibilidad<\/a><\/p>\n<p style=\"text-align: center;\">La Voz de Galicia<\/p>\n<p style=\"text-align: center;\"><a href=\"https:\/\/www.lavozdegalicia.es\/noticia\/vigo\/2026\/04\/30\/naval-san-enrique-emplea-200-obreros-dos-barcos-off-shore\/0003_202604V30C3994.htm\">Astilleros San Enrique, pendiente de que el Puerto de Vigo le retire la concesi\u00f3n, esgrime que tiene trabajando a 200 obreros<\/a><\/p>\n<p style=\"text-align: center;\">Atl\u00e1ntico Diario<\/p>\n<p style=\"text-align: center;\"><a href=\"https:\/\/www.atlantico.net\/economia\/aister-construira-jeune-france-ii_1_20260429-4257070.html\">Aister construir\u00e1 el Jeune France II: un nuevo catamar\u00e1n h\u00edbrido para Saint-Pierre et Miquelon<\/a><\/p>\n<p style=\"text-align: center;\">Vigoe.es<\/p>\n<p style=\"text-align: center;\"><a href=\"https:\/\/www.vigoe.es\/vigo\/maritima\/un-capricho-de-19-000e-diarios-se-deja-ver-esta-semana-por-la-ria-de-vigo\/\">Un capricho de 19.000 \u20ac diarios se deja ver esta semana por la r\u00eda de Vigo<\/a><\/p>\n<\/td>\n<\/tr>\n<\/tbody>\n<\/table>\n","protected":false},"excerpt":{"rendered":"<p>Jueves 30 Industriaspesqueras.com Navalia 2026 organiza un programa de jornadas t\u00e9cnicas con m\u00e1s de 30 acciones entre conferencias, mesas redondas y presentaciones Suardiaz Group busca reforzar en Breakbulk Europe su apuesta por la internacionalizaci\u00f3n&#46;&#46;&#46;<\/p>\n","protected":false},"author":2,"featured_media":4886,"comment_status":"open","ping_status":"open","sticky":false,"template":"","format":"standard","meta":{"om_disable_all_campaigns":false,"_monsterinsights_skip_tracking":false,"_monsterinsights_sitenote_active":false,"_monsterinsights_sitenote_note":"","_monsterinsights_sitenote_category":0,"_uf_show_specific_survey":0,"_uf_disable_surveys":false,"footnotes":""},"categories":[3],"tags":[49,43,47],"class_list":["post-10264","post","type-post","status-publish","format-standard","has-post-thumbnail","hentry","category-noticias-gl-es","tag-ingenieros-navales-galicia","tag-noticias-galicia","tag-sector-naval-en-galicia"],"aioseo_notices":[],"yoast_head":"<!-- This site is optimized with the Yoast SEO plugin v24.0 - https:\/\/yoast.com\/wordpress\/plugins\/seo\/ -->\n<title>Noticias sobre el sector naval en Galicia. 30\/abril\/2026 - Delegaci\u00f3n del COIN en Galicia -<\/title>\n<meta name=\"robots\" content=\"index, follow, max-snippet:-1, max-image-preview:large, max-video-preview:-1\" \/>\n<link rel=\"canonical\" href=\"https:\/\/galicia.ingenierosnavales.com\/index.php\/2026\/04\/30\/noticias-sobre-el-sector-naval-en-galicia-30-abril-2026\/\" \/>\n<meta property=\"og:locale\" content=\"es_ES\" \/>\n<meta property=\"og:type\" content=\"article\" \/>\n<meta property=\"og:title\" content=\"Noticias sobre el sector naval en Galicia. 30\/abril\/2026 - Delegaci\u00f3n del COIN en Galicia -\" \/>\n<meta property=\"og:description\" content=\"Jueves 30 Industriaspesqueras.com Navalia 2026 organiza un programa de jornadas t\u00e9cnicas con m\u00e1s de 30 acciones entre conferencias, mesas redondas y presentaciones Suardiaz Group busca reforzar en Breakbulk Europe su apuesta por la internacionalizaci\u00f3n&#046;&#046;&#046;\" \/>\n<meta property=\"og:url\" content=\"https:\/\/galicia.ingenierosnavales.com\/index.php\/2026\/04\/30\/noticias-sobre-el-sector-naval-en-galicia-30-abril-2026\/\" \/>\n<meta property=\"og:site_name\" content=\"Delegaci\u00f3n del COIN en Galicia -\" \/>\n<meta property=\"article:published_time\" content=\"2026-04-30T07:39:29+00:00\" \/>\n<meta property=\"og:image\" content=\"https:\/\/galicia.ingenierosnavales.com\/wp-content\/uploads\/2023\/04\/Morning-news-1.png\" \/>\n\t<meta property=\"og:image:width\" content=\"700\" \/>\n\t<meta property=\"og:image:height\" content=\"700\" \/>\n\t<meta property=\"og:image:type\" content=\"image\/png\" \/>\n<meta name=\"author\" content=\"Delegaci\u00f3n Galicia\" \/>\n<meta name=\"twitter:card\" content=\"summary_large_image\" \/>\n<meta name=\"twitter:label1\" content=\"Escrito por\" \/>\n\t<meta name=\"twitter:data1\" content=\"Delegaci\u00f3n Galicia\" \/>\n\t<meta name=\"twitter:label2\" content=\"Tiempo de lectura\" \/>\n\t<meta name=\"twitter:data2\" content=\"2 minutos\" \/>\n<script type=\"application\/ld+json\" class=\"yoast-schema-graph\">{\"@context\":\"https:\/\/schema.org\",\"@graph\":[{\"@type\":\"Article\",\"@id\":\"https:\/\/galicia.ingenierosnavales.com\/index.php\/2026\/04\/30\/noticias-sobre-el-sector-naval-en-galicia-30-abril-2026\/#article\",\"isPartOf\":{\"@id\":\"https:\/\/galicia.ingenierosnavales.com\/index.php\/2026\/04\/30\/noticias-sobre-el-sector-naval-en-galicia-30-abril-2026\/\"},\"author\":{\"name\":\"Delegaci\u00f3n Galicia\",\"@id\":\"https:\/\/galicia.ingenierosnavales.com\/#\/schema\/person\/5b19750a916831d424f63e9271d4e51d\"},\"headline\":\"Noticias sobre el sector naval en Galicia. 30\/abril\/2026\",\"datePublished\":\"2026-04-30T07:39:29+00:00\",\"dateModified\":\"2026-04-30T07:39:29+00:00\",\"mainEntityOfPage\":{\"@id\":\"https:\/\/galicia.ingenierosnavales.com\/index.php\/2026\/04\/30\/noticias-sobre-el-sector-naval-en-galicia-30-abril-2026\/\"},\"wordCount\":253,\"commentCount\":0,\"publisher\":{\"@id\":\"https:\/\/galicia.ingenierosnavales.com\/#organization\"},\"image\":{\"@id\":\"https:\/\/galicia.ingenierosnavales.com\/index.php\/2026\/04\/30\/noticias-sobre-el-sector-naval-en-galicia-30-abril-2026\/#primaryimage\"},\"thumbnailUrl\":\"https:\/\/galicia.ingenierosnavales.com\/wp-content\/uploads\/2023\/04\/Morning-news-1.png\",\"keywords\":[\"Ingenieros Navales Galicia\",\"Noticias Galicia\",\"sector naval en Galicia\"],\"articleSection\":[\"Noticias\"],\"inLanguage\":\"es\",\"potentialAction\":[{\"@type\":\"CommentAction\",\"name\":\"Comment\",\"target\":[\"https:\/\/galicia.ingenierosnavales.com\/index.php\/2026\/04\/30\/noticias-sobre-el-sector-naval-en-galicia-30-abril-2026\/#respond\"]}]},{\"@type\":\"WebPage\",\"@id\":\"https:\/\/galicia.ingenierosnavales.com\/index.php\/2026\/04\/30\/noticias-sobre-el-sector-naval-en-galicia-30-abril-2026\/\",\"url\":\"https:\/\/galicia.ingenierosnavales.com\/index.php\/2026\/04\/30\/noticias-sobre-el-sector-naval-en-galicia-30-abril-2026\/\",\"name\":\"Noticias sobre el sector naval en Galicia. 30\/abril\/2026 - Delegaci\u00f3n del COIN en Galicia -\",\"isPartOf\":{\"@id\":\"https:\/\/galicia.ingenierosnavales.com\/#website\"},\"primaryImageOfPage\":{\"@id\":\"https:\/\/galicia.ingenierosnavales.com\/index.php\/2026\/04\/30\/noticias-sobre-el-sector-naval-en-galicia-30-abril-2026\/#primaryimage\"},\"image\":{\"@id\":\"https:\/\/galicia.ingenierosnavales.com\/index.php\/2026\/04\/30\/noticias-sobre-el-sector-naval-en-galicia-30-abril-2026\/#primaryimage\"},\"thumbnailUrl\":\"https:\/\/galicia.ingenierosnavales.com\/wp-content\/uploads\/2023\/04\/Morning-news-1.png\",\"datePublished\":\"2026-04-30T07:39:29+00:00\",\"dateModified\":\"2026-04-30T07:39:29+00:00\",\"breadcrumb\":{\"@id\":\"https:\/\/galicia.ingenierosnavales.com\/index.php\/2026\/04\/30\/noticias-sobre-el-sector-naval-en-galicia-30-abril-2026\/#breadcrumb\"},\"inLanguage\":\"es\",\"potentialAction\":[{\"@type\":\"ReadAction\",\"target\":[\"https:\/\/galicia.ingenierosnavales.com\/index.php\/2026\/04\/30\/noticias-sobre-el-sector-naval-en-galicia-30-abril-2026\/\"]}]},{\"@type\":\"ImageObject\",\"inLanguage\":\"es\",\"@id\":\"https:\/\/galicia.ingenierosnavales.com\/index.php\/2026\/04\/30\/noticias-sobre-el-sector-naval-en-galicia-30-abril-2026\/#primaryimage\",\"url\":\"https:\/\/galicia.ingenierosnavales.com\/wp-content\/uploads\/2023\/04\/Morning-news-1.png\",\"contentUrl\":\"https:\/\/galicia.ingenierosnavales.com\/wp-content\/uploads\/2023\/04\/Morning-news-1.png\",\"width\":700,\"height\":700},{\"@type\":\"BreadcrumbList\",\"@id\":\"https:\/\/galicia.ingenierosnavales.com\/index.php\/2026\/04\/30\/noticias-sobre-el-sector-naval-en-galicia-30-abril-2026\/#breadcrumb\",\"itemListElement\":[{\"@type\":\"ListItem\",\"position\":1,\"name\":\"Home\",\"item\":\"https:\/\/galicia.ingenierosnavales.com\/\"},{\"@type\":\"ListItem\",\"position\":2,\"name\":\"Noticias sobre el sector naval en Galicia. 30\/abril\/2026\"}]},{\"@type\":\"WebSite\",\"@id\":\"https:\/\/galicia.ingenierosnavales.com\/#website\",\"url\":\"https:\/\/galicia.ingenierosnavales.com\/\",\"name\":\"Delegaci\u00f3n del COIN en Galicia -\",\"description\":\"\",\"publisher\":{\"@id\":\"https:\/\/galicia.ingenierosnavales.com\/#organization\"},\"potentialAction\":[{\"@type\":\"SearchAction\",\"target\":{\"@type\":\"EntryPoint\",\"urlTemplate\":\"https:\/\/galicia.ingenierosnavales.com\/?s={search_term_string}\"},\"query-input\":{\"@type\":\"PropertyValueSpecification\",\"valueRequired\":true,\"valueName\":\"search_term_string\"}}],\"inLanguage\":\"es\"},{\"@type\":\"Organization\",\"@id\":\"https:\/\/galicia.ingenierosnavales.com\/#organization\",\"name\":\"Delegaci\u00f3n del COIN en Galicia -\",\"url\":\"https:\/\/galicia.ingenierosnavales.com\/\",\"logo\":{\"@type\":\"ImageObject\",\"inLanguage\":\"es\",\"@id\":\"https:\/\/galicia.ingenierosnavales.com\/#\/schema\/logo\/image\/\",\"url\":\"https:\/\/galicia.ingenierosnavales.com\/wp-content\/uploads\/2022\/03\/logo_2-1.png\",\"contentUrl\":\"https:\/\/galicia.ingenierosnavales.com\/wp-content\/uploads\/2022\/03\/logo_2-1.png\",\"width\":240,\"height\":94,\"caption\":\"Delegaci\u00f3n del COIN en Galicia - \"},\"image\":{\"@id\":\"https:\/\/galicia.ingenierosnavales.com\/#\/schema\/logo\/image\/\"}},{\"@type\":\"Person\",\"@id\":\"https:\/\/galicia.ingenierosnavales.com\/#\/schema\/person\/5b19750a916831d424f63e9271d4e51d\",\"name\":\"Delegaci\u00f3n Galicia\",\"image\":{\"@type\":\"ImageObject\",\"inLanguage\":\"es\",\"@id\":\"https:\/\/galicia.ingenierosnavales.com\/#\/schema\/person\/image\/\",\"url\":\"https:\/\/secure.gravatar.com\/avatar\/8ba9b1dd96c7effddd31fcf63bf8cc7f?s=96&d=mm&r=g\",\"contentUrl\":\"https:\/\/secure.gravatar.com\/avatar\/8ba9b1dd96c7effddd31fcf63bf8cc7f?s=96&d=mm&r=g\",\"caption\":\"Delegaci\u00f3n Galicia\"},\"url\":\"https:\/\/galicia.ingenierosnavales.com\/index.php\/author\/galicia\/\"}]}<\/script>\n<!-- \/ Yoast SEO plugin. -->","yoast_head_json":{"title":"Noticias sobre el sector naval en Galicia. 30\/abril\/2026 - Delegaci\u00f3n del COIN en Galicia -","robots":{"index":"index","follow":"follow","max-snippet":"max-snippet:-1","max-image-preview":"max-image-preview:large","max-video-preview":"max-video-preview:-1"},"canonical":"https:\/\/galicia.ingenierosnavales.com\/index.php\/2026\/04\/30\/noticias-sobre-el-sector-naval-en-galicia-30-abril-2026\/","og_locale":"es_ES","og_type":"article","og_title":"Noticias sobre el sector naval en Galicia. 30\/abril\/2026 - Delegaci\u00f3n del COIN en Galicia -","og_description":"Jueves 30 Industriaspesqueras.com Navalia 2026 organiza un programa de jornadas t\u00e9cnicas con m\u00e1s de 30 acciones entre conferencias, mesas redondas y presentaciones Suardiaz Group busca reforzar en Breakbulk Europe su apuesta por la internacionalizaci\u00f3n&#46;&#46;&#46;","og_url":"https:\/\/galicia.ingenierosnavales.com\/index.php\/2026\/04\/30\/noticias-sobre-el-sector-naval-en-galicia-30-abril-2026\/","og_site_name":"Delegaci\u00f3n del COIN en Galicia -","article_published_time":"2026-04-30T07:39:29+00:00","og_image":[{"width":700,"height":700,"url":"https:\/\/galicia.ingenierosnavales.com\/wp-content\/uploads\/2023\/04\/Morning-news-1.png","type":"image\/png"}],"author":"Delegaci\u00f3n Galicia","twitter_card":"summary_large_image","twitter_misc":{"Escrito por":"Delegaci\u00f3n Galicia","Tiempo de lectura":"2 minutos"},"schema":{"@context":"https:\/\/schema.org","@graph":[{"@type":"Article","@id":"https:\/\/galicia.ingenierosnavales.com\/index.php\/2026\/04\/30\/noticias-sobre-el-sector-naval-en-galicia-30-abril-2026\/#article","isPartOf":{"@id":"https:\/\/galicia.ingenierosnavales.com\/index.php\/2026\/04\/30\/noticias-sobre-el-sector-naval-en-galicia-30-abril-2026\/"},"author":{"name":"Delegaci\u00f3n Galicia","@id":"https:\/\/galicia.ingenierosnavales.com\/#\/schema\/person\/5b19750a916831d424f63e9271d4e51d"},"headline":"Noticias sobre el sector naval en Galicia. 30\/abril\/2026","datePublished":"2026-04-30T07:39:29+00:00","dateModified":"2026-04-30T07:39:29+00:00","mainEntityOfPage":{"@id":"https:\/\/galicia.ingenierosnavales.com\/index.php\/2026\/04\/30\/noticias-sobre-el-sector-naval-en-galicia-30-abril-2026\/"},"wordCount":253,"commentCount":0,"publisher":{"@id":"https:\/\/galicia.ingenierosnavales.com\/#organization"},"image":{"@id":"https:\/\/galicia.ingenierosnavales.com\/index.php\/2026\/04\/30\/noticias-sobre-el-sector-naval-en-galicia-30-abril-2026\/#primaryimage"},"thumbnailUrl":"https:\/\/galicia.ingenierosnavales.com\/wp-content\/uploads\/2023\/04\/Morning-news-1.png","keywords":["Ingenieros Navales Galicia","Noticias Galicia","sector naval en Galicia"],"articleSection":["Noticias"],"inLanguage":"es","potentialAction":[{"@type":"CommentAction","name":"Comment","target":["https:\/\/galicia.ingenierosnavales.com\/index.php\/2026\/04\/30\/noticias-sobre-el-sector-naval-en-galicia-30-abril-2026\/#respond"]}]},{"@type":"WebPage","@id":"https:\/\/galicia.ingenierosnavales.com\/index.php\/2026\/04\/30\/noticias-sobre-el-sector-naval-en-galicia-30-abril-2026\/","url":"https:\/\/galicia.ingenierosnavales.com\/index.php\/2026\/04\/30\/noticias-sobre-el-sector-naval-en-galicia-30-abril-2026\/","name":"Noticias sobre el sector naval en Galicia. 30\/abril\/2026 - Delegaci\u00f3n del COIN en Galicia -","isPartOf":{"@id":"https:\/\/galicia.ingenierosnavales.com\/#website"},"primaryImageOfPage":{"@id":"https:\/\/galicia.ingenierosnavales.com\/index.php\/2026\/04\/30\/noticias-sobre-el-sector-naval-en-galicia-30-abril-2026\/#primaryimage"},"image":{"@id":"https:\/\/galicia.ingenierosnavales.com\/index.php\/2026\/04\/30\/noticias-sobre-el-sector-naval-en-galicia-30-abril-2026\/#primaryimage"},"thumbnailUrl":"https:\/\/galicia.ingenierosnavales.com\/wp-content\/uploads\/2023\/04\/Morning-news-1.png","datePublished":"2026-04-30T07:39:29+00:00","dateModified":"2026-04-30T07:39:29+00:00","breadcrumb":{"@id":"https:\/\/galicia.ingenierosnavales.com\/index.php\/2026\/04\/30\/noticias-sobre-el-sector-naval-en-galicia-30-abril-2026\/#breadcrumb"},"inLanguage":"es","potentialAction":[{"@type":"ReadAction","target":["https:\/\/galicia.ingenierosnavales.com\/index.php\/2026\/04\/30\/noticias-sobre-el-sector-naval-en-galicia-30-abril-2026\/"]}]},{"@type":"ImageObject","inLanguage":"es","@id":"https:\/\/galicia.ingenierosnavales.com\/index.php\/2026\/04\/30\/noticias-sobre-el-sector-naval-en-galicia-30-abril-2026\/#primaryimage","url":"https:\/\/galicia.ingenierosnavales.com\/wp-content\/uploads\/2023\/04\/Morning-news-1.png","contentUrl":"https:\/\/galicia.ingenierosnavales.com\/wp-content\/uploads\/2023\/04\/Morning-news-1.png","width":700,"height":700},{"@type":"BreadcrumbList","@id":"https:\/\/galicia.ingenierosnavales.com\/index.php\/2026\/04\/30\/noticias-sobre-el-sector-naval-en-galicia-30-abril-2026\/#breadcrumb","itemListElement":[{"@type":"ListItem","position":1,"name":"Home","item":"https:\/\/galicia.ingenierosnavales.com\/"},{"@type":"ListItem","position":2,"name":"Noticias sobre el sector naval en Galicia. 30\/abril\/2026"}]},{"@type":"WebSite","@id":"https:\/\/galicia.ingenierosnavales.com\/#website","url":"https:\/\/galicia.ingenierosnavales.com\/","name":"Delegaci\u00f3n del COIN en Galicia -","description":"","publisher":{"@id":"https:\/\/galicia.ingenierosnavales.com\/#organization"},"potentialAction":[{"@type":"SearchAction","target":{"@type":"EntryPoint","urlTemplate":"https:\/\/galicia.ingenierosnavales.com\/?s={search_term_string}"},"query-input":{"@type":"PropertyValueSpecification","valueRequired":true,"valueName":"search_term_string"}}],"inLanguage":"es"},{"@type":"Organization","@id":"https:\/\/galicia.ingenierosnavales.com\/#organization","name":"Delegaci\u00f3n del COIN en Galicia -","url":"https:\/\/galicia.ingenierosnavales.com\/","logo":{"@type":"ImageObject","inLanguage":"es","@id":"https:\/\/galicia.ingenierosnavales.com\/#\/schema\/logo\/image\/","url":"https:\/\/galicia.ingenierosnavales.com\/wp-content\/uploads\/2022\/03\/logo_2-1.png","contentUrl":"https:\/\/galicia.ingenierosnavales.com\/wp-content\/uploads\/2022\/03\/logo_2-1.png","width":240,"height":94,"caption":"Delegaci\u00f3n del COIN en Galicia - "},"image":{"@id":"https:\/\/galicia.ingenierosnavales.com\/#\/schema\/logo\/image\/"}},{"@type":"Person","@id":"https:\/\/galicia.ingenierosnavales.com\/#\/schema\/person\/5b19750a916831d424f63e9271d4e51d","name":"Delegaci\u00f3n Galicia","image":{"@type":"ImageObject","inLanguage":"es","@id":"https:\/\/galicia.ingenierosnavales.com\/#\/schema\/person\/image\/","url":"https:\/\/secure.gravatar.com\/avatar\/8ba9b1dd96c7effddd31fcf63bf8cc7f?s=96&d=mm&r=g","contentUrl":"https:\/\/secure.gravatar.com\/avatar\/8ba9b1dd96c7effddd31fcf63bf8cc7f?s=96&d=mm&r=g","caption":"Delegaci\u00f3n Galicia"},"url":"https:\/\/galicia.ingenierosnavales.com\/index.php\/author\/galicia\/"}]}},"_links":{"self":[{"href":"https:\/\/galicia.ingenierosnavales.com\/index.php\/wp-json\/wp\/v2\/posts\/10264","targetHints":{"allow":["GET"]}}],"collection":[{"href":"https:\/\/galicia.ingenierosnavales.com\/index.php\/wp-json\/wp\/v2\/posts"}],"about":[{"href":"https:\/\/galicia.ingenierosnavales.com\/index.php\/wp-json\/wp\/v2\/types\/post"}],"author":[{"embeddable":true,"href":"https:\/\/galicia.ingenierosnavales.com\/index.php\/wp-json\/wp\/v2\/users\/2"}],"replies":[{"embeddable":true,"href":"https:\/\/galicia.ingenierosnavales.com\/index.php\/wp-json\/wp\/v2\/comments?post=10264"}],"version-history":[{"count":1,"href":"https:\/\/galicia.ingenierosnavales.com\/index.php\/wp-json\/wp\/v2\/posts\/10264\/revisions"}],"predecessor-version":[{"id":10265,"href":"https:\/\/galicia.ingenierosnavales.com\/index.php\/wp-json\/wp\/v2\/posts\/10264\/revisions\/10265"}],"wp:featuredmedia":[{"embeddable":true,"href":"https:\/\/galicia.ingenierosnavales.com\/index.php\/wp-json\/wp\/v2\/media\/4886"}],"wp:attachment":[{"href":"https:\/\/galicia.ingenierosnavales.com\/index.php\/wp-json\/wp\/v2\/media?parent=10264"}],"wp:term":[{"taxonomy":"category","embeddable":true,"href":"https:\/\/galicia.ingenierosnavales.com\/index.php\/wp-json\/wp\/v2\/categories?post=10264"},{"taxonomy":"post_tag","embeddable":true,"href":"https:\/\/galicia.ingenierosnavales.com\/index.php\/wp-json\/wp\/v2\/tags?post=10264"}],"curies":[{"name":"wp","href":"https:\/\/api.w.org\/{rel}","templated":true}]}}