{"id":10258,"date":"2026-04-27T06:56:09","date_gmt":"2026-04-27T06:56:09","guid":{"rendered":"https:\/\/galicia.ingenierosnavales.com\/?p=10258"},"modified":"2026-04-27T06:56:09","modified_gmt":"2026-04-27T06:56:09","slug":"noticias-sobre-el-sector-naval-en-galicia-25-27-abril-2026","status":"publish","type":"post","link":"https:\/\/galicia.ingenierosnavales.com\/index.php\/2026\/04\/27\/noticias-sobre-el-sector-naval-en-galicia-25-27-abril-2026\/","title":{"rendered":"Noticias sobre el sector naval en Galicia. 25-27\/abril\/2026"},"content":{"rendered":"<table style=\"height: 1734px;\" width=\"1214\">\n<tbody>\n<tr>\n<td width=\"1007\">\n<p style=\"text-align: center;\"><strong>S\u00e1bado 25<\/strong><\/p>\n<p style=\"text-align: center;\">Diariodesantiago.es<\/p>\n<p style=\"text-align: center;\"><a href=\"https:\/\/www.diariodesantiago.es\/galicia\/vigo-acogera-el-66o-congreso-internacional-de-ingenieria-naval-en-2027\/\">Vigo acoger\u00e1 el 66\u00ba Congreso Internacional de Ingenier\u00eda Naval en 2027<\/a><\/p>\n<p style=\"text-align: center;\">La Voz de Galicia<\/p>\n<p style=\"text-align: center;\"><a href=\"https:\/\/www.lavozdegalicia.es\/noticia\/somosmar\/2026\/04\/24\/puerto-coruna-convierte-museo-flotante-esplendor-galeones-vanguardia-cruceros-expedicion\/00031777048389558616476.htm\">El puerto de A Coru\u00f1a se convierte en un museo flotante: del esplendor de los galeones a la vanguardia de los cruceros de expedici\u00f3n<\/a><\/p>\n<p style=\"text-align: center;\"><a href=\"https:\/\/www.lavozdegalicia.es\/noticia\/ferrol\/2026\/04\/25\/museo-naval-saf-convocan-premio-pintura-mar-almirante-2026\/0003_202604F25C5994.htm\">El Museo Naval y la SAF convocan el Premio de Pintura de la Mar Almirante 2026<\/a><\/p>\n<p style=\"text-align: center;\"><a href=\"https:\/\/www.lavozdegalicia.es\/noticia\/somosmar\/puertos\/2026\/04\/24\/puerto-vigo-disena-hoja-ruta-2040-nodo-logistico-referencia-fachada-atlantica\/00031777045988158300606.htm\">El Puerto de Vigo dise\u00f1a su hoja de ruta hasta el 2040 para ser nodo log\u00edstico de referencia en la fachada atl\u00e1ntica<\/a><\/p>\n<p style=\"text-align: center;\">Europapress.es<\/p>\n<p style=\"text-align: center;\"><a href=\"https:\/\/www.europapress.es\/andalucia\/cadiz-00351\/noticia-zona-franca-cadiz-lleva-ecosistema-proyectos-vinculados-mar-congreso-internacional-ingenieria-naval-20260424161548.html\">Zona Franca de C\u00e1diz lleva su ecosistema de proyectos vinculados al mar a un congreso internacional de Ingenier\u00eda Naval<\/a><\/p>\n<p style=\"text-align: center;\">Eleconomista.es<\/p>\n<p style=\"text-align: center;\"><a href=\"https:\/\/www.eleconomista.es\/transportes-turismo\/noticias\/13887954\/04\/26\/boluda-compra-los-remolcadores-del-gigante-naval-seatrium-en-singapur-por-70-millones-de-euros.html\">Boluda compra los remolcadores del gigante naval Seatrium en Singapur por 70 millones de euros<\/a><\/p>\n<p style=\"text-align: center;\">Diario de Ferrol<\/p>\n<p style=\"text-align: center;\"><a href=\"https:\/\/galiciaartabra.es\/archivos\/415716\">El Museo Naval de Ferrol y la SAF convocan el V Premio de Pintura de la Mar \u201cALMIRANTE 2026\u201d<\/a><strong>\u00a0<\/strong><\/p>\n<\/td>\n<\/tr>\n<tr>\n<td width=\"1007\">\n<p style=\"text-align: center;\"><strong>Domingo 26<\/strong><\/p>\n<p style=\"text-align: center;\">La Voz de Galicia<\/p>\n<p style=\"text-align: center;\"><a href=\"https:\/\/www.lavozdegalicia.es\/noticia\/mercados\/2026\/04\/26\/astilleros-vigo-mejor-momento-proyeccion-internacional\/0003_202604SM26P2994.htm\">Los astilleros de la r\u00eda de Vigo, en su mejor momento de proyecci\u00f3n internacional<\/a><\/p>\n<p style=\"text-align: center;\"><a href=\"https:\/\/www.lavozdegalicia.es\/noticia\/somosmar\/2026\/04\/26\/70-anos-contenedor-cambio-comercio-mundial\/0003_202604G26P32991.htm\">70 a\u00f1os desde que el contenedor cambi\u00f3 el comercio mundial<\/a> (exclusivo suscriptores)<\/p>\n<p style=\"text-align: center;\"><a href=\"https:\/\/www.lavozdegalicia.es\/noticia\/vigo\/2026\/04\/24\/creadores-barco-bienestar-galicia-paises-bajos-70-vida-pura-atencion-serenidad\/00031777056794100141852.htm\">Los creadores del barco del bienestar: \u201cGalicia es como Pa\u00edses Bajos en los 70: vida pura, atenci\u00f3n y serenidad\u201d<\/a><\/p>\n<p style=\"text-align: center;\">Okdiario.com<\/p>\n<p style=\"text-align: center;\"><a href=\"https:\/\/okdiario.com\/ciencia\/australia-reinventa-industria-naval-construye-ferry-electrico-mas-grande-del-mundo-130-metros-5-000-baterias-16649436\">Australia reinventa la industria naval: construye el ferry el\u00e9ctrico m\u00e1s grande del mundo con 130 metros y 5.000 bater\u00edas<\/a><\/p>\n<p style=\"text-align: center;\">Cronista.com<\/p>\n<p style=\"text-align: center;\"><a href=\"https:\/\/www.cronista.com\/espana\/actualidad-es\/zarpo-uno-de-los-buques-anfibios-mas-grandes-de-la-armada-que-fue-construido-en-el-pais-y-es-el-orgullo-nacional\/?outputType=amp-type\">Zarp\u00f3 uno de los buques anfibios m\u00e1s grandes de la Armada que fue construido en el pa\u00eds y es el orgullo nacional<\/a><\/p>\n<p style=\"text-align: center;\">Galiciauniversal.org<\/p>\n<p style=\"text-align: center;\"><a href=\"https:\/\/galiciauniversal.org\/el-mar-devuelve-su-historia-a-las-costas-gallegas\/\">El mar devuelve su historia a las costas gallegas<\/a><\/p>\n<p style=\"text-align: center;\">Econom\u00eda Digital Galicia<\/p>\n<p style=\"text-align: center;\"><a href=\"https:\/\/www.economiadigital.es\/galicia\/empresas\/norvento-gri-towers-magallanes-renovables-protagonistas-id-energia-eolica-mareomotriz-galicia.html\">Norvento, GRI Towers, Magallanes Renovables\u2026 Los protagonistas del I+D en la energ\u00eda e\u00f3lica y mareomotriz en Galicia<\/a><\/p>\n<p style=\"text-align: center;\">Faro de Vigo<\/p>\n<p style=\"text-align: center;\"><a href=\"https:\/\/www.farodevigo.es\/opinion\/2026\/04\/26\/construccion-naval-civil-situacion-perspectivas-129525261.html\">La construcci\u00f3n naval civil: situaci\u00f3n y perspectivas (y VII)<\/a><\/p>\n<p style=\"text-align: center;\">Diario de Ferrol<\/p>\n<p style=\"text-align: center;\"><a href=\"https:\/\/galiciaartabra.es\/archivos\/415791\">El MS Fridjof Nansen abri\u00f3 este domingo la temporada de cruceros en Ferrol<\/a><\/p>\n<\/td>\n<\/tr>\n<tr>\n<td width=\"1007\">\n<p style=\"text-align: center;\"><strong>Lunes 27<\/strong><\/p>\n<p style=\"text-align: center;\">La Voz de Galicia<\/p>\n<p style=\"text-align: center;\"><a href=\"https:\/\/www.lavozdegalicia.es\/noticia\/coruna\/betanzos\/2026\/04\/26\/siempre-vas-aprender-estas-rodeado-gente-joven-dice\/0003_202604H26C12991.htm\">Laura Castro, catedr\u00e1tica en Construcciones Navales: \u201cSiempre vas a aprender m\u00e1s cosas si est\u00e1s rodeado de gente joven\u201d<\/a> (exclusivo suscriptores)<\/p>\n<p style=\"text-align: center;\"><a href=\"https:\/\/www.lavozdegalicia.es\/noticia\/somosmar\/2026\/04\/27\/perfecto-lopez-novo-normal-convocatorias-examenes-capitan-yate-suspendan-\/0003_202604G27P23991.htm\">Perfecto L\u00f3pez-Novo: \u201cNo es normal que en convocatorias de ex\u00e1menes a capit\u00e1n de yate suspendan todos\u201d<\/a> (exclusivo suscriptores)<\/p>\n<p style=\"text-align: center;\">Europapress.es<\/p>\n<p style=\"text-align: center;\"><a href=\"https:\/\/www.europapress.es\/asturias\/noticia-barbon-quiere-estrechar-relaciones-comerciales-mexico-turismo-tecnologia-naval-agroalimentacion-20260426120446.html\">Barb\u00f3n quiere estrechar relaciones comerciales con M\u00e9xico en turismo, tecnolog\u00eda, naval y agroalimentaci\u00f3n<\/a><\/p>\n<\/td>\n<\/tr>\n<\/tbody>\n<\/table>\n","protected":false},"excerpt":{"rendered":"<p>S\u00e1bado 25 Diariodesantiago.es Vigo acoger\u00e1 el 66\u00ba Congreso Internacional de Ingenier\u00eda Naval en 2027 La Voz de Galicia El puerto de A Coru\u00f1a se convierte en un museo flotante: del esplendor de los galeones&#46;&#46;&#46;<\/p>\n","protected":false},"author":2,"featured_media":4886,"comment_status":"open","ping_status":"open","sticky":false,"template":"","format":"standard","meta":{"om_disable_all_campaigns":false,"_monsterinsights_skip_tracking":false,"_monsterinsights_sitenote_active":false,"_monsterinsights_sitenote_note":"","_monsterinsights_sitenote_category":0,"_uf_show_specific_survey":0,"_uf_disable_surveys":false,"footnotes":""},"categories":[3],"tags":[43,47],"class_list":["post-10258","post","type-post","status-publish","format-standard","has-post-thumbnail","hentry","category-noticias-gl-es","tag-noticias-galicia","tag-sector-naval-en-galicia"],"aioseo_notices":[],"yoast_head":"<!-- This site is optimized with the Yoast SEO plugin v24.0 - https:\/\/yoast.com\/wordpress\/plugins\/seo\/ -->\n<title>Noticias sobre el sector naval en Galicia. 25-27\/abril\/2026 - Delegaci\u00f3n del COIN en Galicia -<\/title>\n<meta name=\"robots\" content=\"index, follow, max-snippet:-1, max-image-preview:large, max-video-preview:-1\" \/>\n<link rel=\"canonical\" href=\"https:\/\/galicia.ingenierosnavales.com\/index.php\/2026\/04\/27\/noticias-sobre-el-sector-naval-en-galicia-25-27-abril-2026\/\" \/>\n<meta property=\"og:locale\" content=\"es_ES\" \/>\n<meta property=\"og:type\" content=\"article\" \/>\n<meta property=\"og:title\" content=\"Noticias sobre el sector naval en Galicia. 25-27\/abril\/2026 - Delegaci\u00f3n del COIN en Galicia -\" \/>\n<meta property=\"og:description\" content=\"S\u00e1bado 25 Diariodesantiago.es Vigo acoger\u00e1 el 66\u00ba Congreso Internacional de Ingenier\u00eda Naval en 2027 La Voz de Galicia El puerto de A Coru\u00f1a se convierte en un museo flotante: del esplendor de los galeones&#046;&#046;&#046;\" \/>\n<meta property=\"og:url\" content=\"https:\/\/galicia.ingenierosnavales.com\/index.php\/2026\/04\/27\/noticias-sobre-el-sector-naval-en-galicia-25-27-abril-2026\/\" \/>\n<meta property=\"og:site_name\" content=\"Delegaci\u00f3n del COIN en Galicia -\" \/>\n<meta property=\"article:published_time\" content=\"2026-04-27T06:56:09+00:00\" \/>\n<meta property=\"og:image\" content=\"https:\/\/galicia.ingenierosnavales.com\/wp-content\/uploads\/2023\/04\/Morning-news-1.png\" \/>\n\t<meta property=\"og:image:width\" content=\"700\" \/>\n\t<meta property=\"og:image:height\" content=\"700\" \/>\n\t<meta property=\"og:image:type\" content=\"image\/png\" \/>\n<meta name=\"author\" content=\"Delegaci\u00f3n Galicia\" \/>\n<meta name=\"twitter:card\" content=\"summary_large_image\" \/>\n<meta name=\"twitter:label1\" content=\"Escrito por\" \/>\n\t<meta name=\"twitter:data1\" content=\"Delegaci\u00f3n Galicia\" \/>\n\t<meta name=\"twitter:label2\" content=\"Tiempo de lectura\" \/>\n\t<meta name=\"twitter:data2\" content=\"2 minutos\" \/>\n<script type=\"application\/ld+json\" class=\"yoast-schema-graph\">{\"@context\":\"https:\/\/schema.org\",\"@graph\":[{\"@type\":\"Article\",\"@id\":\"https:\/\/galicia.ingenierosnavales.com\/index.php\/2026\/04\/27\/noticias-sobre-el-sector-naval-en-galicia-25-27-abril-2026\/#article\",\"isPartOf\":{\"@id\":\"https:\/\/galicia.ingenierosnavales.com\/index.php\/2026\/04\/27\/noticias-sobre-el-sector-naval-en-galicia-25-27-abril-2026\/\"},\"author\":{\"name\":\"Delegaci\u00f3n Galicia\",\"@id\":\"https:\/\/galicia.ingenierosnavales.com\/#\/schema\/person\/5b19750a916831d424f63e9271d4e51d\"},\"headline\":\"Noticias sobre el sector naval en Galicia. 25-27\/abril\/2026\",\"datePublished\":\"2026-04-27T06:56:09+00:00\",\"dateModified\":\"2026-04-27T06:56:09+00:00\",\"mainEntityOfPage\":{\"@id\":\"https:\/\/galicia.ingenierosnavales.com\/index.php\/2026\/04\/27\/noticias-sobre-el-sector-naval-en-galicia-25-27-abril-2026\/\"},\"wordCount\":386,\"commentCount\":0,\"publisher\":{\"@id\":\"https:\/\/galicia.ingenierosnavales.com\/#organization\"},\"image\":{\"@id\":\"https:\/\/galicia.ingenierosnavales.com\/index.php\/2026\/04\/27\/noticias-sobre-el-sector-naval-en-galicia-25-27-abril-2026\/#primaryimage\"},\"thumbnailUrl\":\"https:\/\/galicia.ingenierosnavales.com\/wp-content\/uploads\/2023\/04\/Morning-news-1.png\",\"keywords\":[\"Noticias Galicia\",\"sector naval en Galicia\"],\"articleSection\":[\"Noticias\"],\"inLanguage\":\"es\",\"potentialAction\":[{\"@type\":\"CommentAction\",\"name\":\"Comment\",\"target\":[\"https:\/\/galicia.ingenierosnavales.com\/index.php\/2026\/04\/27\/noticias-sobre-el-sector-naval-en-galicia-25-27-abril-2026\/#respond\"]}]},{\"@type\":\"WebPage\",\"@id\":\"https:\/\/galicia.ingenierosnavales.com\/index.php\/2026\/04\/27\/noticias-sobre-el-sector-naval-en-galicia-25-27-abril-2026\/\",\"url\":\"https:\/\/galicia.ingenierosnavales.com\/index.php\/2026\/04\/27\/noticias-sobre-el-sector-naval-en-galicia-25-27-abril-2026\/\",\"name\":\"Noticias sobre el sector naval en Galicia. 25-27\/abril\/2026 - Delegaci\u00f3n del COIN en Galicia -\",\"isPartOf\":{\"@id\":\"https:\/\/galicia.ingenierosnavales.com\/#website\"},\"primaryImageOfPage\":{\"@id\":\"https:\/\/galicia.ingenierosnavales.com\/index.php\/2026\/04\/27\/noticias-sobre-el-sector-naval-en-galicia-25-27-abril-2026\/#primaryimage\"},\"image\":{\"@id\":\"https:\/\/galicia.ingenierosnavales.com\/index.php\/2026\/04\/27\/noticias-sobre-el-sector-naval-en-galicia-25-27-abril-2026\/#primaryimage\"},\"thumbnailUrl\":\"https:\/\/galicia.ingenierosnavales.com\/wp-content\/uploads\/2023\/04\/Morning-news-1.png\",\"datePublished\":\"2026-04-27T06:56:09+00:00\",\"dateModified\":\"2026-04-27T06:56:09+00:00\",\"breadcrumb\":{\"@id\":\"https:\/\/galicia.ingenierosnavales.com\/index.php\/2026\/04\/27\/noticias-sobre-el-sector-naval-en-galicia-25-27-abril-2026\/#breadcrumb\"},\"inLanguage\":\"es\",\"potentialAction\":[{\"@type\":\"ReadAction\",\"target\":[\"https:\/\/galicia.ingenierosnavales.com\/index.php\/2026\/04\/27\/noticias-sobre-el-sector-naval-en-galicia-25-27-abril-2026\/\"]}]},{\"@type\":\"ImageObject\",\"inLanguage\":\"es\",\"@id\":\"https:\/\/galicia.ingenierosnavales.com\/index.php\/2026\/04\/27\/noticias-sobre-el-sector-naval-en-galicia-25-27-abril-2026\/#primaryimage\",\"url\":\"https:\/\/galicia.ingenierosnavales.com\/wp-content\/uploads\/2023\/04\/Morning-news-1.png\",\"contentUrl\":\"https:\/\/galicia.ingenierosnavales.com\/wp-content\/uploads\/2023\/04\/Morning-news-1.png\",\"width\":700,\"height\":700},{\"@type\":\"BreadcrumbList\",\"@id\":\"https:\/\/galicia.ingenierosnavales.com\/index.php\/2026\/04\/27\/noticias-sobre-el-sector-naval-en-galicia-25-27-abril-2026\/#breadcrumb\",\"itemListElement\":[{\"@type\":\"ListItem\",\"position\":1,\"name\":\"Home\",\"item\":\"https:\/\/galicia.ingenierosnavales.com\/\"},{\"@type\":\"ListItem\",\"position\":2,\"name\":\"Noticias sobre el sector naval en Galicia. 25-27\/abril\/2026\"}]},{\"@type\":\"WebSite\",\"@id\":\"https:\/\/galicia.ingenierosnavales.com\/#website\",\"url\":\"https:\/\/galicia.ingenierosnavales.com\/\",\"name\":\"Delegaci\u00f3n del COIN en Galicia -\",\"description\":\"\",\"publisher\":{\"@id\":\"https:\/\/galicia.ingenierosnavales.com\/#organization\"},\"potentialAction\":[{\"@type\":\"SearchAction\",\"target\":{\"@type\":\"EntryPoint\",\"urlTemplate\":\"https:\/\/galicia.ingenierosnavales.com\/?s={search_term_string}\"},\"query-input\":{\"@type\":\"PropertyValueSpecification\",\"valueRequired\":true,\"valueName\":\"search_term_string\"}}],\"inLanguage\":\"es\"},{\"@type\":\"Organization\",\"@id\":\"https:\/\/galicia.ingenierosnavales.com\/#organization\",\"name\":\"Delegaci\u00f3n del COIN en Galicia -\",\"url\":\"https:\/\/galicia.ingenierosnavales.com\/\",\"logo\":{\"@type\":\"ImageObject\",\"inLanguage\":\"es\",\"@id\":\"https:\/\/galicia.ingenierosnavales.com\/#\/schema\/logo\/image\/\",\"url\":\"https:\/\/galicia.ingenierosnavales.com\/wp-content\/uploads\/2022\/03\/logo_2-1.png\",\"contentUrl\":\"https:\/\/galicia.ingenierosnavales.com\/wp-content\/uploads\/2022\/03\/logo_2-1.png\",\"width\":240,\"height\":94,\"caption\":\"Delegaci\u00f3n del COIN en Galicia - \"},\"image\":{\"@id\":\"https:\/\/galicia.ingenierosnavales.com\/#\/schema\/logo\/image\/\"}},{\"@type\":\"Person\",\"@id\":\"https:\/\/galicia.ingenierosnavales.com\/#\/schema\/person\/5b19750a916831d424f63e9271d4e51d\",\"name\":\"Delegaci\u00f3n Galicia\",\"image\":{\"@type\":\"ImageObject\",\"inLanguage\":\"es\",\"@id\":\"https:\/\/galicia.ingenierosnavales.com\/#\/schema\/person\/image\/\",\"url\":\"https:\/\/secure.gravatar.com\/avatar\/8ba9b1dd96c7effddd31fcf63bf8cc7f?s=96&d=mm&r=g\",\"contentUrl\":\"https:\/\/secure.gravatar.com\/avatar\/8ba9b1dd96c7effddd31fcf63bf8cc7f?s=96&d=mm&r=g\",\"caption\":\"Delegaci\u00f3n Galicia\"},\"url\":\"https:\/\/galicia.ingenierosnavales.com\/index.php\/author\/galicia\/\"}]}<\/script>\n<!-- \/ Yoast SEO plugin. -->","yoast_head_json":{"title":"Noticias sobre el sector naval en Galicia. 25-27\/abril\/2026 - Delegaci\u00f3n del COIN en Galicia -","robots":{"index":"index","follow":"follow","max-snippet":"max-snippet:-1","max-image-preview":"max-image-preview:large","max-video-preview":"max-video-preview:-1"},"canonical":"https:\/\/galicia.ingenierosnavales.com\/index.php\/2026\/04\/27\/noticias-sobre-el-sector-naval-en-galicia-25-27-abril-2026\/","og_locale":"es_ES","og_type":"article","og_title":"Noticias sobre el sector naval en Galicia. 25-27\/abril\/2026 - Delegaci\u00f3n del COIN en Galicia -","og_description":"S\u00e1bado 25 Diariodesantiago.es Vigo acoger\u00e1 el 66\u00ba Congreso Internacional de Ingenier\u00eda Naval en 2027 La Voz de Galicia El puerto de A Coru\u00f1a se convierte en un museo flotante: del esplendor de los galeones&#46;&#46;&#46;","og_url":"https:\/\/galicia.ingenierosnavales.com\/index.php\/2026\/04\/27\/noticias-sobre-el-sector-naval-en-galicia-25-27-abril-2026\/","og_site_name":"Delegaci\u00f3n del COIN en Galicia -","article_published_time":"2026-04-27T06:56:09+00:00","og_image":[{"width":700,"height":700,"url":"https:\/\/galicia.ingenierosnavales.com\/wp-content\/uploads\/2023\/04\/Morning-news-1.png","type":"image\/png"}],"author":"Delegaci\u00f3n Galicia","twitter_card":"summary_large_image","twitter_misc":{"Escrito por":"Delegaci\u00f3n Galicia","Tiempo de lectura":"2 minutos"},"schema":{"@context":"https:\/\/schema.org","@graph":[{"@type":"Article","@id":"https:\/\/galicia.ingenierosnavales.com\/index.php\/2026\/04\/27\/noticias-sobre-el-sector-naval-en-galicia-25-27-abril-2026\/#article","isPartOf":{"@id":"https:\/\/galicia.ingenierosnavales.com\/index.php\/2026\/04\/27\/noticias-sobre-el-sector-naval-en-galicia-25-27-abril-2026\/"},"author":{"name":"Delegaci\u00f3n Galicia","@id":"https:\/\/galicia.ingenierosnavales.com\/#\/schema\/person\/5b19750a916831d424f63e9271d4e51d"},"headline":"Noticias sobre el sector naval en Galicia. 25-27\/abril\/2026","datePublished":"2026-04-27T06:56:09+00:00","dateModified":"2026-04-27T06:56:09+00:00","mainEntityOfPage":{"@id":"https:\/\/galicia.ingenierosnavales.com\/index.php\/2026\/04\/27\/noticias-sobre-el-sector-naval-en-galicia-25-27-abril-2026\/"},"wordCount":386,"commentCount":0,"publisher":{"@id":"https:\/\/galicia.ingenierosnavales.com\/#organization"},"image":{"@id":"https:\/\/galicia.ingenierosnavales.com\/index.php\/2026\/04\/27\/noticias-sobre-el-sector-naval-en-galicia-25-27-abril-2026\/#primaryimage"},"thumbnailUrl":"https:\/\/galicia.ingenierosnavales.com\/wp-content\/uploads\/2023\/04\/Morning-news-1.png","keywords":["Noticias Galicia","sector naval en Galicia"],"articleSection":["Noticias"],"inLanguage":"es","potentialAction":[{"@type":"CommentAction","name":"Comment","target":["https:\/\/galicia.ingenierosnavales.com\/index.php\/2026\/04\/27\/noticias-sobre-el-sector-naval-en-galicia-25-27-abril-2026\/#respond"]}]},{"@type":"WebPage","@id":"https:\/\/galicia.ingenierosnavales.com\/index.php\/2026\/04\/27\/noticias-sobre-el-sector-naval-en-galicia-25-27-abril-2026\/","url":"https:\/\/galicia.ingenierosnavales.com\/index.php\/2026\/04\/27\/noticias-sobre-el-sector-naval-en-galicia-25-27-abril-2026\/","name":"Noticias sobre el sector naval en Galicia. 25-27\/abril\/2026 - Delegaci\u00f3n del COIN en Galicia -","isPartOf":{"@id":"https:\/\/galicia.ingenierosnavales.com\/#website"},"primaryImageOfPage":{"@id":"https:\/\/galicia.ingenierosnavales.com\/index.php\/2026\/04\/27\/noticias-sobre-el-sector-naval-en-galicia-25-27-abril-2026\/#primaryimage"},"image":{"@id":"https:\/\/galicia.ingenierosnavales.com\/index.php\/2026\/04\/27\/noticias-sobre-el-sector-naval-en-galicia-25-27-abril-2026\/#primaryimage"},"thumbnailUrl":"https:\/\/galicia.ingenierosnavales.com\/wp-content\/uploads\/2023\/04\/Morning-news-1.png","datePublished":"2026-04-27T06:56:09+00:00","dateModified":"2026-04-27T06:56:09+00:00","breadcrumb":{"@id":"https:\/\/galicia.ingenierosnavales.com\/index.php\/2026\/04\/27\/noticias-sobre-el-sector-naval-en-galicia-25-27-abril-2026\/#breadcrumb"},"inLanguage":"es","potentialAction":[{"@type":"ReadAction","target":["https:\/\/galicia.ingenierosnavales.com\/index.php\/2026\/04\/27\/noticias-sobre-el-sector-naval-en-galicia-25-27-abril-2026\/"]}]},{"@type":"ImageObject","inLanguage":"es","@id":"https:\/\/galicia.ingenierosnavales.com\/index.php\/2026\/04\/27\/noticias-sobre-el-sector-naval-en-galicia-25-27-abril-2026\/#primaryimage","url":"https:\/\/galicia.ingenierosnavales.com\/wp-content\/uploads\/2023\/04\/Morning-news-1.png","contentUrl":"https:\/\/galicia.ingenierosnavales.com\/wp-content\/uploads\/2023\/04\/Morning-news-1.png","width":700,"height":700},{"@type":"BreadcrumbList","@id":"https:\/\/galicia.ingenierosnavales.com\/index.php\/2026\/04\/27\/noticias-sobre-el-sector-naval-en-galicia-25-27-abril-2026\/#breadcrumb","itemListElement":[{"@type":"ListItem","position":1,"name":"Home","item":"https:\/\/galicia.ingenierosnavales.com\/"},{"@type":"ListItem","position":2,"name":"Noticias sobre el sector naval en Galicia. 25-27\/abril\/2026"}]},{"@type":"WebSite","@id":"https:\/\/galicia.ingenierosnavales.com\/#website","url":"https:\/\/galicia.ingenierosnavales.com\/","name":"Delegaci\u00f3n del COIN en Galicia -","description":"","publisher":{"@id":"https:\/\/galicia.ingenierosnavales.com\/#organization"},"potentialAction":[{"@type":"SearchAction","target":{"@type":"EntryPoint","urlTemplate":"https:\/\/galicia.ingenierosnavales.com\/?s={search_term_string}"},"query-input":{"@type":"PropertyValueSpecification","valueRequired":true,"valueName":"search_term_string"}}],"inLanguage":"es"},{"@type":"Organization","@id":"https:\/\/galicia.ingenierosnavales.com\/#organization","name":"Delegaci\u00f3n del COIN en Galicia -","url":"https:\/\/galicia.ingenierosnavales.com\/","logo":{"@type":"ImageObject","inLanguage":"es","@id":"https:\/\/galicia.ingenierosnavales.com\/#\/schema\/logo\/image\/","url":"https:\/\/galicia.ingenierosnavales.com\/wp-content\/uploads\/2022\/03\/logo_2-1.png","contentUrl":"https:\/\/galicia.ingenierosnavales.com\/wp-content\/uploads\/2022\/03\/logo_2-1.png","width":240,"height":94,"caption":"Delegaci\u00f3n del COIN en Galicia - "},"image":{"@id":"https:\/\/galicia.ingenierosnavales.com\/#\/schema\/logo\/image\/"}},{"@type":"Person","@id":"https:\/\/galicia.ingenierosnavales.com\/#\/schema\/person\/5b19750a916831d424f63e9271d4e51d","name":"Delegaci\u00f3n Galicia","image":{"@type":"ImageObject","inLanguage":"es","@id":"https:\/\/galicia.ingenierosnavales.com\/#\/schema\/person\/image\/","url":"https:\/\/secure.gravatar.com\/avatar\/8ba9b1dd96c7effddd31fcf63bf8cc7f?s=96&d=mm&r=g","contentUrl":"https:\/\/secure.gravatar.com\/avatar\/8ba9b1dd96c7effddd31fcf63bf8cc7f?s=96&d=mm&r=g","caption":"Delegaci\u00f3n Galicia"},"url":"https:\/\/galicia.ingenierosnavales.com\/index.php\/author\/galicia\/"}]}},"_links":{"self":[{"href":"https:\/\/galicia.ingenierosnavales.com\/index.php\/wp-json\/wp\/v2\/posts\/10258","targetHints":{"allow":["GET"]}}],"collection":[{"href":"https:\/\/galicia.ingenierosnavales.com\/index.php\/wp-json\/wp\/v2\/posts"}],"about":[{"href":"https:\/\/galicia.ingenierosnavales.com\/index.php\/wp-json\/wp\/v2\/types\/post"}],"author":[{"embeddable":true,"href":"https:\/\/galicia.ingenierosnavales.com\/index.php\/wp-json\/wp\/v2\/users\/2"}],"replies":[{"embeddable":true,"href":"https:\/\/galicia.ingenierosnavales.com\/index.php\/wp-json\/wp\/v2\/comments?post=10258"}],"version-history":[{"count":1,"href":"https:\/\/galicia.ingenierosnavales.com\/index.php\/wp-json\/wp\/v2\/posts\/10258\/revisions"}],"predecessor-version":[{"id":10259,"href":"https:\/\/galicia.ingenierosnavales.com\/index.php\/wp-json\/wp\/v2\/posts\/10258\/revisions\/10259"}],"wp:featuredmedia":[{"embeddable":true,"href":"https:\/\/galicia.ingenierosnavales.com\/index.php\/wp-json\/wp\/v2\/media\/4886"}],"wp:attachment":[{"href":"https:\/\/galicia.ingenierosnavales.com\/index.php\/wp-json\/wp\/v2\/media?parent=10258"}],"wp:term":[{"taxonomy":"category","embeddable":true,"href":"https:\/\/galicia.ingenierosnavales.com\/index.php\/wp-json\/wp\/v2\/categories?post=10258"},{"taxonomy":"post_tag","embeddable":true,"href":"https:\/\/galicia.ingenierosnavales.com\/index.php\/wp-json\/wp\/v2\/tags?post=10258"}],"curies":[{"name":"wp","href":"https:\/\/api.w.org\/{rel}","templated":true}]}}