{"id":10233,"date":"2026-04-17T10:42:13","date_gmt":"2026-04-17T10:42:13","guid":{"rendered":"https:\/\/galicia.ingenierosnavales.com\/?p=10233"},"modified":"2026-04-17T10:42:13","modified_gmt":"2026-04-17T10:42:13","slug":"nombramiento-nuevo-vocal-de-la-zona-norte-16-abril-2026","status":"publish","type":"post","link":"https:\/\/galicia.ingenierosnavales.com\/index.php\/2026\/04\/17\/nombramiento-nuevo-vocal-de-la-zona-norte-16-abril-2026\/","title":{"rendered":"Nombramiento nuevo Vocal de la Zona Norte.16\/abril\/2026"},"content":{"rendered":"<p><img fetchpriority=\"high\" decoding=\"async\" class=\"size-medium wp-image-10234 aligncenter\" src=\"https:\/\/galicia.ingenierosnavales.com\/wp-content\/uploads\/2026\/04\/VOCAL-ZONA-NORTE-300x300.jpeg\" alt=\"\" width=\"300\" height=\"300\" srcset=\"https:\/\/galicia.ingenierosnavales.com\/wp-content\/uploads\/2026\/04\/VOCAL-ZONA-NORTE-300x300.jpeg 300w, https:\/\/galicia.ingenierosnavales.com\/wp-content\/uploads\/2026\/04\/VOCAL-ZONA-NORTE-1019x1024.jpeg 1019w, https:\/\/galicia.ingenierosnavales.com\/wp-content\/uploads\/2026\/04\/VOCAL-ZONA-NORTE-150x150.jpeg 150w, https:\/\/galicia.ingenierosnavales.com\/wp-content\/uploads\/2026\/04\/VOCAL-ZONA-NORTE-80x80.jpeg 80w, https:\/\/galicia.ingenierosnavales.com\/wp-content\/uploads\/2026\/04\/VOCAL-ZONA-NORTE-320x320.jpeg 320w\" sizes=\"(max-width: 300px) 100vw, 300px\" \/><\/p>\n<p>En la tarde del jueves <strong>16 de abril<\/strong>, tuvo lugar la <strong>Junta General Extraordinaria<\/strong> de la Delegaci\u00f3n Territorial del COIN en Galicia, en donde tuvo lugar el nombramiento como <strong>Vocal de la Zona Norte al Colegiado Francisco Javier Filgueira Rodr\u00edguez <\/strong>y posterior toma de posesi\u00f3n oficial en Junta de Gobierno Territorial.<\/p>\n<p style=\"text-align: center;\">Desde la Delegaci\u00f3n Territorial en Galicia, le damos la bienvenida!!!<\/p>\n","protected":false},"excerpt":{"rendered":"<p>En la tarde del jueves 16 de abril, tuvo lugar la Junta General Extraordinaria de la Delegaci\u00f3n Territorial del COIN en Galicia, en donde tuvo lugar el nombramiento como Vocal de la Zona Norte&#46;&#46;&#46;<\/p>\n","protected":false},"author":2,"featured_media":10234,"comment_status":"open","ping_status":"closed","sticky":false,"template":"","format":"standard","meta":{"om_disable_all_campaigns":false,"_monsterinsights_skip_tracking":false,"footnotes":""},"categories":[3],"tags":[9,39,49,43],"class_list":["post-10233","post","type-post","status-publish","format-standard","has-post-thumbnail","hentry","category-noticias-gl-es","tag-circular-galicia","tag-comunicaciones-dt-galicia","tag-ingenieros-navales-galicia","tag-noticias-galicia"],"aioseo_notices":[],"aioseo_head":"\n\t\t<!-- All in One SEO 5.0.1.1 - aioseo.com -->\n\t<meta name=\"description\" content=\"En la tarde del jueves 16 de abril, tuvo lugar la Junta General Extraordinaria de la Delegaci\u00f3n Territorial del COIN en Galicia, en donde tuvo lugar el nombramiento como Vocal de la Zona Norte al Colegiado Francisco Javier Filgueira Rodr\u00edguez y posterior toma de posesi\u00f3n oficial en Junta de Gobierno Territorial. Desde la Delegaci\u00f3n Territorial\" \/>\n\t<meta name=\"robots\" content=\"max-image-preview:large\" \/>\n\t<meta name=\"author\" content=\"Delegaci\u00f3n Galicia\"\/>\n\t<meta name=\"google-site-verification\" content=\"7brmUOAwEmVOzDsnJ9q5QE6pLdw6wH0XiigUsr1GV5s\" \/>\n\t<link rel=\"canonical\" href=\"https:\/\/galicia.ingenierosnavales.com\/index.php\/2026\/04\/17\/nombramiento-nuevo-vocal-de-la-zona-norte-16-abril-2026\/\" \/>\n\t<meta name=\"generator\" content=\"All in One SEO (AIOSEO) 5.0.1.1\" \/>\n\t\t<meta property=\"og:locale\" content=\"es_ES\" \/>\n\t\t<meta property=\"og:site_name\" content=\"Delegaci\u00f3n del COIN en Galicia -  -\" \/>\n\t\t<meta property=\"og:type\" content=\"article\" \/>\n\t\t<meta property=\"og:title\" content=\"Nombramiento nuevo Vocal de la Zona Norte.16\/abril\/2026 - Delegaci\u00f3n del COIN en Galicia -\" \/>\n\t\t<meta property=\"og:description\" content=\"En la tarde del jueves 16 de abril, tuvo lugar la Junta General Extraordinaria de la Delegaci\u00f3n Territorial del COIN en Galicia, en donde tuvo lugar el nombramiento como Vocal de la Zona Norte al Colegiado Francisco Javier Filgueira Rodr\u00edguez y posterior toma de posesi\u00f3n oficial en Junta de Gobierno Territorial. Desde la Delegaci\u00f3n Territorial\" \/>\n\t\t<meta property=\"og:url\" content=\"https:\/\/galicia.ingenierosnavales.com\/index.php\/2026\/04\/17\/nombramiento-nuevo-vocal-de-la-zona-norte-16-abril-2026\/\" \/>\n\t\t<meta property=\"og:image\" content=\"https:\/\/galicia.ingenierosnavales.com\/wp-content\/uploads\/2025\/03\/LOGO-GALICIA.png\" \/>\n\t\t<meta property=\"og:image:secure_url\" content=\"https:\/\/galicia.ingenierosnavales.com\/wp-content\/uploads\/2025\/03\/LOGO-GALICIA.png\" \/>\n\t\t<meta property=\"og:image:width\" content=\"1050\" \/>\n\t\t<meta property=\"og:image:height\" content=\"600\" \/>\n\t\t<meta property=\"article:published_time\" content=\"2026-04-17T10:42:13+00:00\" \/>\n\t\t<meta property=\"article:modified_time\" content=\"2026-04-17T10:42:13+00:00\" \/>\n\t\t<meta property=\"article:publisher\" content=\"https:\/\/facebook.com\/Ingenieros Navales Galicia\" \/>\n\t\t<meta name=\"twitter:card\" content=\"summary_large_image\" \/>\n\t\t<meta name=\"twitter:site\" content=\"@Ingenieros%20Navales%20Galicia\" \/>\n\t\t<meta name=\"twitter:title\" content=\"Nombramiento nuevo Vocal de la Zona Norte.16\/abril\/2026 - Delegaci\u00f3n del COIN en Galicia -\" \/>\n\t\t<meta name=\"twitter:description\" content=\"En la tarde del jueves 16 de abril, tuvo lugar la Junta General Extraordinaria de la Delegaci\u00f3n Territorial del COIN en Galicia, en donde tuvo lugar el nombramiento como Vocal de la Zona Norte al Colegiado Francisco Javier Filgueira Rodr\u00edguez y posterior toma de posesi\u00f3n oficial en Junta de Gobierno Territorial. Desde la Delegaci\u00f3n Territorial\" \/>\n\t\t<meta name=\"twitter:creator\" content=\"@Ingenieros%20Navales%20Galicia\" \/>\n\t\t<meta name=\"twitter:image\" content=\"https:\/\/galicia.ingenierosnavales.com\/wp-content\/uploads\/2025\/03\/LOGO-GALICIA.png\" \/>\n\t\t<script type=\"application\/ld+json\" class=\"aioseo-schema\">\n\t\t\t{\"@context\":\"https:\\\/\\\/schema.org\",\"@graph\":[{\"@type\":\"BlogPosting\",\"@id\":\"https:\\\/\\\/galicia.ingenierosnavales.com\\\/index.php\\\/2026\\\/04\\\/17\\\/nombramiento-nuevo-vocal-de-la-zona-norte-16-abril-2026\\\/#blogposting\",\"name\":\"Nombramiento nuevo Vocal de la Zona Norte.16\\\/abril\\\/2026 - Delegaci\\u00f3n del COIN en Galicia -\",\"headline\":\"Nombramiento nuevo Vocal de la Zona Norte.16\\\/abril\\\/2026\",\"author\":{\"@id\":\"https:\\\/\\\/galicia.ingenierosnavales.com\\\/index.php\\\/author\\\/galicia\\\/#author\"},\"publisher\":{\"@id\":\"https:\\\/\\\/galicia.ingenierosnavales.com\\\/#organization\"},\"image\":{\"@type\":\"ImageObject\",\"url\":\"https:\\\/\\\/galicia.ingenierosnavales.com\\\/wp-content\\\/uploads\\\/2026\\\/04\\\/VOCAL-ZONA-NORTE.jpeg\",\"width\":1592,\"height\":1600},\"datePublished\":\"2026-04-17T10:42:13+00:00\",\"dateModified\":\"2026-04-17T10:42:13+00:00\",\"inLanguage\":\"es-ES\",\"mainEntityOfPage\":{\"@id\":\"https:\\\/\\\/galicia.ingenierosnavales.com\\\/index.php\\\/2026\\\/04\\\/17\\\/nombramiento-nuevo-vocal-de-la-zona-norte-16-abril-2026\\\/#webpage\"},\"isPartOf\":{\"@id\":\"https:\\\/\\\/galicia.ingenierosnavales.com\\\/index.php\\\/2026\\\/04\\\/17\\\/nombramiento-nuevo-vocal-de-la-zona-norte-16-abril-2026\\\/#webpage\"},\"articleSection\":\"Noticias, Circular Galicia, Comunicaciones DT GALICIA, Ingenieros Navales Galicia, Noticias Galicia, Espa\\u00f1ol\"},{\"@type\":\"BreadcrumbList\",\"@id\":\"https:\\\/\\\/galicia.ingenierosnavales.com\\\/index.php\\\/2026\\\/04\\\/17\\\/nombramiento-nuevo-vocal-de-la-zona-norte-16-abril-2026\\\/#breadcrumblist\",\"itemListElement\":[{\"@type\":\"ListItem\",\"@id\":\"https:\\\/\\\/galicia.ingenierosnavales.com#listItem\",\"position\":1,\"name\":\"Home\",\"item\":\"https:\\\/\\\/galicia.ingenierosnavales.com\",\"nextItem\":{\"@type\":\"ListItem\",\"@id\":\"https:\\\/\\\/galicia.ingenierosnavales.com\\\/index.php\\\/category\\\/noticias-gl-es\\\/#listItem\",\"name\":\"Noticias\"}},{\"@type\":\"ListItem\",\"@id\":\"https:\\\/\\\/galicia.ingenierosnavales.com\\\/index.php\\\/category\\\/noticias-gl-es\\\/#listItem\",\"position\":2,\"name\":\"Noticias\",\"item\":\"https:\\\/\\\/galicia.ingenierosnavales.com\\\/index.php\\\/category\\\/noticias-gl-es\\\/\",\"nextItem\":{\"@type\":\"ListItem\",\"@id\":\"https:\\\/\\\/galicia.ingenierosnavales.com\\\/index.php\\\/2026\\\/04\\\/17\\\/nombramiento-nuevo-vocal-de-la-zona-norte-16-abril-2026\\\/#listItem\",\"name\":\"Nombramiento nuevo Vocal de la Zona Norte.16\\\/abril\\\/2026\"},\"previousItem\":{\"@type\":\"ListItem\",\"@id\":\"https:\\\/\\\/galicia.ingenierosnavales.com#listItem\",\"name\":\"Home\"}},{\"@type\":\"ListItem\",\"@id\":\"https:\\\/\\\/galicia.ingenierosnavales.com\\\/index.php\\\/2026\\\/04\\\/17\\\/nombramiento-nuevo-vocal-de-la-zona-norte-16-abril-2026\\\/#listItem\",\"position\":3,\"name\":\"Nombramiento nuevo Vocal de la Zona Norte.16\\\/abril\\\/2026\",\"previousItem\":{\"@type\":\"ListItem\",\"@id\":\"https:\\\/\\\/galicia.ingenierosnavales.com\\\/index.php\\\/category\\\/noticias-gl-es\\\/#listItem\",\"name\":\"Noticias\"}}]},{\"@type\":\"Organization\",\"@id\":\"https:\\\/\\\/galicia.ingenierosnavales.com\\\/#organization\",\"name\":\"Delegaci\\u00f3n del COIN en Galicia -\",\"url\":\"https:\\\/\\\/galicia.ingenierosnavales.com\\\/\",\"telephone\":\"+34604068370\",\"logo\":{\"@type\":\"ImageObject\",\"url\":\"https:\\\/\\\/galicia.ingenierosnavales.com\\\/wp-content\\\/uploads\\\/2019\\\/09\\\/logo_2-1.png\",\"@id\":\"https:\\\/\\\/galicia.ingenierosnavales.com\\\/index.php\\\/2026\\\/04\\\/17\\\/nombramiento-nuevo-vocal-de-la-zona-norte-16-abril-2026\\\/#organizationLogo\",\"width\":240,\"height\":94},\"image\":{\"@id\":\"https:\\\/\\\/galicia.ingenierosnavales.com\\\/index.php\\\/2026\\\/04\\\/17\\\/nombramiento-nuevo-vocal-de-la-zona-norte-16-abril-2026\\\/#organizationLogo\"},\"sameAs\":[\"https:\\\/\\\/facebook.com\\\/Ingenieros Navales Galicia\",\"https:\\\/\\\/x.com\\\/Ingenieros Navales Galicia\",\"https:\\\/\\\/instagram.com\\\/Ingenieros Navales Galicia\",\"https:\\\/\\\/tiktok.com\\\/@Ingenieros Navales Galicia\",\"https:\\\/\\\/pinterest.com\\\/Ingenieros Navales Galicia\",\"https:\\\/\\\/youtube.com\\\/Ingenieros Navales Galicia\",\"https:\\\/\\\/linkedin.com\\\/in\\\/Ingenieros Navales Galicia\"]},{\"@type\":\"Person\",\"@id\":\"https:\\\/\\\/galicia.ingenierosnavales.com\\\/index.php\\\/author\\\/galicia\\\/#author\",\"url\":\"https:\\\/\\\/galicia.ingenierosnavales.com\\\/index.php\\\/author\\\/galicia\\\/\",\"name\":\"Delegaci\\u00f3n Galicia\",\"image\":{\"@type\":\"ImageObject\",\"@id\":\"https:\\\/\\\/galicia.ingenierosnavales.com\\\/index.php\\\/2026\\\/04\\\/17\\\/nombramiento-nuevo-vocal-de-la-zona-norte-16-abril-2026\\\/#authorImage\",\"url\":\"https:\\\/\\\/secure.gravatar.com\\\/avatar\\\/784387c8ee70f0747950d2413aa515282183abc3726ddcd1d89e0d4fccc292b5?s=96&d=mm&r=g\",\"width\":96,\"height\":96,\"caption\":\"Delegaci\\u00f3n Galicia\"}},{\"@type\":\"WebPage\",\"@id\":\"https:\\\/\\\/galicia.ingenierosnavales.com\\\/index.php\\\/2026\\\/04\\\/17\\\/nombramiento-nuevo-vocal-de-la-zona-norte-16-abril-2026\\\/#webpage\",\"url\":\"https:\\\/\\\/galicia.ingenierosnavales.com\\\/index.php\\\/2026\\\/04\\\/17\\\/nombramiento-nuevo-vocal-de-la-zona-norte-16-abril-2026\\\/\",\"name\":\"Nombramiento nuevo Vocal de la Zona Norte.16\\\/abril\\\/2026 - Delegaci\\u00f3n del COIN en Galicia -\",\"description\":\"En la tarde del jueves 16 de abril, tuvo lugar la Junta General Extraordinaria de la Delegaci\\u00f3n Territorial del COIN en Galicia, en donde tuvo lugar el nombramiento como Vocal de la Zona Norte al Colegiado Francisco Javier Filgueira Rodr\\u00edguez y posterior toma de posesi\\u00f3n oficial en Junta de Gobierno Territorial. Desde la Delegaci\\u00f3n Territorial\",\"inLanguage\":\"es-ES\",\"isPartOf\":{\"@id\":\"https:\\\/\\\/galicia.ingenierosnavales.com\\\/#website\"},\"breadcrumb\":{\"@id\":\"https:\\\/\\\/galicia.ingenierosnavales.com\\\/index.php\\\/2026\\\/04\\\/17\\\/nombramiento-nuevo-vocal-de-la-zona-norte-16-abril-2026\\\/#breadcrumblist\"},\"author\":{\"@id\":\"https:\\\/\\\/galicia.ingenierosnavales.com\\\/index.php\\\/author\\\/galicia\\\/#author\"},\"creator\":{\"@id\":\"https:\\\/\\\/galicia.ingenierosnavales.com\\\/index.php\\\/author\\\/galicia\\\/#author\"},\"image\":{\"@type\":\"ImageObject\",\"url\":\"https:\\\/\\\/galicia.ingenierosnavales.com\\\/wp-content\\\/uploads\\\/2026\\\/04\\\/VOCAL-ZONA-NORTE.jpeg\",\"@id\":\"https:\\\/\\\/galicia.ingenierosnavales.com\\\/index.php\\\/2026\\\/04\\\/17\\\/nombramiento-nuevo-vocal-de-la-zona-norte-16-abril-2026\\\/#mainImage\",\"width\":1592,\"height\":1600},\"primaryImageOfPage\":{\"@id\":\"https:\\\/\\\/galicia.ingenierosnavales.com\\\/index.php\\\/2026\\\/04\\\/17\\\/nombramiento-nuevo-vocal-de-la-zona-norte-16-abril-2026\\\/#mainImage\"},\"datePublished\":\"2026-04-17T10:42:13+00:00\",\"dateModified\":\"2026-04-17T10:42:13+00:00\"},{\"@type\":\"WebSite\",\"@id\":\"https:\\\/\\\/galicia.ingenierosnavales.com\\\/#website\",\"url\":\"https:\\\/\\\/galicia.ingenierosnavales.com\\\/\",\"name\":\"Delegaci\\u00f3n del COIN en Galicia -\",\"inLanguage\":\"es-ES\",\"publisher\":{\"@id\":\"https:\\\/\\\/galicia.ingenierosnavales.com\\\/#organization\"}}]}\n\t\t<\/script>\n\t\t<!-- All in One SEO -->\n\n","aioseo_head_json":{"title":"Nombramiento nuevo Vocal de la Zona Norte.16\/abril\/2026 - Delegaci\u00f3n del COIN en Galicia -","description":"En la tarde del jueves 16 de abril, tuvo lugar la Junta General Extraordinaria de la Delegaci\u00f3n Territorial del COIN en Galicia, en donde tuvo lugar el nombramiento como Vocal de la Zona Norte al Colegiado Francisco Javier Filgueira Rodr\u00edguez y posterior toma de posesi\u00f3n oficial en Junta de Gobierno Territorial. Desde la Delegaci\u00f3n Territorial","canonical_url":"https:\/\/galicia.ingenierosnavales.com\/index.php\/2026\/04\/17\/nombramiento-nuevo-vocal-de-la-zona-norte-16-abril-2026\/","robots":"max-image-preview:large","keywords":"","webmasterTools":{"google-site-verification":"7brmUOAwEmVOzDsnJ9q5QE6pLdw6wH0XiigUsr1GV5s","miscellaneous":""},"schema":{"@context":"https:\/\/schema.org","@graph":[{"@type":"BlogPosting","@id":"https:\/\/galicia.ingenierosnavales.com\/index.php\/2026\/04\/17\/nombramiento-nuevo-vocal-de-la-zona-norte-16-abril-2026\/#blogposting","name":"Nombramiento nuevo Vocal de la Zona Norte.16\/abril\/2026 - Delegaci\u00f3n del COIN en Galicia -","headline":"Nombramiento nuevo Vocal de la Zona Norte.16\/abril\/2026","author":{"@id":"https:\/\/galicia.ingenierosnavales.com\/index.php\/author\/galicia\/#author"},"publisher":{"@id":"https:\/\/galicia.ingenierosnavales.com\/#organization"},"image":{"@type":"ImageObject","url":"https:\/\/galicia.ingenierosnavales.com\/wp-content\/uploads\/2026\/04\/VOCAL-ZONA-NORTE.jpeg","width":1592,"height":1600},"datePublished":"2026-04-17T10:42:13+00:00","dateModified":"2026-04-17T10:42:13+00:00","inLanguage":"es-ES","mainEntityOfPage":{"@id":"https:\/\/galicia.ingenierosnavales.com\/index.php\/2026\/04\/17\/nombramiento-nuevo-vocal-de-la-zona-norte-16-abril-2026\/#webpage"},"isPartOf":{"@id":"https:\/\/galicia.ingenierosnavales.com\/index.php\/2026\/04\/17\/nombramiento-nuevo-vocal-de-la-zona-norte-16-abril-2026\/#webpage"},"articleSection":"Noticias, Circular Galicia, Comunicaciones DT GALICIA, Ingenieros Navales Galicia, Noticias Galicia, Espa\u00f1ol"},{"@type":"BreadcrumbList","@id":"https:\/\/galicia.ingenierosnavales.com\/index.php\/2026\/04\/17\/nombramiento-nuevo-vocal-de-la-zona-norte-16-abril-2026\/#breadcrumblist","itemListElement":[{"@type":"ListItem","@id":"https:\/\/galicia.ingenierosnavales.com#listItem","position":1,"name":"Home","item":"https:\/\/galicia.ingenierosnavales.com","nextItem":{"@type":"ListItem","@id":"https:\/\/galicia.ingenierosnavales.com\/index.php\/category\/noticias-gl-es\/#listItem","name":"Noticias"}},{"@type":"ListItem","@id":"https:\/\/galicia.ingenierosnavales.com\/index.php\/category\/noticias-gl-es\/#listItem","position":2,"name":"Noticias","item":"https:\/\/galicia.ingenierosnavales.com\/index.php\/category\/noticias-gl-es\/","nextItem":{"@type":"ListItem","@id":"https:\/\/galicia.ingenierosnavales.com\/index.php\/2026\/04\/17\/nombramiento-nuevo-vocal-de-la-zona-norte-16-abril-2026\/#listItem","name":"Nombramiento nuevo Vocal de la Zona Norte.16\/abril\/2026"},"previousItem":{"@type":"ListItem","@id":"https:\/\/galicia.ingenierosnavales.com#listItem","name":"Home"}},{"@type":"ListItem","@id":"https:\/\/galicia.ingenierosnavales.com\/index.php\/2026\/04\/17\/nombramiento-nuevo-vocal-de-la-zona-norte-16-abril-2026\/#listItem","position":3,"name":"Nombramiento nuevo Vocal de la Zona Norte.16\/abril\/2026","previousItem":{"@type":"ListItem","@id":"https:\/\/galicia.ingenierosnavales.com\/index.php\/category\/noticias-gl-es\/#listItem","name":"Noticias"}}]},{"@type":"Organization","@id":"https:\/\/galicia.ingenierosnavales.com\/#organization","name":"Delegaci\u00f3n del COIN en Galicia -","url":"https:\/\/galicia.ingenierosnavales.com\/","telephone":"+34604068370","logo":{"@type":"ImageObject","url":"https:\/\/galicia.ingenierosnavales.com\/wp-content\/uploads\/2019\/09\/logo_2-1.png","@id":"https:\/\/galicia.ingenierosnavales.com\/index.php\/2026\/04\/17\/nombramiento-nuevo-vocal-de-la-zona-norte-16-abril-2026\/#organizationLogo","width":240,"height":94},"image":{"@id":"https:\/\/galicia.ingenierosnavales.com\/index.php\/2026\/04\/17\/nombramiento-nuevo-vocal-de-la-zona-norte-16-abril-2026\/#organizationLogo"},"sameAs":["https:\/\/facebook.com\/Ingenieros Navales Galicia","https:\/\/x.com\/Ingenieros Navales Galicia","https:\/\/instagram.com\/Ingenieros Navales Galicia","https:\/\/tiktok.com\/@Ingenieros Navales Galicia","https:\/\/pinterest.com\/Ingenieros Navales Galicia","https:\/\/youtube.com\/Ingenieros Navales Galicia","https:\/\/linkedin.com\/in\/Ingenieros Navales Galicia"]},{"@type":"Person","@id":"https:\/\/galicia.ingenierosnavales.com\/index.php\/author\/galicia\/#author","url":"https:\/\/galicia.ingenierosnavales.com\/index.php\/author\/galicia\/","name":"Delegaci\u00f3n Galicia","image":{"@type":"ImageObject","@id":"https:\/\/galicia.ingenierosnavales.com\/index.php\/2026\/04\/17\/nombramiento-nuevo-vocal-de-la-zona-norte-16-abril-2026\/#authorImage","url":"https:\/\/secure.gravatar.com\/avatar\/784387c8ee70f0747950d2413aa515282183abc3726ddcd1d89e0d4fccc292b5?s=96&d=mm&r=g","width":96,"height":96,"caption":"Delegaci\u00f3n Galicia"}},{"@type":"WebPage","@id":"https:\/\/galicia.ingenierosnavales.com\/index.php\/2026\/04\/17\/nombramiento-nuevo-vocal-de-la-zona-norte-16-abril-2026\/#webpage","url":"https:\/\/galicia.ingenierosnavales.com\/index.php\/2026\/04\/17\/nombramiento-nuevo-vocal-de-la-zona-norte-16-abril-2026\/","name":"Nombramiento nuevo Vocal de la Zona Norte.16\/abril\/2026 - Delegaci\u00f3n del COIN en Galicia -","description":"En la tarde del jueves 16 de abril, tuvo lugar la Junta General Extraordinaria de la Delegaci\u00f3n Territorial del COIN en Galicia, en donde tuvo lugar el nombramiento como Vocal de la Zona Norte al Colegiado Francisco Javier Filgueira Rodr\u00edguez y posterior toma de posesi\u00f3n oficial en Junta de Gobierno Territorial. Desde la Delegaci\u00f3n Territorial","inLanguage":"es-ES","isPartOf":{"@id":"https:\/\/galicia.ingenierosnavales.com\/#website"},"breadcrumb":{"@id":"https:\/\/galicia.ingenierosnavales.com\/index.php\/2026\/04\/17\/nombramiento-nuevo-vocal-de-la-zona-norte-16-abril-2026\/#breadcrumblist"},"author":{"@id":"https:\/\/galicia.ingenierosnavales.com\/index.php\/author\/galicia\/#author"},"creator":{"@id":"https:\/\/galicia.ingenierosnavales.com\/index.php\/author\/galicia\/#author"},"image":{"@type":"ImageObject","url":"https:\/\/galicia.ingenierosnavales.com\/wp-content\/uploads\/2026\/04\/VOCAL-ZONA-NORTE.jpeg","@id":"https:\/\/galicia.ingenierosnavales.com\/index.php\/2026\/04\/17\/nombramiento-nuevo-vocal-de-la-zona-norte-16-abril-2026\/#mainImage","width":1592,"height":1600},"primaryImageOfPage":{"@id":"https:\/\/galicia.ingenierosnavales.com\/index.php\/2026\/04\/17\/nombramiento-nuevo-vocal-de-la-zona-norte-16-abril-2026\/#mainImage"},"datePublished":"2026-04-17T10:42:13+00:00","dateModified":"2026-04-17T10:42:13+00:00"},{"@type":"WebSite","@id":"https:\/\/galicia.ingenierosnavales.com\/#website","url":"https:\/\/galicia.ingenierosnavales.com\/","name":"Delegaci\u00f3n del COIN en Galicia -","inLanguage":"es-ES","publisher":{"@id":"https:\/\/galicia.ingenierosnavales.com\/#organization"}}]},"og:locale":"es_ES","og:site_name":"Delegaci\u00f3n del COIN en Galicia -  -","og:type":"article","og:title":"Nombramiento nuevo Vocal de la Zona Norte.16\/abril\/2026 - Delegaci\u00f3n del COIN en Galicia -","og:description":"En la tarde del jueves 16 de abril, tuvo lugar la Junta General Extraordinaria de la Delegaci\u00f3n Territorial del COIN en Galicia, en donde tuvo lugar el nombramiento como Vocal de la Zona Norte al Colegiado Francisco Javier Filgueira Rodr\u00edguez y posterior toma de posesi\u00f3n oficial en Junta de Gobierno Territorial. Desde la Delegaci\u00f3n Territorial","og:url":"https:\/\/galicia.ingenierosnavales.com\/index.php\/2026\/04\/17\/nombramiento-nuevo-vocal-de-la-zona-norte-16-abril-2026\/","og:image":"https:\/\/galicia.ingenierosnavales.com\/wp-content\/uploads\/2025\/03\/LOGO-GALICIA.png","og:image:secure_url":"https:\/\/galicia.ingenierosnavales.com\/wp-content\/uploads\/2025\/03\/LOGO-GALICIA.png","og:image:width":1050,"og:image:height":600,"article:published_time":"2026-04-17T10:42:13+00:00","article:modified_time":"2026-04-17T10:42:13+00:00","article:publisher":"https:\/\/facebook.com\/Ingenieros Navales Galicia","twitter:card":"summary_large_image","twitter:site":"@Ingenieros%20Navales%20Galicia","twitter:title":"Nombramiento nuevo Vocal de la Zona Norte.16\/abril\/2026 - Delegaci\u00f3n del COIN en Galicia -","twitter:description":"En la tarde del jueves 16 de abril, tuvo lugar la Junta General Extraordinaria de la Delegaci\u00f3n Territorial del COIN en Galicia, en donde tuvo lugar el nombramiento como Vocal de la Zona Norte al Colegiado Francisco Javier Filgueira Rodr\u00edguez y posterior toma de posesi\u00f3n oficial en Junta de Gobierno Territorial. Desde la Delegaci\u00f3n Territorial","twitter:creator":"@Ingenieros%20Navales%20Galicia","twitter:image":"https:\/\/galicia.ingenierosnavales.com\/wp-content\/uploads\/2025\/03\/LOGO-GALICIA.png"},"aioseo_meta_data":{"post_id":"10233","title":null,"description":null,"keywords":null,"keyphrases":{"focus":{"keyphrase":"","score":0,"analysis":{"keyphraseInTitle":{"score":0,"maxScore":9,"error":1}}},"additional":[]},"primary_term":null,"canonical_url":null,"og_title":null,"og_description":null,"og_object_type":"default","og_image_type":"default","og_image_url":null,"og_image_width":null,"og_image_height":null,"og_image_custom_url":null,"og_image_custom_fields":null,"og_video":"","og_custom_url":null,"og_article_section":null,"og_article_tags":null,"twitter_use_og":false,"twitter_card":"default","twitter_image_type":"default","twitter_image_url":null,"twitter_image_custom_url":null,"twitter_image_custom_fields":null,"twitter_title":null,"twitter_description":null,"schema":{"blockGraphs":[],"customGraphs":[],"default":{"data":{"Article":[],"Course":[],"Dataset":[],"FAQPage":[],"Movie":[],"Person":[],"Product":[],"ProductReview":[],"Car":[],"Recipe":[],"Service":[],"SoftwareApplication":[],"WebPage":[]},"graphName":"BlogPosting","isEnabled":true},"graphs":[]},"schema_type":"default","schema_type_options":null,"pillar_content":false,"robots_default":true,"robots_noindex":false,"robots_noarchive":false,"robots_nosnippet":false,"robots_nofollow":false,"robots_noimageindex":false,"robots_noodp":false,"robots_notranslate":false,"robots_max_snippet":"-1","robots_max_videopreview":"-1","robots_max_imagepreview":"large","priority":null,"frequency":"default","local_seo":null,"limit_modified_date":false,"created":"2026-04-17 10:42:13","updated":"2026-07-27 23:50:25","ai":null,"breadcrumb_settings":null,"seo_analyzer_scan_date":null,"focus_keyword":null,"additional_keywords":null,"truseo_locale":null},"aioseo_breadcrumb":"<div class=\"aioseo-breadcrumbs\"><span class=\"aioseo-breadcrumb\">\n\t\t\t<a href=\"https:\/\/galicia.ingenierosnavales.com\" title=\"Home\">Home<\/a>\n\t\t<\/span><span class=\"aioseo-breadcrumb-separator\">&raquo;<\/span><span class=\"aioseo-breadcrumb\">\n\t\t\t<a href=\"https:\/\/galicia.ingenierosnavales.com\/index.php\/category\/noticias-gl-es\/\" title=\"Noticias\">Noticias<\/a>\n\t\t<\/span><span class=\"aioseo-breadcrumb-separator\">&raquo;<\/span><span class=\"aioseo-breadcrumb\">\n\t\t\tNombramiento nuevo Vocal de la Zona Norte.16\/abril\/2026\n\t\t<\/span><\/div>","aioseo_breadcrumb_json":[{"label":"Home","link":"https:\/\/galicia.ingenierosnavales.com"},{"label":"Noticias","link":"https:\/\/galicia.ingenierosnavales.com\/index.php\/category\/noticias-gl-es\/"},{"label":"Nombramiento nuevo Vocal de la Zona Norte.16\/abril\/2026","link":"https:\/\/galicia.ingenierosnavales.com\/index.php\/2026\/04\/17\/nombramiento-nuevo-vocal-de-la-zona-norte-16-abril-2026\/"}],"_links":{"self":[{"href":"https:\/\/galicia.ingenierosnavales.com\/index.php\/wp-json\/wp\/v2\/posts\/10233","targetHints":{"allow":["GET"]}}],"collection":[{"href":"https:\/\/galicia.ingenierosnavales.com\/index.php\/wp-json\/wp\/v2\/posts"}],"about":[{"href":"https:\/\/galicia.ingenierosnavales.com\/index.php\/wp-json\/wp\/v2\/types\/post"}],"author":[{"embeddable":true,"href":"https:\/\/galicia.ingenierosnavales.com\/index.php\/wp-json\/wp\/v2\/users\/2"}],"replies":[{"embeddable":true,"href":"https:\/\/galicia.ingenierosnavales.com\/index.php\/wp-json\/wp\/v2\/comments?post=10233"}],"version-history":[{"count":1,"href":"https:\/\/galicia.ingenierosnavales.com\/index.php\/wp-json\/wp\/v2\/posts\/10233\/revisions"}],"predecessor-version":[{"id":10235,"href":"https:\/\/galicia.ingenierosnavales.com\/index.php\/wp-json\/wp\/v2\/posts\/10233\/revisions\/10235"}],"wp:featuredmedia":[{"embeddable":true,"href":"https:\/\/galicia.ingenierosnavales.com\/index.php\/wp-json\/wp\/v2\/media\/10234"}],"wp:attachment":[{"href":"https:\/\/galicia.ingenierosnavales.com\/index.php\/wp-json\/wp\/v2\/media?parent=10233"}],"wp:term":[{"taxonomy":"category","embeddable":true,"href":"https:\/\/galicia.ingenierosnavales.com\/index.php\/wp-json\/wp\/v2\/categories?post=10233"},{"taxonomy":"post_tag","embeddable":true,"href":"https:\/\/galicia.ingenierosnavales.com\/index.php\/wp-json\/wp\/v2\/tags?post=10233"}],"curies":[{"name":"wp","href":"https:\/\/api.w.org\/{rel}","templated":true}]}}