{"id":10075,"date":"2026-03-17T11:31:57","date_gmt":"2026-03-17T11:31:57","guid":{"rendered":"https:\/\/galicia.ingenierosnavales.com\/?p=10075"},"modified":"2026-03-17T11:32:18","modified_gmt":"2026-03-17T11:32:18","slug":"jornada-el-ingeniero-naval-en-el-transporte-maritimo","status":"publish","type":"post","link":"https:\/\/galicia.ingenierosnavales.com\/index.php\/2026\/03\/17\/jornada-el-ingeniero-naval-en-el-transporte-maritimo\/","title":{"rendered":"Jornada \u00abEl Ingeniero Naval en el transporte mar\u00edtimo\u00bb"},"content":{"rendered":"<p><img loading=\"lazy\" decoding=\"async\" class=\"aligncenter wp-image-9943 size-large\" src=\"https:\/\/galicia.ingenierosnavales.com\/wp-content\/uploads\/2026\/02\/Banner-web-Actividades-Navales-13-1024x587.png\" alt=\"\" width=\"1024\" height=\"587\" srcset=\"https:\/\/galicia.ingenierosnavales.com\/wp-content\/uploads\/2026\/02\/Banner-web-Actividades-Navales-13-1024x587.png 1024w, https:\/\/galicia.ingenierosnavales.com\/wp-content\/uploads\/2026\/02\/Banner-web-Actividades-Navales-13-300x172.png 300w, https:\/\/galicia.ingenierosnavales.com\/wp-content\/uploads\/2026\/02\/Banner-web-Actividades-Navales-13-768x440.png 768w, https:\/\/galicia.ingenierosnavales.com\/wp-content\/uploads\/2026\/02\/Banner-web-Actividades-Navales-13.png 1219w\" sizes=\"auto, (max-width: 1024px) 100vw, 1024px\" \/><\/p>\n<p>El pasado <strong>10 de marzo a las 10:30 h.<\/strong>, tuvo lugar la primera de las jornadas que la <strong>Delegaci\u00f3n Territorial en Galicia del Colegio y Asociaci\u00f3n de Ingenieros Navales y Oce\u00e1nicos<\/strong>, tiene previsto organizar a lo largo del 2026, en colaboraci\u00f3n co la <strong>Escola Polit\u00e9cnica de Enxe\u00f1er\u00eda de Ferrol (EPEF)<\/strong> y subvencionada por la <strong>Deputaci\u00f3n da Coru\u00f1a.<\/strong><\/p>\n<p>En esta conferencia se habl\u00f3 brevemente sobre los principales tipos de empresas relacionadas con el breakbulk y los requerimientos para contratar Ingenieros, para pasar a explicar m\u00e1s en detalle, las funciones a realizar el el d\u00eda a d\u00eda. A trav\u00e9s de casos reales se ense\u00f1\u00f3 c\u00f3mo se aplican los conceptos te\u00f3ricos en la vida real.<\/p>\n<p>En esta ocasi\u00f3n la conferencia fue impartida por el <strong>Ingeniero Naval y M\u00e1ster en Log\u00edstica y Transporte, D. Ignacio Torres Mart\u00ednez<\/strong> que en la actualidad ejerce como Responsable de Ingenier\u00eda del Transporte en Erhardt Renewables. En el pasado trabaj\u00f3 en terminales portuarias en Espa\u00f1a y Portugal, as\u00ed como en navieras y operadores log\u00edsticos en Alemania.<\/p>\n<p style=\"text-align: center;\"><span style=\"color: #000080;\"><strong>GALER\u00cdA DE IM\u00c1GENES<\/strong><\/span><\/p>\n\n\t\t<style>\n\t\t\t#gallery-1 {\n\t\t\t\tmargin: auto;\n\t\t\t}\n\t\t\t#gallery-1 .gallery-item {\n\t\t\t\tfloat: left;\n\t\t\t\tmargin-top: 10px;\n\t\t\t\ttext-align: center;\n\t\t\t\twidth: 33%;\n\t\t\t}\n\t\t\t#gallery-1 img {\n\t\t\t\tborder: 2px solid #cfcfcf;\n\t\t\t}\n\t\t\t#gallery-1 .gallery-caption {\n\t\t\t\tmargin-left: 0;\n\t\t\t}\n\t\t\t\/* see gallery_shortcode() in wp-includes\/media.php *\/\n\t\t<\/style>\n\t\t<div id='gallery-1' class='gallery galleryid-10075 gallery-columns-3 gallery-size-full'><dl class='gallery-item'>\n\t\t\t<dt class='gallery-icon landscape'>\n\t\t\t\t<a href='https:\/\/galicia.ingenierosnavales.com\/index.php\/2026\/03\/17\/xornada-o-enxeneiro-naval-no-transporte-maritimo\/_i8a9405\/'><img loading=\"lazy\" decoding=\"async\" width=\"2560\" height=\"1707\" src=\"https:\/\/galicia.ingenierosnavales.com\/wp-content\/uploads\/2026\/03\/I8A9405-scaled.jpg\" class=\"attachment-full size-full no-lazy\" alt=\"\" srcset=\"https:\/\/galicia.ingenierosnavales.com\/wp-content\/uploads\/2026\/03\/I8A9405-scaled.jpg 2560w, https:\/\/galicia.ingenierosnavales.com\/wp-content\/uploads\/2026\/03\/I8A9405-300x200.jpg 300w, https:\/\/galicia.ingenierosnavales.com\/wp-content\/uploads\/2026\/03\/I8A9405-1024x683.jpg 1024w, https:\/\/galicia.ingenierosnavales.com\/wp-content\/uploads\/2026\/03\/I8A9405-768x512.jpg 768w, https:\/\/galicia.ingenierosnavales.com\/wp-content\/uploads\/2026\/03\/I8A9405-1536x1024.jpg 1536w, https:\/\/galicia.ingenierosnavales.com\/wp-content\/uploads\/2026\/03\/I8A9405-2048x1365.jpg 2048w\" sizes=\"auto, (max-width: 2560px) 100vw, 2560px\" \/><\/a>\n\t\t\t<\/dt><\/dl><dl class='gallery-item'>\n\t\t\t<dt class='gallery-icon landscape'>\n\t\t\t\t<a href='https:\/\/galicia.ingenierosnavales.com\/index.php\/2026\/03\/17\/xornada-o-enxeneiro-naval-no-transporte-maritimo\/_i8a9398\/'><img loading=\"lazy\" decoding=\"async\" width=\"2560\" height=\"1707\" src=\"https:\/\/galicia.ingenierosnavales.com\/wp-content\/uploads\/2026\/03\/I8A9398-scaled.jpg\" class=\"attachment-full size-full no-lazy\" alt=\"\" srcset=\"https:\/\/galicia.ingenierosnavales.com\/wp-content\/uploads\/2026\/03\/I8A9398-scaled.jpg 2560w, https:\/\/galicia.ingenierosnavales.com\/wp-content\/uploads\/2026\/03\/I8A9398-300x200.jpg 300w, https:\/\/galicia.ingenierosnavales.com\/wp-content\/uploads\/2026\/03\/I8A9398-1024x683.jpg 1024w, https:\/\/galicia.ingenierosnavales.com\/wp-content\/uploads\/2026\/03\/I8A9398-768x512.jpg 768w, https:\/\/galicia.ingenierosnavales.com\/wp-content\/uploads\/2026\/03\/I8A9398-1536x1024.jpg 1536w, https:\/\/galicia.ingenierosnavales.com\/wp-content\/uploads\/2026\/03\/I8A9398-2048x1365.jpg 2048w\" sizes=\"auto, (max-width: 2560px) 100vw, 2560px\" \/><\/a>\n\t\t\t<\/dt><\/dl><dl class='gallery-item'>\n\t\t\t<dt class='gallery-icon landscape'>\n\t\t\t\t<a href='https:\/\/galicia.ingenierosnavales.com\/index.php\/2026\/03\/17\/xornada-o-enxeneiro-naval-no-transporte-maritimo\/_i8a9393\/'><img loading=\"lazy\" decoding=\"async\" width=\"2560\" height=\"1707\" src=\"https:\/\/galicia.ingenierosnavales.com\/wp-content\/uploads\/2026\/03\/I8A9393-scaled.jpg\" class=\"attachment-full size-full no-lazy\" alt=\"\" srcset=\"https:\/\/galicia.ingenierosnavales.com\/wp-content\/uploads\/2026\/03\/I8A9393-scaled.jpg 2560w, https:\/\/galicia.ingenierosnavales.com\/wp-content\/uploads\/2026\/03\/I8A9393-300x200.jpg 300w, https:\/\/galicia.ingenierosnavales.com\/wp-content\/uploads\/2026\/03\/I8A9393-1024x683.jpg 1024w, https:\/\/galicia.ingenierosnavales.com\/wp-content\/uploads\/2026\/03\/I8A9393-768x512.jpg 768w, https:\/\/galicia.ingenierosnavales.com\/wp-content\/uploads\/2026\/03\/I8A9393-1536x1024.jpg 1536w, https:\/\/galicia.ingenierosnavales.com\/wp-content\/uploads\/2026\/03\/I8A9393-2048x1365.jpg 2048w\" sizes=\"auto, (max-width: 2560px) 100vw, 2560px\" \/><\/a>\n\t\t\t<\/dt><\/dl><br style=\"clear: both\" \/><dl class='gallery-item'>\n\t\t\t<dt class='gallery-icon landscape'>\n\t\t\t\t<a href='https:\/\/galicia.ingenierosnavales.com\/index.php\/2026\/03\/17\/xornada-o-enxeneiro-naval-no-transporte-maritimo\/_i8a9395\/'><img loading=\"lazy\" decoding=\"async\" width=\"2560\" height=\"1707\" src=\"https:\/\/galicia.ingenierosnavales.com\/wp-content\/uploads\/2026\/03\/I8A9395-scaled.jpg\" class=\"attachment-full size-full no-lazy\" alt=\"\" srcset=\"https:\/\/galicia.ingenierosnavales.com\/wp-content\/uploads\/2026\/03\/I8A9395-scaled.jpg 2560w, https:\/\/galicia.ingenierosnavales.com\/wp-content\/uploads\/2026\/03\/I8A9395-300x200.jpg 300w, https:\/\/galicia.ingenierosnavales.com\/wp-content\/uploads\/2026\/03\/I8A9395-1024x683.jpg 1024w, https:\/\/galicia.ingenierosnavales.com\/wp-content\/uploads\/2026\/03\/I8A9395-768x512.jpg 768w, https:\/\/galicia.ingenierosnavales.com\/wp-content\/uploads\/2026\/03\/I8A9395-1536x1024.jpg 1536w, https:\/\/galicia.ingenierosnavales.com\/wp-content\/uploads\/2026\/03\/I8A9395-2048x1365.jpg 2048w\" sizes=\"auto, (max-width: 2560px) 100vw, 2560px\" \/><\/a>\n\t\t\t<\/dt><\/dl><dl class='gallery-item'>\n\t\t\t<dt class='gallery-icon landscape'>\n\t\t\t\t<a href='https:\/\/galicia.ingenierosnavales.com\/index.php\/2026\/03\/17\/xornada-o-enxeneiro-naval-no-transporte-maritimo\/_i8a9391\/'><img loading=\"lazy\" decoding=\"async\" width=\"2560\" height=\"1707\" src=\"https:\/\/galicia.ingenierosnavales.com\/wp-content\/uploads\/2026\/03\/I8A9391-scaled.jpg\" class=\"attachment-full size-full no-lazy\" alt=\"\" srcset=\"https:\/\/galicia.ingenierosnavales.com\/wp-content\/uploads\/2026\/03\/I8A9391-scaled.jpg 2560w, https:\/\/galicia.ingenierosnavales.com\/wp-content\/uploads\/2026\/03\/I8A9391-300x200.jpg 300w, https:\/\/galicia.ingenierosnavales.com\/wp-content\/uploads\/2026\/03\/I8A9391-1024x683.jpg 1024w, https:\/\/galicia.ingenierosnavales.com\/wp-content\/uploads\/2026\/03\/I8A9391-768x512.jpg 768w, https:\/\/galicia.ingenierosnavales.com\/wp-content\/uploads\/2026\/03\/I8A9391-1536x1024.jpg 1536w, https:\/\/galicia.ingenierosnavales.com\/wp-content\/uploads\/2026\/03\/I8A9391-2048x1365.jpg 2048w\" sizes=\"auto, (max-width: 2560px) 100vw, 2560px\" \/><\/a>\n\t\t\t<\/dt><\/dl><dl class='gallery-item'>\n\t\t\t<dt class='gallery-icon landscape'>\n\t\t\t\t<a href='https:\/\/galicia.ingenierosnavales.com\/index.php\/2026\/03\/17\/xornada-o-enxeneiro-naval-no-transporte-maritimo\/_i8a9402\/'><img loading=\"lazy\" decoding=\"async\" width=\"2560\" height=\"1707\" src=\"https:\/\/galicia.ingenierosnavales.com\/wp-content\/uploads\/2026\/03\/I8A9402-scaled.jpg\" class=\"attachment-full size-full no-lazy\" alt=\"\" srcset=\"https:\/\/galicia.ingenierosnavales.com\/wp-content\/uploads\/2026\/03\/I8A9402-scaled.jpg 2560w, https:\/\/galicia.ingenierosnavales.com\/wp-content\/uploads\/2026\/03\/I8A9402-300x200.jpg 300w, https:\/\/galicia.ingenierosnavales.com\/wp-content\/uploads\/2026\/03\/I8A9402-1024x683.jpg 1024w, https:\/\/galicia.ingenierosnavales.com\/wp-content\/uploads\/2026\/03\/I8A9402-768x512.jpg 768w, https:\/\/galicia.ingenierosnavales.com\/wp-content\/uploads\/2026\/03\/I8A9402-1536x1024.jpg 1536w, https:\/\/galicia.ingenierosnavales.com\/wp-content\/uploads\/2026\/03\/I8A9402-2048x1365.jpg 2048w\" sizes=\"auto, (max-width: 2560px) 100vw, 2560px\" \/><\/a>\n\t\t\t<\/dt><\/dl><br style=\"clear: both\" \/><dl class='gallery-item'>\n\t\t\t<dt class='gallery-icon landscape'>\n\t\t\t\t<a href='https:\/\/galicia.ingenierosnavales.com\/index.php\/2026\/03\/17\/xornada-o-enxeneiro-naval-no-transporte-maritimo\/_i8a9403\/'><img loading=\"lazy\" decoding=\"async\" width=\"2560\" height=\"1707\" src=\"https:\/\/galicia.ingenierosnavales.com\/wp-content\/uploads\/2026\/03\/I8A9403-scaled.jpg\" class=\"attachment-full size-full no-lazy\" alt=\"\" srcset=\"https:\/\/galicia.ingenierosnavales.com\/wp-content\/uploads\/2026\/03\/I8A9403-scaled.jpg 2560w, https:\/\/galicia.ingenierosnavales.com\/wp-content\/uploads\/2026\/03\/I8A9403-300x200.jpg 300w, https:\/\/galicia.ingenierosnavales.com\/wp-content\/uploads\/2026\/03\/I8A9403-1024x683.jpg 1024w, https:\/\/galicia.ingenierosnavales.com\/wp-content\/uploads\/2026\/03\/I8A9403-768x512.jpg 768w, https:\/\/galicia.ingenierosnavales.com\/wp-content\/uploads\/2026\/03\/I8A9403-1536x1024.jpg 1536w, https:\/\/galicia.ingenierosnavales.com\/wp-content\/uploads\/2026\/03\/I8A9403-2048x1365.jpg 2048w\" sizes=\"auto, (max-width: 2560px) 100vw, 2560px\" \/><\/a>\n\t\t\t<\/dt><\/dl><dl class='gallery-item'>\n\t\t\t<dt class='gallery-icon landscape'>\n\t\t\t\t<a href='https:\/\/galicia.ingenierosnavales.com\/index.php\/2026\/03\/17\/xornada-o-enxeneiro-naval-no-transporte-maritimo\/_i8a9400\/'><img loading=\"lazy\" decoding=\"async\" width=\"2560\" height=\"1707\" src=\"https:\/\/galicia.ingenierosnavales.com\/wp-content\/uploads\/2026\/03\/I8A9400-scaled.jpg\" class=\"attachment-full size-full no-lazy\" alt=\"\" srcset=\"https:\/\/galicia.ingenierosnavales.com\/wp-content\/uploads\/2026\/03\/I8A9400-scaled.jpg 2560w, https:\/\/galicia.ingenierosnavales.com\/wp-content\/uploads\/2026\/03\/I8A9400-300x200.jpg 300w, https:\/\/galicia.ingenierosnavales.com\/wp-content\/uploads\/2026\/03\/I8A9400-1024x683.jpg 1024w, https:\/\/galicia.ingenierosnavales.com\/wp-content\/uploads\/2026\/03\/I8A9400-768x512.jpg 768w, https:\/\/galicia.ingenierosnavales.com\/wp-content\/uploads\/2026\/03\/I8A9400-1536x1024.jpg 1536w, https:\/\/galicia.ingenierosnavales.com\/wp-content\/uploads\/2026\/03\/I8A9400-2048x1365.jpg 2048w\" sizes=\"auto, (max-width: 2560px) 100vw, 2560px\" \/><\/a>\n\t\t\t<\/dt><\/dl><dl class='gallery-item'>\n\t\t\t<dt class='gallery-icon portrait'>\n\t\t\t\t<a href='https:\/\/galicia.ingenierosnavales.com\/index.php\/2026\/03\/17\/xornada-o-enxeneiro-naval-no-transporte-maritimo\/_i8a9388\/'><img loading=\"lazy\" decoding=\"async\" width=\"1707\" height=\"2560\" src=\"https:\/\/galicia.ingenierosnavales.com\/wp-content\/uploads\/2026\/03\/I8A9388-scaled.jpg\" class=\"attachment-full size-full no-lazy\" alt=\"\" srcset=\"https:\/\/galicia.ingenierosnavales.com\/wp-content\/uploads\/2026\/03\/I8A9388-scaled.jpg 1707w, https:\/\/galicia.ingenierosnavales.com\/wp-content\/uploads\/2026\/03\/I8A9388-200x300.jpg 200w, https:\/\/galicia.ingenierosnavales.com\/wp-content\/uploads\/2026\/03\/I8A9388-683x1024.jpg 683w, https:\/\/galicia.ingenierosnavales.com\/wp-content\/uploads\/2026\/03\/I8A9388-768x1152.jpg 768w, https:\/\/galicia.ingenierosnavales.com\/wp-content\/uploads\/2026\/03\/I8A9388-1024x1536.jpg 1024w, https:\/\/galicia.ingenierosnavales.com\/wp-content\/uploads\/2026\/03\/I8A9388-1365x2048.jpg 1365w\" sizes=\"auto, (max-width: 1707px) 100vw, 1707px\" \/><\/a>\n\t\t\t<\/dt><\/dl><br style=\"clear: both\" \/>\n\t\t<\/div>\n\n","protected":false},"excerpt":{"rendered":"<p>El pasado 10 de marzo a las 10:30 h., tuvo lugar la primera de las jornadas que la Delegaci\u00f3n Territorial en Galicia del Colegio y Asociaci\u00f3n de Ingenieros Navales y Oce\u00e1nicos, tiene previsto organizar&#46;&#46;&#46;<\/p>\n","protected":false},"author":2,"featured_media":10073,"comment_status":"open","ping_status":"open","sticky":false,"template":"","format":"standard","meta":{"om_disable_all_campaigns":false,"_monsterinsights_skip_tracking":false,"_monsterinsights_sitenote_active":false,"_monsterinsights_sitenote_note":"","_monsterinsights_sitenote_category":0,"_uf_show_specific_survey":0,"_uf_disable_surveys":false,"footnotes":""},"categories":[79,1],"tags":[75,39,49],"class_list":["post-10075","post","type-post","status-publish","format-standard","has-post-thumbnail","hentry","category-agenda","category-eventos","tag-actividades-galicia-es","tag-comunicaciones-dt-galicia","tag-ingenieros-navales-galicia"],"aioseo_notices":[],"yoast_head":"<!-- This site is optimized with the Yoast SEO plugin v24.0 - https:\/\/yoast.com\/wordpress\/plugins\/seo\/ -->\n<title>Jornada &quot;El Ingeniero Naval en el transporte mar\u00edtimo&quot; - Delegaci\u00f3n del COIN en Galicia -<\/title>\n<meta name=\"robots\" content=\"index, follow, max-snippet:-1, max-image-preview:large, max-video-preview:-1\" \/>\n<link rel=\"canonical\" href=\"https:\/\/galicia.ingenierosnavales.com\/index.php\/2026\/03\/17\/jornada-el-ingeniero-naval-en-el-transporte-maritimo\/\" \/>\n<meta property=\"og:locale\" content=\"es_ES\" \/>\n<meta property=\"og:type\" content=\"article\" \/>\n<meta property=\"og:title\" content=\"Jornada &quot;El Ingeniero Naval en el transporte mar\u00edtimo&quot; - Delegaci\u00f3n del COIN en Galicia -\" \/>\n<meta property=\"og:description\" content=\"El pasado 10 de marzo a las 10:30 h., tuvo lugar la primera de las jornadas que la Delegaci\u00f3n Territorial en Galicia del Colegio y Asociaci\u00f3n de Ingenieros Navales y Oce\u00e1nicos, tiene previsto organizar&#046;&#046;&#046;\" \/>\n<meta property=\"og:url\" content=\"https:\/\/galicia.ingenierosnavales.com\/index.php\/2026\/03\/17\/jornada-el-ingeniero-naval-en-el-transporte-maritimo\/\" \/>\n<meta property=\"og:site_name\" content=\"Delegaci\u00f3n del COIN en Galicia -\" \/>\n<meta property=\"article:published_time\" content=\"2026-03-17T11:31:57+00:00\" \/>\n<meta property=\"article:modified_time\" content=\"2026-03-17T11:32:18+00:00\" \/>\n<meta property=\"og:image\" content=\"https:\/\/galicia.ingenierosnavales.com\/wp-content\/uploads\/2026\/03\/I8A9405-scaled.jpg\" \/>\n\t<meta property=\"og:image:width\" content=\"2560\" \/>\n\t<meta property=\"og:image:height\" content=\"1707\" \/>\n\t<meta property=\"og:image:type\" content=\"image\/jpeg\" \/>\n<meta name=\"author\" content=\"Delegaci\u00f3n Galicia\" \/>\n<meta name=\"twitter:card\" content=\"summary_large_image\" \/>\n<meta name=\"twitter:label1\" content=\"Escrito por\" \/>\n\t<meta name=\"twitter:data1\" content=\"Delegaci\u00f3n Galicia\" \/>\n\t<meta name=\"twitter:label2\" content=\"Tiempo de lectura\" \/>\n\t<meta name=\"twitter:data2\" content=\"2 minutos\" \/>\n<script type=\"application\/ld+json\" class=\"yoast-schema-graph\">{\"@context\":\"https:\/\/schema.org\",\"@graph\":[{\"@type\":\"Article\",\"@id\":\"https:\/\/galicia.ingenierosnavales.com\/index.php\/2026\/03\/17\/jornada-el-ingeniero-naval-en-el-transporte-maritimo\/#article\",\"isPartOf\":{\"@id\":\"https:\/\/galicia.ingenierosnavales.com\/index.php\/2026\/03\/17\/jornada-el-ingeniero-naval-en-el-transporte-maritimo\/\"},\"author\":{\"name\":\"Delegaci\u00f3n Galicia\",\"@id\":\"https:\/\/galicia.ingenierosnavales.com\/#\/schema\/person\/5b19750a916831d424f63e9271d4e51d\"},\"headline\":\"Jornada \u00abEl Ingeniero Naval en el transporte mar\u00edtimo\u00bb\",\"datePublished\":\"2026-03-17T11:31:57+00:00\",\"dateModified\":\"2026-03-17T11:32:18+00:00\",\"mainEntityOfPage\":{\"@id\":\"https:\/\/galicia.ingenierosnavales.com\/index.php\/2026\/03\/17\/jornada-el-ingeniero-naval-en-el-transporte-maritimo\/\"},\"wordCount\":204,\"commentCount\":0,\"publisher\":{\"@id\":\"https:\/\/galicia.ingenierosnavales.com\/#organization\"},\"image\":{\"@id\":\"https:\/\/galicia.ingenierosnavales.com\/index.php\/2026\/03\/17\/jornada-el-ingeniero-naval-en-el-transporte-maritimo\/#primaryimage\"},\"thumbnailUrl\":\"https:\/\/galicia.ingenierosnavales.com\/wp-content\/uploads\/2026\/03\/I8A9405-scaled.jpg\",\"keywords\":[\"actividades Galicia\",\"Comunicaciones DT GALICIA\",\"Ingenieros Navales Galicia\"],\"articleSection\":[\"Agenda\",\"Eventos\"],\"inLanguage\":\"es\",\"potentialAction\":[{\"@type\":\"CommentAction\",\"name\":\"Comment\",\"target\":[\"https:\/\/galicia.ingenierosnavales.com\/index.php\/2026\/03\/17\/jornada-el-ingeniero-naval-en-el-transporte-maritimo\/#respond\"]}]},{\"@type\":\"WebPage\",\"@id\":\"https:\/\/galicia.ingenierosnavales.com\/index.php\/2026\/03\/17\/jornada-el-ingeniero-naval-en-el-transporte-maritimo\/\",\"url\":\"https:\/\/galicia.ingenierosnavales.com\/index.php\/2026\/03\/17\/jornada-el-ingeniero-naval-en-el-transporte-maritimo\/\",\"name\":\"Jornada \\\"El Ingeniero Naval en el transporte mar\u00edtimo\\\" - Delegaci\u00f3n del COIN en Galicia -\",\"isPartOf\":{\"@id\":\"https:\/\/galicia.ingenierosnavales.com\/#website\"},\"primaryImageOfPage\":{\"@id\":\"https:\/\/galicia.ingenierosnavales.com\/index.php\/2026\/03\/17\/jornada-el-ingeniero-naval-en-el-transporte-maritimo\/#primaryimage\"},\"image\":{\"@id\":\"https:\/\/galicia.ingenierosnavales.com\/index.php\/2026\/03\/17\/jornada-el-ingeniero-naval-en-el-transporte-maritimo\/#primaryimage\"},\"thumbnailUrl\":\"https:\/\/galicia.ingenierosnavales.com\/wp-content\/uploads\/2026\/03\/I8A9405-scaled.jpg\",\"datePublished\":\"2026-03-17T11:31:57+00:00\",\"dateModified\":\"2026-03-17T11:32:18+00:00\",\"breadcrumb\":{\"@id\":\"https:\/\/galicia.ingenierosnavales.com\/index.php\/2026\/03\/17\/jornada-el-ingeniero-naval-en-el-transporte-maritimo\/#breadcrumb\"},\"inLanguage\":\"es\",\"potentialAction\":[{\"@type\":\"ReadAction\",\"target\":[\"https:\/\/galicia.ingenierosnavales.com\/index.php\/2026\/03\/17\/jornada-el-ingeniero-naval-en-el-transporte-maritimo\/\"]}]},{\"@type\":\"ImageObject\",\"inLanguage\":\"es\",\"@id\":\"https:\/\/galicia.ingenierosnavales.com\/index.php\/2026\/03\/17\/jornada-el-ingeniero-naval-en-el-transporte-maritimo\/#primaryimage\",\"url\":\"https:\/\/galicia.ingenierosnavales.com\/wp-content\/uploads\/2026\/03\/I8A9405-scaled.jpg\",\"contentUrl\":\"https:\/\/galicia.ingenierosnavales.com\/wp-content\/uploads\/2026\/03\/I8A9405-scaled.jpg\",\"width\":2560,\"height\":1707},{\"@type\":\"BreadcrumbList\",\"@id\":\"https:\/\/galicia.ingenierosnavales.com\/index.php\/2026\/03\/17\/jornada-el-ingeniero-naval-en-el-transporte-maritimo\/#breadcrumb\",\"itemListElement\":[{\"@type\":\"ListItem\",\"position\":1,\"name\":\"Home\",\"item\":\"https:\/\/galicia.ingenierosnavales.com\/\"},{\"@type\":\"ListItem\",\"position\":2,\"name\":\"Jornada \u00abEl Ingeniero Naval en el transporte mar\u00edtimo\u00bb\"}]},{\"@type\":\"WebSite\",\"@id\":\"https:\/\/galicia.ingenierosnavales.com\/#website\",\"url\":\"https:\/\/galicia.ingenierosnavales.com\/\",\"name\":\"Delegaci\u00f3n del COIN en Galicia -\",\"description\":\"\",\"publisher\":{\"@id\":\"https:\/\/galicia.ingenierosnavales.com\/#organization\"},\"potentialAction\":[{\"@type\":\"SearchAction\",\"target\":{\"@type\":\"EntryPoint\",\"urlTemplate\":\"https:\/\/galicia.ingenierosnavales.com\/?s={search_term_string}\"},\"query-input\":{\"@type\":\"PropertyValueSpecification\",\"valueRequired\":true,\"valueName\":\"search_term_string\"}}],\"inLanguage\":\"es\"},{\"@type\":\"Organization\",\"@id\":\"https:\/\/galicia.ingenierosnavales.com\/#organization\",\"name\":\"Delegaci\u00f3n del COIN en Galicia -\",\"url\":\"https:\/\/galicia.ingenierosnavales.com\/\",\"logo\":{\"@type\":\"ImageObject\",\"inLanguage\":\"es\",\"@id\":\"https:\/\/galicia.ingenierosnavales.com\/#\/schema\/logo\/image\/\",\"url\":\"https:\/\/galicia.ingenierosnavales.com\/wp-content\/uploads\/2022\/03\/logo_2-1.png\",\"contentUrl\":\"https:\/\/galicia.ingenierosnavales.com\/wp-content\/uploads\/2022\/03\/logo_2-1.png\",\"width\":240,\"height\":94,\"caption\":\"Delegaci\u00f3n del COIN en Galicia - \"},\"image\":{\"@id\":\"https:\/\/galicia.ingenierosnavales.com\/#\/schema\/logo\/image\/\"}},{\"@type\":\"Person\",\"@id\":\"https:\/\/galicia.ingenierosnavales.com\/#\/schema\/person\/5b19750a916831d424f63e9271d4e51d\",\"name\":\"Delegaci\u00f3n Galicia\",\"image\":{\"@type\":\"ImageObject\",\"inLanguage\":\"es\",\"@id\":\"https:\/\/galicia.ingenierosnavales.com\/#\/schema\/person\/image\/\",\"url\":\"https:\/\/secure.gravatar.com\/avatar\/8ba9b1dd96c7effddd31fcf63bf8cc7f?s=96&d=mm&r=g\",\"contentUrl\":\"https:\/\/secure.gravatar.com\/avatar\/8ba9b1dd96c7effddd31fcf63bf8cc7f?s=96&d=mm&r=g\",\"caption\":\"Delegaci\u00f3n Galicia\"},\"url\":\"https:\/\/galicia.ingenierosnavales.com\/index.php\/author\/galicia\/\"}]}<\/script>\n<!-- \/ Yoast SEO plugin. -->","yoast_head_json":{"title":"Jornada \"El Ingeniero Naval en el transporte mar\u00edtimo\" - Delegaci\u00f3n del COIN en Galicia -","robots":{"index":"index","follow":"follow","max-snippet":"max-snippet:-1","max-image-preview":"max-image-preview:large","max-video-preview":"max-video-preview:-1"},"canonical":"https:\/\/galicia.ingenierosnavales.com\/index.php\/2026\/03\/17\/jornada-el-ingeniero-naval-en-el-transporte-maritimo\/","og_locale":"es_ES","og_type":"article","og_title":"Jornada \"El Ingeniero Naval en el transporte mar\u00edtimo\" - Delegaci\u00f3n del COIN en Galicia -","og_description":"El pasado 10 de marzo a las 10:30 h., tuvo lugar la primera de las jornadas que la Delegaci\u00f3n Territorial en Galicia del Colegio y Asociaci\u00f3n de Ingenieros Navales y Oce\u00e1nicos, tiene previsto organizar&#46;&#46;&#46;","og_url":"https:\/\/galicia.ingenierosnavales.com\/index.php\/2026\/03\/17\/jornada-el-ingeniero-naval-en-el-transporte-maritimo\/","og_site_name":"Delegaci\u00f3n del COIN en Galicia -","article_published_time":"2026-03-17T11:31:57+00:00","article_modified_time":"2026-03-17T11:32:18+00:00","og_image":[{"width":2560,"height":1707,"url":"https:\/\/galicia.ingenierosnavales.com\/wp-content\/uploads\/2026\/03\/I8A9405-scaled.jpg","type":"image\/jpeg"}],"author":"Delegaci\u00f3n Galicia","twitter_card":"summary_large_image","twitter_misc":{"Escrito por":"Delegaci\u00f3n Galicia","Tiempo de lectura":"2 minutos"},"schema":{"@context":"https:\/\/schema.org","@graph":[{"@type":"Article","@id":"https:\/\/galicia.ingenierosnavales.com\/index.php\/2026\/03\/17\/jornada-el-ingeniero-naval-en-el-transporte-maritimo\/#article","isPartOf":{"@id":"https:\/\/galicia.ingenierosnavales.com\/index.php\/2026\/03\/17\/jornada-el-ingeniero-naval-en-el-transporte-maritimo\/"},"author":{"name":"Delegaci\u00f3n Galicia","@id":"https:\/\/galicia.ingenierosnavales.com\/#\/schema\/person\/5b19750a916831d424f63e9271d4e51d"},"headline":"Jornada \u00abEl Ingeniero Naval en el transporte mar\u00edtimo\u00bb","datePublished":"2026-03-17T11:31:57+00:00","dateModified":"2026-03-17T11:32:18+00:00","mainEntityOfPage":{"@id":"https:\/\/galicia.ingenierosnavales.com\/index.php\/2026\/03\/17\/jornada-el-ingeniero-naval-en-el-transporte-maritimo\/"},"wordCount":204,"commentCount":0,"publisher":{"@id":"https:\/\/galicia.ingenierosnavales.com\/#organization"},"image":{"@id":"https:\/\/galicia.ingenierosnavales.com\/index.php\/2026\/03\/17\/jornada-el-ingeniero-naval-en-el-transporte-maritimo\/#primaryimage"},"thumbnailUrl":"https:\/\/galicia.ingenierosnavales.com\/wp-content\/uploads\/2026\/03\/I8A9405-scaled.jpg","keywords":["actividades Galicia","Comunicaciones DT GALICIA","Ingenieros Navales Galicia"],"articleSection":["Agenda","Eventos"],"inLanguage":"es","potentialAction":[{"@type":"CommentAction","name":"Comment","target":["https:\/\/galicia.ingenierosnavales.com\/index.php\/2026\/03\/17\/jornada-el-ingeniero-naval-en-el-transporte-maritimo\/#respond"]}]},{"@type":"WebPage","@id":"https:\/\/galicia.ingenierosnavales.com\/index.php\/2026\/03\/17\/jornada-el-ingeniero-naval-en-el-transporte-maritimo\/","url":"https:\/\/galicia.ingenierosnavales.com\/index.php\/2026\/03\/17\/jornada-el-ingeniero-naval-en-el-transporte-maritimo\/","name":"Jornada \"El Ingeniero Naval en el transporte mar\u00edtimo\" - Delegaci\u00f3n del COIN en Galicia -","isPartOf":{"@id":"https:\/\/galicia.ingenierosnavales.com\/#website"},"primaryImageOfPage":{"@id":"https:\/\/galicia.ingenierosnavales.com\/index.php\/2026\/03\/17\/jornada-el-ingeniero-naval-en-el-transporte-maritimo\/#primaryimage"},"image":{"@id":"https:\/\/galicia.ingenierosnavales.com\/index.php\/2026\/03\/17\/jornada-el-ingeniero-naval-en-el-transporte-maritimo\/#primaryimage"},"thumbnailUrl":"https:\/\/galicia.ingenierosnavales.com\/wp-content\/uploads\/2026\/03\/I8A9405-scaled.jpg","datePublished":"2026-03-17T11:31:57+00:00","dateModified":"2026-03-17T11:32:18+00:00","breadcrumb":{"@id":"https:\/\/galicia.ingenierosnavales.com\/index.php\/2026\/03\/17\/jornada-el-ingeniero-naval-en-el-transporte-maritimo\/#breadcrumb"},"inLanguage":"es","potentialAction":[{"@type":"ReadAction","target":["https:\/\/galicia.ingenierosnavales.com\/index.php\/2026\/03\/17\/jornada-el-ingeniero-naval-en-el-transporte-maritimo\/"]}]},{"@type":"ImageObject","inLanguage":"es","@id":"https:\/\/galicia.ingenierosnavales.com\/index.php\/2026\/03\/17\/jornada-el-ingeniero-naval-en-el-transporte-maritimo\/#primaryimage","url":"https:\/\/galicia.ingenierosnavales.com\/wp-content\/uploads\/2026\/03\/I8A9405-scaled.jpg","contentUrl":"https:\/\/galicia.ingenierosnavales.com\/wp-content\/uploads\/2026\/03\/I8A9405-scaled.jpg","width":2560,"height":1707},{"@type":"BreadcrumbList","@id":"https:\/\/galicia.ingenierosnavales.com\/index.php\/2026\/03\/17\/jornada-el-ingeniero-naval-en-el-transporte-maritimo\/#breadcrumb","itemListElement":[{"@type":"ListItem","position":1,"name":"Home","item":"https:\/\/galicia.ingenierosnavales.com\/"},{"@type":"ListItem","position":2,"name":"Jornada \u00abEl Ingeniero Naval en el transporte mar\u00edtimo\u00bb"}]},{"@type":"WebSite","@id":"https:\/\/galicia.ingenierosnavales.com\/#website","url":"https:\/\/galicia.ingenierosnavales.com\/","name":"Delegaci\u00f3n del COIN en Galicia -","description":"","publisher":{"@id":"https:\/\/galicia.ingenierosnavales.com\/#organization"},"potentialAction":[{"@type":"SearchAction","target":{"@type":"EntryPoint","urlTemplate":"https:\/\/galicia.ingenierosnavales.com\/?s={search_term_string}"},"query-input":{"@type":"PropertyValueSpecification","valueRequired":true,"valueName":"search_term_string"}}],"inLanguage":"es"},{"@type":"Organization","@id":"https:\/\/galicia.ingenierosnavales.com\/#organization","name":"Delegaci\u00f3n del COIN en Galicia -","url":"https:\/\/galicia.ingenierosnavales.com\/","logo":{"@type":"ImageObject","inLanguage":"es","@id":"https:\/\/galicia.ingenierosnavales.com\/#\/schema\/logo\/image\/","url":"https:\/\/galicia.ingenierosnavales.com\/wp-content\/uploads\/2022\/03\/logo_2-1.png","contentUrl":"https:\/\/galicia.ingenierosnavales.com\/wp-content\/uploads\/2022\/03\/logo_2-1.png","width":240,"height":94,"caption":"Delegaci\u00f3n del COIN en Galicia - "},"image":{"@id":"https:\/\/galicia.ingenierosnavales.com\/#\/schema\/logo\/image\/"}},{"@type":"Person","@id":"https:\/\/galicia.ingenierosnavales.com\/#\/schema\/person\/5b19750a916831d424f63e9271d4e51d","name":"Delegaci\u00f3n Galicia","image":{"@type":"ImageObject","inLanguage":"es","@id":"https:\/\/galicia.ingenierosnavales.com\/#\/schema\/person\/image\/","url":"https:\/\/secure.gravatar.com\/avatar\/8ba9b1dd96c7effddd31fcf63bf8cc7f?s=96&d=mm&r=g","contentUrl":"https:\/\/secure.gravatar.com\/avatar\/8ba9b1dd96c7effddd31fcf63bf8cc7f?s=96&d=mm&r=g","caption":"Delegaci\u00f3n Galicia"},"url":"https:\/\/galicia.ingenierosnavales.com\/index.php\/author\/galicia\/"}]}},"_links":{"self":[{"href":"https:\/\/galicia.ingenierosnavales.com\/index.php\/wp-json\/wp\/v2\/posts\/10075","targetHints":{"allow":["GET"]}}],"collection":[{"href":"https:\/\/galicia.ingenierosnavales.com\/index.php\/wp-json\/wp\/v2\/posts"}],"about":[{"href":"https:\/\/galicia.ingenierosnavales.com\/index.php\/wp-json\/wp\/v2\/types\/post"}],"author":[{"embeddable":true,"href":"https:\/\/galicia.ingenierosnavales.com\/index.php\/wp-json\/wp\/v2\/users\/2"}],"replies":[{"embeddable":true,"href":"https:\/\/galicia.ingenierosnavales.com\/index.php\/wp-json\/wp\/v2\/comments?post=10075"}],"version-history":[{"count":2,"href":"https:\/\/galicia.ingenierosnavales.com\/index.php\/wp-json\/wp\/v2\/posts\/10075\/revisions"}],"predecessor-version":[{"id":10077,"href":"https:\/\/galicia.ingenierosnavales.com\/index.php\/wp-json\/wp\/v2\/posts\/10075\/revisions\/10077"}],"wp:featuredmedia":[{"embeddable":true,"href":"https:\/\/galicia.ingenierosnavales.com\/index.php\/wp-json\/wp\/v2\/media\/10073"}],"wp:attachment":[{"href":"https:\/\/galicia.ingenierosnavales.com\/index.php\/wp-json\/wp\/v2\/media?parent=10075"}],"wp:term":[{"taxonomy":"category","embeddable":true,"href":"https:\/\/galicia.ingenierosnavales.com\/index.php\/wp-json\/wp\/v2\/categories?post=10075"},{"taxonomy":"post_tag","embeddable":true,"href":"https:\/\/galicia.ingenierosnavales.com\/index.php\/wp-json\/wp\/v2\/tags?post=10075"}],"curies":[{"name":"wp","href":"https:\/\/api.w.org\/{rel}","templated":true}]}}