{"id":10062,"date":"2026-03-17T07:44:32","date_gmt":"2026-03-17T07:44:32","guid":{"rendered":"https:\/\/galicia.ingenierosnavales.com\/?p=10062"},"modified":"2026-03-17T07:44:32","modified_gmt":"2026-03-17T07:44:32","slug":"noticias-sobre-el-sector-naval-en-galicia-17-marzo-2026","status":"publish","type":"post","link":"https:\/\/galicia.ingenierosnavales.com\/index.php\/2026\/03\/17\/noticias-sobre-el-sector-naval-en-galicia-17-marzo-2026\/","title":{"rendered":"Noticias sobre el sector naval en Galicia. 17\/marzo\/2026"},"content":{"rendered":"<table style=\"height: 549px;\" width=\"1223\">\n<tbody>\n<tr>\n<td width=\"1007\">\n<p style=\"text-align: center;\"><strong>Martes 17<\/strong><\/p>\n<p style=\"text-align: center;\">La Voz de Galicia<\/p>\n<p style=\"text-align: center;\"><a href=\"https:\/\/www.lavozdegalicia.es\/noticia\/ferrol\/ferrol\/2026\/03\/17\/catedra-cosme-alvarez-rios-acoge-charla-iago-gonzalez-monodon\/0003_202603F17C4994.htm\">La C\u00e1tedra Cosme \u00c1lvarez de los R\u00edos acoge una charla de Iago Gonz\u00e1lez, de Monodon<\/a><\/p>\n<p style=\"text-align: center;\"><a href=\"https:\/\/www.lavozdegalicia.es\/noticia\/pontevedra\/2026\/03\/17\/escuela-naval-mejorara-muelles-dragara-darsena-adaptarla-otan\/0003_202603P17C6992.htm\">La Escuela Naval mejorar\u00e1 sus muelles y dragar\u00e1 su d\u00e1rsena para adaptarla a la OTAN<\/a> (exclusivo suscriptores)<\/p>\n<p style=\"text-align: center;\">Econom\u00eda Digital Galicia<\/p>\n<p style=\"text-align: center;\"><a href=\"https:\/\/www.economiadigital.es\/galicia\/gl\/empresas-gl\/o-presidente-de-navantia-vaticina-un-cambio-estrutural-co-boom-do-gasto-en-defensa.html?amp\">O presidente de Navantia vaticina un cambio \u201cestructural\u201d co boom do gasto en defensa<\/a><\/p>\n<p style=\"text-align: center;\">Diario de Ferrol<\/p>\n<p style=\"text-align: center;\"><a href=\"https:\/\/diariodeferrol.elidealgallego.com\/ferrol\/2026-03-16\/la-innovacion-en-navantia-este-miercoles-en-la-catedra-cosme-alvarez-de-los-rios-843171.html\">La innovaci\u00f3n en Navantia, este mi\u00e9rcoles en la C\u00e1tedra Cosme \u00c1lvarez de los R\u00edos<\/a><\/p>\n<p style=\"text-align: center;\">Ferrol360.es<\/p>\n<p style=\"text-align: center;\"><a href=\"https:\/\/ferrol360.es\/navantia-impulsa-en-el-campus-industrial-un-debate-sobre-innovacion-y-geoestrategia-en-defensa\/\">Navantia impulsa en el Campus Industrial un debate sobre innovaci\u00f3n y geoestrategia en defensa<\/a><\/p>\n<p style=\"text-align: center;\">Elespanol.com<\/p>\n<p style=\"text-align: center;\"><a href=\"https:\/\/www.elespanol.com\/quincemil\/economia\/turismo\/20260316\/trasatlanticos-grandes-mundo-hace-escala-puerto-coruna-iona\/1003744171288_0.html\">Uno de los trasatl\u00e1nticos m\u00e1s grandes del mundo hace escala en el puerto de A Coru\u00f1a: as\u00ed es el Iona<\/a><\/p>\n<\/td>\n<\/tr>\n<\/tbody>\n<\/table>\n","protected":false},"excerpt":{"rendered":"<p>Martes 17 La Voz de Galicia La C\u00e1tedra Cosme \u00c1lvarez de los R\u00edos acoge una charla de Iago Gonz\u00e1lez, de Monodon La Escuela Naval mejorar\u00e1 sus muelles y dragar\u00e1 su d\u00e1rsena para adaptarla a&#46;&#46;&#46;<\/p>\n","protected":false},"author":2,"featured_media":4886,"comment_status":"open","ping_status":"open","sticky":false,"template":"","format":"standard","meta":{"om_disable_all_campaigns":false,"_monsterinsights_skip_tracking":false,"_monsterinsights_sitenote_active":false,"_monsterinsights_sitenote_note":"","_monsterinsights_sitenote_category":0,"_uf_show_specific_survey":0,"_uf_disable_surveys":false,"footnotes":""},"categories":[3],"tags":[49,43,47],"class_list":["post-10062","post","type-post","status-publish","format-standard","has-post-thumbnail","hentry","category-noticias-gl-es","tag-ingenieros-navales-galicia","tag-noticias-galicia","tag-sector-naval-en-galicia"],"aioseo_notices":[],"yoast_head":"<!-- This site is optimized with the Yoast SEO plugin v24.0 - https:\/\/yoast.com\/wordpress\/plugins\/seo\/ -->\n<title>Noticias sobre el sector naval en Galicia. 17\/marzo\/2026 - Delegaci\u00f3n del COIN en Galicia -<\/title>\n<meta name=\"robots\" content=\"index, follow, max-snippet:-1, max-image-preview:large, max-video-preview:-1\" \/>\n<link rel=\"canonical\" href=\"https:\/\/galicia.ingenierosnavales.com\/index.php\/2026\/03\/17\/noticias-sobre-el-sector-naval-en-galicia-17-marzo-2026\/\" \/>\n<meta property=\"og:locale\" content=\"es_ES\" \/>\n<meta property=\"og:type\" content=\"article\" \/>\n<meta property=\"og:title\" content=\"Noticias sobre el sector naval en Galicia. 17\/marzo\/2026 - Delegaci\u00f3n del COIN en Galicia -\" \/>\n<meta property=\"og:description\" content=\"Martes 17 La Voz de Galicia La C\u00e1tedra Cosme \u00c1lvarez de los R\u00edos acoge una charla de Iago Gonz\u00e1lez, de Monodon La Escuela Naval mejorar\u00e1 sus muelles y dragar\u00e1 su d\u00e1rsena para adaptarla a&#046;&#046;&#046;\" \/>\n<meta property=\"og:url\" content=\"https:\/\/galicia.ingenierosnavales.com\/index.php\/2026\/03\/17\/noticias-sobre-el-sector-naval-en-galicia-17-marzo-2026\/\" \/>\n<meta property=\"og:site_name\" content=\"Delegaci\u00f3n del COIN en Galicia -\" \/>\n<meta property=\"article:published_time\" content=\"2026-03-17T07:44:32+00:00\" \/>\n<meta property=\"og:image\" content=\"https:\/\/galicia.ingenierosnavales.com\/wp-content\/uploads\/2023\/04\/Morning-news-1.png\" \/>\n\t<meta property=\"og:image:width\" content=\"700\" \/>\n\t<meta property=\"og:image:height\" content=\"700\" \/>\n\t<meta property=\"og:image:type\" content=\"image\/png\" \/>\n<meta name=\"author\" content=\"Delegaci\u00f3n Galicia\" \/>\n<meta name=\"twitter:card\" content=\"summary_large_image\" \/>\n<meta name=\"twitter:label1\" content=\"Escrito por\" \/>\n\t<meta name=\"twitter:data1\" content=\"Delegaci\u00f3n Galicia\" \/>\n\t<meta name=\"twitter:label2\" content=\"Tiempo de lectura\" \/>\n\t<meta name=\"twitter:data2\" content=\"1 minuto\" \/>\n<script type=\"application\/ld+json\" class=\"yoast-schema-graph\">{\"@context\":\"https:\/\/schema.org\",\"@graph\":[{\"@type\":\"Article\",\"@id\":\"https:\/\/galicia.ingenierosnavales.com\/index.php\/2026\/03\/17\/noticias-sobre-el-sector-naval-en-galicia-17-marzo-2026\/#article\",\"isPartOf\":{\"@id\":\"https:\/\/galicia.ingenierosnavales.com\/index.php\/2026\/03\/17\/noticias-sobre-el-sector-naval-en-galicia-17-marzo-2026\/\"},\"author\":{\"name\":\"Delegaci\u00f3n Galicia\",\"@id\":\"https:\/\/galicia.ingenierosnavales.com\/#\/schema\/person\/5b19750a916831d424f63e9271d4e51d\"},\"headline\":\"Noticias sobre el sector naval en Galicia. 17\/marzo\/2026\",\"datePublished\":\"2026-03-17T07:44:32+00:00\",\"dateModified\":\"2026-03-17T07:44:32+00:00\",\"mainEntityOfPage\":{\"@id\":\"https:\/\/galicia.ingenierosnavales.com\/index.php\/2026\/03\/17\/noticias-sobre-el-sector-naval-en-galicia-17-marzo-2026\/\"},\"wordCount\":130,\"commentCount\":0,\"publisher\":{\"@id\":\"https:\/\/galicia.ingenierosnavales.com\/#organization\"},\"image\":{\"@id\":\"https:\/\/galicia.ingenierosnavales.com\/index.php\/2026\/03\/17\/noticias-sobre-el-sector-naval-en-galicia-17-marzo-2026\/#primaryimage\"},\"thumbnailUrl\":\"https:\/\/galicia.ingenierosnavales.com\/wp-content\/uploads\/2023\/04\/Morning-news-1.png\",\"keywords\":[\"Ingenieros Navales Galicia\",\"Noticias Galicia\",\"sector naval en Galicia\"],\"articleSection\":[\"Noticias\"],\"inLanguage\":\"es\",\"potentialAction\":[{\"@type\":\"CommentAction\",\"name\":\"Comment\",\"target\":[\"https:\/\/galicia.ingenierosnavales.com\/index.php\/2026\/03\/17\/noticias-sobre-el-sector-naval-en-galicia-17-marzo-2026\/#respond\"]}]},{\"@type\":\"WebPage\",\"@id\":\"https:\/\/galicia.ingenierosnavales.com\/index.php\/2026\/03\/17\/noticias-sobre-el-sector-naval-en-galicia-17-marzo-2026\/\",\"url\":\"https:\/\/galicia.ingenierosnavales.com\/index.php\/2026\/03\/17\/noticias-sobre-el-sector-naval-en-galicia-17-marzo-2026\/\",\"name\":\"Noticias sobre el sector naval en Galicia. 17\/marzo\/2026 - Delegaci\u00f3n del COIN en Galicia -\",\"isPartOf\":{\"@id\":\"https:\/\/galicia.ingenierosnavales.com\/#website\"},\"primaryImageOfPage\":{\"@id\":\"https:\/\/galicia.ingenierosnavales.com\/index.php\/2026\/03\/17\/noticias-sobre-el-sector-naval-en-galicia-17-marzo-2026\/#primaryimage\"},\"image\":{\"@id\":\"https:\/\/galicia.ingenierosnavales.com\/index.php\/2026\/03\/17\/noticias-sobre-el-sector-naval-en-galicia-17-marzo-2026\/#primaryimage\"},\"thumbnailUrl\":\"https:\/\/galicia.ingenierosnavales.com\/wp-content\/uploads\/2023\/04\/Morning-news-1.png\",\"datePublished\":\"2026-03-17T07:44:32+00:00\",\"dateModified\":\"2026-03-17T07:44:32+00:00\",\"breadcrumb\":{\"@id\":\"https:\/\/galicia.ingenierosnavales.com\/index.php\/2026\/03\/17\/noticias-sobre-el-sector-naval-en-galicia-17-marzo-2026\/#breadcrumb\"},\"inLanguage\":\"es\",\"potentialAction\":[{\"@type\":\"ReadAction\",\"target\":[\"https:\/\/galicia.ingenierosnavales.com\/index.php\/2026\/03\/17\/noticias-sobre-el-sector-naval-en-galicia-17-marzo-2026\/\"]}]},{\"@type\":\"ImageObject\",\"inLanguage\":\"es\",\"@id\":\"https:\/\/galicia.ingenierosnavales.com\/index.php\/2026\/03\/17\/noticias-sobre-el-sector-naval-en-galicia-17-marzo-2026\/#primaryimage\",\"url\":\"https:\/\/galicia.ingenierosnavales.com\/wp-content\/uploads\/2023\/04\/Morning-news-1.png\",\"contentUrl\":\"https:\/\/galicia.ingenierosnavales.com\/wp-content\/uploads\/2023\/04\/Morning-news-1.png\",\"width\":700,\"height\":700},{\"@type\":\"BreadcrumbList\",\"@id\":\"https:\/\/galicia.ingenierosnavales.com\/index.php\/2026\/03\/17\/noticias-sobre-el-sector-naval-en-galicia-17-marzo-2026\/#breadcrumb\",\"itemListElement\":[{\"@type\":\"ListItem\",\"position\":1,\"name\":\"Home\",\"item\":\"https:\/\/galicia.ingenierosnavales.com\/\"},{\"@type\":\"ListItem\",\"position\":2,\"name\":\"Noticias sobre el sector naval en Galicia. 17\/marzo\/2026\"}]},{\"@type\":\"WebSite\",\"@id\":\"https:\/\/galicia.ingenierosnavales.com\/#website\",\"url\":\"https:\/\/galicia.ingenierosnavales.com\/\",\"name\":\"Delegaci\u00f3n del COIN en Galicia -\",\"description\":\"\",\"publisher\":{\"@id\":\"https:\/\/galicia.ingenierosnavales.com\/#organization\"},\"potentialAction\":[{\"@type\":\"SearchAction\",\"target\":{\"@type\":\"EntryPoint\",\"urlTemplate\":\"https:\/\/galicia.ingenierosnavales.com\/?s={search_term_string}\"},\"query-input\":{\"@type\":\"PropertyValueSpecification\",\"valueRequired\":true,\"valueName\":\"search_term_string\"}}],\"inLanguage\":\"es\"},{\"@type\":\"Organization\",\"@id\":\"https:\/\/galicia.ingenierosnavales.com\/#organization\",\"name\":\"Delegaci\u00f3n del COIN en Galicia -\",\"url\":\"https:\/\/galicia.ingenierosnavales.com\/\",\"logo\":{\"@type\":\"ImageObject\",\"inLanguage\":\"es\",\"@id\":\"https:\/\/galicia.ingenierosnavales.com\/#\/schema\/logo\/image\/\",\"url\":\"https:\/\/galicia.ingenierosnavales.com\/wp-content\/uploads\/2022\/03\/logo_2-1.png\",\"contentUrl\":\"https:\/\/galicia.ingenierosnavales.com\/wp-content\/uploads\/2022\/03\/logo_2-1.png\",\"width\":240,\"height\":94,\"caption\":\"Delegaci\u00f3n del COIN en Galicia - \"},\"image\":{\"@id\":\"https:\/\/galicia.ingenierosnavales.com\/#\/schema\/logo\/image\/\"}},{\"@type\":\"Person\",\"@id\":\"https:\/\/galicia.ingenierosnavales.com\/#\/schema\/person\/5b19750a916831d424f63e9271d4e51d\",\"name\":\"Delegaci\u00f3n Galicia\",\"image\":{\"@type\":\"ImageObject\",\"inLanguage\":\"es\",\"@id\":\"https:\/\/galicia.ingenierosnavales.com\/#\/schema\/person\/image\/\",\"url\":\"https:\/\/secure.gravatar.com\/avatar\/8ba9b1dd96c7effddd31fcf63bf8cc7f?s=96&d=mm&r=g\",\"contentUrl\":\"https:\/\/secure.gravatar.com\/avatar\/8ba9b1dd96c7effddd31fcf63bf8cc7f?s=96&d=mm&r=g\",\"caption\":\"Delegaci\u00f3n Galicia\"},\"url\":\"https:\/\/galicia.ingenierosnavales.com\/index.php\/author\/galicia\/\"}]}<\/script>\n<!-- \/ Yoast SEO plugin. -->","yoast_head_json":{"title":"Noticias sobre el sector naval en Galicia. 17\/marzo\/2026 - Delegaci\u00f3n del COIN en Galicia -","robots":{"index":"index","follow":"follow","max-snippet":"max-snippet:-1","max-image-preview":"max-image-preview:large","max-video-preview":"max-video-preview:-1"},"canonical":"https:\/\/galicia.ingenierosnavales.com\/index.php\/2026\/03\/17\/noticias-sobre-el-sector-naval-en-galicia-17-marzo-2026\/","og_locale":"es_ES","og_type":"article","og_title":"Noticias sobre el sector naval en Galicia. 17\/marzo\/2026 - Delegaci\u00f3n del COIN en Galicia -","og_description":"Martes 17 La Voz de Galicia La C\u00e1tedra Cosme \u00c1lvarez de los R\u00edos acoge una charla de Iago Gonz\u00e1lez, de Monodon La Escuela Naval mejorar\u00e1 sus muelles y dragar\u00e1 su d\u00e1rsena para adaptarla a&#46;&#46;&#46;","og_url":"https:\/\/galicia.ingenierosnavales.com\/index.php\/2026\/03\/17\/noticias-sobre-el-sector-naval-en-galicia-17-marzo-2026\/","og_site_name":"Delegaci\u00f3n del COIN en Galicia -","article_published_time":"2026-03-17T07:44:32+00:00","og_image":[{"width":700,"height":700,"url":"https:\/\/galicia.ingenierosnavales.com\/wp-content\/uploads\/2023\/04\/Morning-news-1.png","type":"image\/png"}],"author":"Delegaci\u00f3n Galicia","twitter_card":"summary_large_image","twitter_misc":{"Escrito por":"Delegaci\u00f3n Galicia","Tiempo de lectura":"1 minuto"},"schema":{"@context":"https:\/\/schema.org","@graph":[{"@type":"Article","@id":"https:\/\/galicia.ingenierosnavales.com\/index.php\/2026\/03\/17\/noticias-sobre-el-sector-naval-en-galicia-17-marzo-2026\/#article","isPartOf":{"@id":"https:\/\/galicia.ingenierosnavales.com\/index.php\/2026\/03\/17\/noticias-sobre-el-sector-naval-en-galicia-17-marzo-2026\/"},"author":{"name":"Delegaci\u00f3n Galicia","@id":"https:\/\/galicia.ingenierosnavales.com\/#\/schema\/person\/5b19750a916831d424f63e9271d4e51d"},"headline":"Noticias sobre el sector naval en Galicia. 17\/marzo\/2026","datePublished":"2026-03-17T07:44:32+00:00","dateModified":"2026-03-17T07:44:32+00:00","mainEntityOfPage":{"@id":"https:\/\/galicia.ingenierosnavales.com\/index.php\/2026\/03\/17\/noticias-sobre-el-sector-naval-en-galicia-17-marzo-2026\/"},"wordCount":130,"commentCount":0,"publisher":{"@id":"https:\/\/galicia.ingenierosnavales.com\/#organization"},"image":{"@id":"https:\/\/galicia.ingenierosnavales.com\/index.php\/2026\/03\/17\/noticias-sobre-el-sector-naval-en-galicia-17-marzo-2026\/#primaryimage"},"thumbnailUrl":"https:\/\/galicia.ingenierosnavales.com\/wp-content\/uploads\/2023\/04\/Morning-news-1.png","keywords":["Ingenieros Navales Galicia","Noticias Galicia","sector naval en Galicia"],"articleSection":["Noticias"],"inLanguage":"es","potentialAction":[{"@type":"CommentAction","name":"Comment","target":["https:\/\/galicia.ingenierosnavales.com\/index.php\/2026\/03\/17\/noticias-sobre-el-sector-naval-en-galicia-17-marzo-2026\/#respond"]}]},{"@type":"WebPage","@id":"https:\/\/galicia.ingenierosnavales.com\/index.php\/2026\/03\/17\/noticias-sobre-el-sector-naval-en-galicia-17-marzo-2026\/","url":"https:\/\/galicia.ingenierosnavales.com\/index.php\/2026\/03\/17\/noticias-sobre-el-sector-naval-en-galicia-17-marzo-2026\/","name":"Noticias sobre el sector naval en Galicia. 17\/marzo\/2026 - Delegaci\u00f3n del COIN en Galicia -","isPartOf":{"@id":"https:\/\/galicia.ingenierosnavales.com\/#website"},"primaryImageOfPage":{"@id":"https:\/\/galicia.ingenierosnavales.com\/index.php\/2026\/03\/17\/noticias-sobre-el-sector-naval-en-galicia-17-marzo-2026\/#primaryimage"},"image":{"@id":"https:\/\/galicia.ingenierosnavales.com\/index.php\/2026\/03\/17\/noticias-sobre-el-sector-naval-en-galicia-17-marzo-2026\/#primaryimage"},"thumbnailUrl":"https:\/\/galicia.ingenierosnavales.com\/wp-content\/uploads\/2023\/04\/Morning-news-1.png","datePublished":"2026-03-17T07:44:32+00:00","dateModified":"2026-03-17T07:44:32+00:00","breadcrumb":{"@id":"https:\/\/galicia.ingenierosnavales.com\/index.php\/2026\/03\/17\/noticias-sobre-el-sector-naval-en-galicia-17-marzo-2026\/#breadcrumb"},"inLanguage":"es","potentialAction":[{"@type":"ReadAction","target":["https:\/\/galicia.ingenierosnavales.com\/index.php\/2026\/03\/17\/noticias-sobre-el-sector-naval-en-galicia-17-marzo-2026\/"]}]},{"@type":"ImageObject","inLanguage":"es","@id":"https:\/\/galicia.ingenierosnavales.com\/index.php\/2026\/03\/17\/noticias-sobre-el-sector-naval-en-galicia-17-marzo-2026\/#primaryimage","url":"https:\/\/galicia.ingenierosnavales.com\/wp-content\/uploads\/2023\/04\/Morning-news-1.png","contentUrl":"https:\/\/galicia.ingenierosnavales.com\/wp-content\/uploads\/2023\/04\/Morning-news-1.png","width":700,"height":700},{"@type":"BreadcrumbList","@id":"https:\/\/galicia.ingenierosnavales.com\/index.php\/2026\/03\/17\/noticias-sobre-el-sector-naval-en-galicia-17-marzo-2026\/#breadcrumb","itemListElement":[{"@type":"ListItem","position":1,"name":"Home","item":"https:\/\/galicia.ingenierosnavales.com\/"},{"@type":"ListItem","position":2,"name":"Noticias sobre el sector naval en Galicia. 17\/marzo\/2026"}]},{"@type":"WebSite","@id":"https:\/\/galicia.ingenierosnavales.com\/#website","url":"https:\/\/galicia.ingenierosnavales.com\/","name":"Delegaci\u00f3n del COIN en Galicia -","description":"","publisher":{"@id":"https:\/\/galicia.ingenierosnavales.com\/#organization"},"potentialAction":[{"@type":"SearchAction","target":{"@type":"EntryPoint","urlTemplate":"https:\/\/galicia.ingenierosnavales.com\/?s={search_term_string}"},"query-input":{"@type":"PropertyValueSpecification","valueRequired":true,"valueName":"search_term_string"}}],"inLanguage":"es"},{"@type":"Organization","@id":"https:\/\/galicia.ingenierosnavales.com\/#organization","name":"Delegaci\u00f3n del COIN en Galicia -","url":"https:\/\/galicia.ingenierosnavales.com\/","logo":{"@type":"ImageObject","inLanguage":"es","@id":"https:\/\/galicia.ingenierosnavales.com\/#\/schema\/logo\/image\/","url":"https:\/\/galicia.ingenierosnavales.com\/wp-content\/uploads\/2022\/03\/logo_2-1.png","contentUrl":"https:\/\/galicia.ingenierosnavales.com\/wp-content\/uploads\/2022\/03\/logo_2-1.png","width":240,"height":94,"caption":"Delegaci\u00f3n del COIN en Galicia - "},"image":{"@id":"https:\/\/galicia.ingenierosnavales.com\/#\/schema\/logo\/image\/"}},{"@type":"Person","@id":"https:\/\/galicia.ingenierosnavales.com\/#\/schema\/person\/5b19750a916831d424f63e9271d4e51d","name":"Delegaci\u00f3n Galicia","image":{"@type":"ImageObject","inLanguage":"es","@id":"https:\/\/galicia.ingenierosnavales.com\/#\/schema\/person\/image\/","url":"https:\/\/secure.gravatar.com\/avatar\/8ba9b1dd96c7effddd31fcf63bf8cc7f?s=96&d=mm&r=g","contentUrl":"https:\/\/secure.gravatar.com\/avatar\/8ba9b1dd96c7effddd31fcf63bf8cc7f?s=96&d=mm&r=g","caption":"Delegaci\u00f3n Galicia"},"url":"https:\/\/galicia.ingenierosnavales.com\/index.php\/author\/galicia\/"}]}},"_links":{"self":[{"href":"https:\/\/galicia.ingenierosnavales.com\/index.php\/wp-json\/wp\/v2\/posts\/10062","targetHints":{"allow":["GET"]}}],"collection":[{"href":"https:\/\/galicia.ingenierosnavales.com\/index.php\/wp-json\/wp\/v2\/posts"}],"about":[{"href":"https:\/\/galicia.ingenierosnavales.com\/index.php\/wp-json\/wp\/v2\/types\/post"}],"author":[{"embeddable":true,"href":"https:\/\/galicia.ingenierosnavales.com\/index.php\/wp-json\/wp\/v2\/users\/2"}],"replies":[{"embeddable":true,"href":"https:\/\/galicia.ingenierosnavales.com\/index.php\/wp-json\/wp\/v2\/comments?post=10062"}],"version-history":[{"count":1,"href":"https:\/\/galicia.ingenierosnavales.com\/index.php\/wp-json\/wp\/v2\/posts\/10062\/revisions"}],"predecessor-version":[{"id":10063,"href":"https:\/\/galicia.ingenierosnavales.com\/index.php\/wp-json\/wp\/v2\/posts\/10062\/revisions\/10063"}],"wp:featuredmedia":[{"embeddable":true,"href":"https:\/\/galicia.ingenierosnavales.com\/index.php\/wp-json\/wp\/v2\/media\/4886"}],"wp:attachment":[{"href":"https:\/\/galicia.ingenierosnavales.com\/index.php\/wp-json\/wp\/v2\/media?parent=10062"}],"wp:term":[{"taxonomy":"category","embeddable":true,"href":"https:\/\/galicia.ingenierosnavales.com\/index.php\/wp-json\/wp\/v2\/categories?post=10062"},{"taxonomy":"post_tag","embeddable":true,"href":"https:\/\/galicia.ingenierosnavales.com\/index.php\/wp-json\/wp\/v2\/tags?post=10062"}],"curies":[{"name":"wp","href":"https:\/\/api.w.org\/{rel}","templated":true}]}}