{"id":10057,"date":"2026-03-16T08:25:34","date_gmt":"2026-03-16T08:25:34","guid":{"rendered":"https:\/\/galicia.ingenierosnavales.com\/?p=10057"},"modified":"2026-03-16T08:25:34","modified_gmt":"2026-03-16T08:25:34","slug":"conferencia-de-la-catedra-cosme-alvarez-de-los-rios-18-marzo-2026","status":"publish","type":"post","link":"https:\/\/galicia.ingenierosnavales.com\/index.php\/2026\/03\/16\/conferencia-de-la-catedra-cosme-alvarez-de-los-rios-18-marzo-2026\/","title":{"rendered":"Conferencia de la C\u00e1tedra Cosme \u00c1lvarez de los R\u00edos. 18\/marzo\/2026"},"content":{"rendered":"<p><img loading=\"lazy\" decoding=\"async\" class=\"aligncenter wp-image-10058 size-large\" src=\"https:\/\/galicia.ingenierosnavales.com\/wp-content\/uploads\/2026\/03\/18032026_CATEDRA_COSME-580x1024.jpg\" alt=\"\" width=\"580\" height=\"1024\" srcset=\"https:\/\/galicia.ingenierosnavales.com\/wp-content\/uploads\/2026\/03\/18032026_CATEDRA_COSME-580x1024.jpg 580w, https:\/\/galicia.ingenierosnavales.com\/wp-content\/uploads\/2026\/03\/18032026_CATEDRA_COSME-170x300.jpg 170w, https:\/\/galicia.ingenierosnavales.com\/wp-content\/uploads\/2026\/03\/18032026_CATEDRA_COSME-768x1356.jpg 768w, https:\/\/galicia.ingenierosnavales.com\/wp-content\/uploads\/2026\/03\/18032026_CATEDRA_COSME-870x1536.jpg 870w, https:\/\/galicia.ingenierosnavales.com\/wp-content\/uploads\/2026\/03\/18032026_CATEDRA_COSME.jpg 906w\" sizes=\"auto, (max-width: 580px) 100vw, 580px\" \/><\/p>\n<p>y adem\u00e1s:<\/p>\n<p><img loading=\"lazy\" decoding=\"async\" class=\"aligncenter wp-image-10060 size-large\" src=\"https:\/\/galicia.ingenierosnavales.com\/wp-content\/uploads\/2026\/03\/Cartel-Ciclo-Conferencias-2526-10-2_0-724x1024.jpg\" alt=\"\" width=\"724\" height=\"1024\" srcset=\"https:\/\/galicia.ingenierosnavales.com\/wp-content\/uploads\/2026\/03\/Cartel-Ciclo-Conferencias-2526-10-2_0-724x1024.jpg 724w, https:\/\/galicia.ingenierosnavales.com\/wp-content\/uploads\/2026\/03\/Cartel-Ciclo-Conferencias-2526-10-2_0-212x300.jpg 212w, https:\/\/galicia.ingenierosnavales.com\/wp-content\/uploads\/2026\/03\/Cartel-Ciclo-Conferencias-2526-10-2_0-768x1086.jpg 768w, https:\/\/galicia.ingenierosnavales.com\/wp-content\/uploads\/2026\/03\/Cartel-Ciclo-Conferencias-2526-10-2_0-1086x1536.jpg 1086w, https:\/\/galicia.ingenierosnavales.com\/wp-content\/uploads\/2026\/03\/Cartel-Ciclo-Conferencias-2526-10-2_0.jpg 1241w\" sizes=\"auto, (max-width: 724px) 100vw, 724px\" \/><\/p>\n<p>&nbsp;<\/p>\n","protected":false},"excerpt":{"rendered":"<p>y adem\u00e1s: &nbsp;<\/p>\n","protected":false},"author":2,"featured_media":10058,"comment_status":"open","ping_status":"open","sticky":false,"template":"","format":"standard","meta":{"om_disable_all_campaigns":false,"_monsterinsights_skip_tracking":false,"_monsterinsights_sitenote_active":false,"_monsterinsights_sitenote_note":"","_monsterinsights_sitenote_category":0,"_uf_show_specific_survey":0,"_uf_disable_surveys":false,"footnotes":""},"categories":[79,1],"tags":[75,39,41,49,47],"class_list":["post-10057","post","type-post","status-publish","format-standard","has-post-thumbnail","hentry","category-agenda","category-eventos","tag-actividades-galicia-es","tag-comunicaciones-dt-galicia","tag-formacion","tag-ingenieros-navales-galicia","tag-sector-naval-en-galicia"],"aioseo_notices":[],"yoast_head":"<!-- This site is optimized with the Yoast SEO plugin v24.0 - https:\/\/yoast.com\/wordpress\/plugins\/seo\/ -->\n<title>Conferencia de la C\u00e1tedra Cosme \u00c1lvarez de los R\u00edos. 18\/marzo\/2026 - Delegaci\u00f3n del COIN en Galicia -<\/title>\n<meta name=\"robots\" content=\"index, follow, max-snippet:-1, max-image-preview:large, max-video-preview:-1\" \/>\n<link rel=\"canonical\" href=\"https:\/\/galicia.ingenierosnavales.com\/index.php\/2026\/03\/16\/conferencia-de-la-catedra-cosme-alvarez-de-los-rios-18-marzo-2026\/\" \/>\n<meta property=\"og:locale\" content=\"es_ES\" \/>\n<meta property=\"og:type\" content=\"article\" \/>\n<meta property=\"og:title\" content=\"Conferencia de la C\u00e1tedra Cosme \u00c1lvarez de los R\u00edos. 18\/marzo\/2026 - Delegaci\u00f3n del COIN en Galicia -\" \/>\n<meta property=\"og:description\" content=\"y adem\u00e1s: &nbsp;\" \/>\n<meta property=\"og:url\" content=\"https:\/\/galicia.ingenierosnavales.com\/index.php\/2026\/03\/16\/conferencia-de-la-catedra-cosme-alvarez-de-los-rios-18-marzo-2026\/\" \/>\n<meta property=\"og:site_name\" content=\"Delegaci\u00f3n del COIN en Galicia -\" \/>\n<meta property=\"article:published_time\" content=\"2026-03-16T08:25:34+00:00\" \/>\n<meta property=\"og:image\" content=\"https:\/\/galicia.ingenierosnavales.com\/wp-content\/uploads\/2026\/03\/18032026_CATEDRA_COSME.jpg\" \/>\n\t<meta property=\"og:image:width\" content=\"906\" \/>\n\t<meta property=\"og:image:height\" content=\"1600\" \/>\n\t<meta property=\"og:image:type\" content=\"image\/jpeg\" \/>\n<meta name=\"author\" content=\"Delegaci\u00f3n Galicia\" \/>\n<meta name=\"twitter:card\" content=\"summary_large_image\" \/>\n<meta name=\"twitter:label1\" content=\"Escrito por\" \/>\n\t<meta name=\"twitter:data1\" content=\"Delegaci\u00f3n Galicia\" \/>\n\t<meta name=\"twitter:label2\" content=\"Tiempo de lectura\" \/>\n\t<meta name=\"twitter:data2\" content=\"1 minuto\" \/>\n<script type=\"application\/ld+json\" class=\"yoast-schema-graph\">{\"@context\":\"https:\/\/schema.org\",\"@graph\":[{\"@type\":\"Article\",\"@id\":\"https:\/\/galicia.ingenierosnavales.com\/index.php\/2026\/03\/16\/conferencia-de-la-catedra-cosme-alvarez-de-los-rios-18-marzo-2026\/#article\",\"isPartOf\":{\"@id\":\"https:\/\/galicia.ingenierosnavales.com\/index.php\/2026\/03\/16\/conferencia-de-la-catedra-cosme-alvarez-de-los-rios-18-marzo-2026\/\"},\"author\":{\"name\":\"Delegaci\u00f3n Galicia\",\"@id\":\"https:\/\/galicia.ingenierosnavales.com\/#\/schema\/person\/5b19750a916831d424f63e9271d4e51d\"},\"headline\":\"Conferencia de la C\u00e1tedra Cosme \u00c1lvarez de los R\u00edos. 18\/marzo\/2026\",\"datePublished\":\"2026-03-16T08:25:34+00:00\",\"dateModified\":\"2026-03-16T08:25:34+00:00\",\"mainEntityOfPage\":{\"@id\":\"https:\/\/galicia.ingenierosnavales.com\/index.php\/2026\/03\/16\/conferencia-de-la-catedra-cosme-alvarez-de-los-rios-18-marzo-2026\/\"},\"wordCount\":16,\"commentCount\":0,\"publisher\":{\"@id\":\"https:\/\/galicia.ingenierosnavales.com\/#organization\"},\"image\":{\"@id\":\"https:\/\/galicia.ingenierosnavales.com\/index.php\/2026\/03\/16\/conferencia-de-la-catedra-cosme-alvarez-de-los-rios-18-marzo-2026\/#primaryimage\"},\"thumbnailUrl\":\"https:\/\/galicia.ingenierosnavales.com\/wp-content\/uploads\/2026\/03\/18032026_CATEDRA_COSME.jpg\",\"keywords\":[\"actividades Galicia\",\"Comunicaciones DT GALICIA\",\"formaci\u00f3n\",\"Ingenieros Navales Galicia\",\"sector naval en Galicia\"],\"articleSection\":[\"Agenda\",\"Eventos\"],\"inLanguage\":\"es\",\"potentialAction\":[{\"@type\":\"CommentAction\",\"name\":\"Comment\",\"target\":[\"https:\/\/galicia.ingenierosnavales.com\/index.php\/2026\/03\/16\/conferencia-de-la-catedra-cosme-alvarez-de-los-rios-18-marzo-2026\/#respond\"]}]},{\"@type\":\"WebPage\",\"@id\":\"https:\/\/galicia.ingenierosnavales.com\/index.php\/2026\/03\/16\/conferencia-de-la-catedra-cosme-alvarez-de-los-rios-18-marzo-2026\/\",\"url\":\"https:\/\/galicia.ingenierosnavales.com\/index.php\/2026\/03\/16\/conferencia-de-la-catedra-cosme-alvarez-de-los-rios-18-marzo-2026\/\",\"name\":\"Conferencia de la C\u00e1tedra Cosme \u00c1lvarez de los R\u00edos. 18\/marzo\/2026 - Delegaci\u00f3n del COIN en Galicia -\",\"isPartOf\":{\"@id\":\"https:\/\/galicia.ingenierosnavales.com\/#website\"},\"primaryImageOfPage\":{\"@id\":\"https:\/\/galicia.ingenierosnavales.com\/index.php\/2026\/03\/16\/conferencia-de-la-catedra-cosme-alvarez-de-los-rios-18-marzo-2026\/#primaryimage\"},\"image\":{\"@id\":\"https:\/\/galicia.ingenierosnavales.com\/index.php\/2026\/03\/16\/conferencia-de-la-catedra-cosme-alvarez-de-los-rios-18-marzo-2026\/#primaryimage\"},\"thumbnailUrl\":\"https:\/\/galicia.ingenierosnavales.com\/wp-content\/uploads\/2026\/03\/18032026_CATEDRA_COSME.jpg\",\"datePublished\":\"2026-03-16T08:25:34+00:00\",\"dateModified\":\"2026-03-16T08:25:34+00:00\",\"breadcrumb\":{\"@id\":\"https:\/\/galicia.ingenierosnavales.com\/index.php\/2026\/03\/16\/conferencia-de-la-catedra-cosme-alvarez-de-los-rios-18-marzo-2026\/#breadcrumb\"},\"inLanguage\":\"es\",\"potentialAction\":[{\"@type\":\"ReadAction\",\"target\":[\"https:\/\/galicia.ingenierosnavales.com\/index.php\/2026\/03\/16\/conferencia-de-la-catedra-cosme-alvarez-de-los-rios-18-marzo-2026\/\"]}]},{\"@type\":\"ImageObject\",\"inLanguage\":\"es\",\"@id\":\"https:\/\/galicia.ingenierosnavales.com\/index.php\/2026\/03\/16\/conferencia-de-la-catedra-cosme-alvarez-de-los-rios-18-marzo-2026\/#primaryimage\",\"url\":\"https:\/\/galicia.ingenierosnavales.com\/wp-content\/uploads\/2026\/03\/18032026_CATEDRA_COSME.jpg\",\"contentUrl\":\"https:\/\/galicia.ingenierosnavales.com\/wp-content\/uploads\/2026\/03\/18032026_CATEDRA_COSME.jpg\",\"width\":906,\"height\":1600},{\"@type\":\"BreadcrumbList\",\"@id\":\"https:\/\/galicia.ingenierosnavales.com\/index.php\/2026\/03\/16\/conferencia-de-la-catedra-cosme-alvarez-de-los-rios-18-marzo-2026\/#breadcrumb\",\"itemListElement\":[{\"@type\":\"ListItem\",\"position\":1,\"name\":\"Home\",\"item\":\"https:\/\/galicia.ingenierosnavales.com\/\"},{\"@type\":\"ListItem\",\"position\":2,\"name\":\"Conferencia de la C\u00e1tedra Cosme \u00c1lvarez de los R\u00edos. 18\/marzo\/2026\"}]},{\"@type\":\"WebSite\",\"@id\":\"https:\/\/galicia.ingenierosnavales.com\/#website\",\"url\":\"https:\/\/galicia.ingenierosnavales.com\/\",\"name\":\"Delegaci\u00f3n del COIN en Galicia -\",\"description\":\"\",\"publisher\":{\"@id\":\"https:\/\/galicia.ingenierosnavales.com\/#organization\"},\"potentialAction\":[{\"@type\":\"SearchAction\",\"target\":{\"@type\":\"EntryPoint\",\"urlTemplate\":\"https:\/\/galicia.ingenierosnavales.com\/?s={search_term_string}\"},\"query-input\":{\"@type\":\"PropertyValueSpecification\",\"valueRequired\":true,\"valueName\":\"search_term_string\"}}],\"inLanguage\":\"es\"},{\"@type\":\"Organization\",\"@id\":\"https:\/\/galicia.ingenierosnavales.com\/#organization\",\"name\":\"Delegaci\u00f3n del COIN en Galicia -\",\"url\":\"https:\/\/galicia.ingenierosnavales.com\/\",\"logo\":{\"@type\":\"ImageObject\",\"inLanguage\":\"es\",\"@id\":\"https:\/\/galicia.ingenierosnavales.com\/#\/schema\/logo\/image\/\",\"url\":\"https:\/\/galicia.ingenierosnavales.com\/wp-content\/uploads\/2022\/03\/logo_2-1.png\",\"contentUrl\":\"https:\/\/galicia.ingenierosnavales.com\/wp-content\/uploads\/2022\/03\/logo_2-1.png\",\"width\":240,\"height\":94,\"caption\":\"Delegaci\u00f3n del COIN en Galicia - \"},\"image\":{\"@id\":\"https:\/\/galicia.ingenierosnavales.com\/#\/schema\/logo\/image\/\"}},{\"@type\":\"Person\",\"@id\":\"https:\/\/galicia.ingenierosnavales.com\/#\/schema\/person\/5b19750a916831d424f63e9271d4e51d\",\"name\":\"Delegaci\u00f3n Galicia\",\"image\":{\"@type\":\"ImageObject\",\"inLanguage\":\"es\",\"@id\":\"https:\/\/galicia.ingenierosnavales.com\/#\/schema\/person\/image\/\",\"url\":\"https:\/\/secure.gravatar.com\/avatar\/8ba9b1dd96c7effddd31fcf63bf8cc7f?s=96&d=mm&r=g\",\"contentUrl\":\"https:\/\/secure.gravatar.com\/avatar\/8ba9b1dd96c7effddd31fcf63bf8cc7f?s=96&d=mm&r=g\",\"caption\":\"Delegaci\u00f3n Galicia\"},\"url\":\"https:\/\/galicia.ingenierosnavales.com\/index.php\/author\/galicia\/\"}]}<\/script>\n<!-- \/ Yoast SEO plugin. -->","yoast_head_json":{"title":"Conferencia de la C\u00e1tedra Cosme \u00c1lvarez de los R\u00edos. 18\/marzo\/2026 - Delegaci\u00f3n del COIN en Galicia -","robots":{"index":"index","follow":"follow","max-snippet":"max-snippet:-1","max-image-preview":"max-image-preview:large","max-video-preview":"max-video-preview:-1"},"canonical":"https:\/\/galicia.ingenierosnavales.com\/index.php\/2026\/03\/16\/conferencia-de-la-catedra-cosme-alvarez-de-los-rios-18-marzo-2026\/","og_locale":"es_ES","og_type":"article","og_title":"Conferencia de la C\u00e1tedra Cosme \u00c1lvarez de los R\u00edos. 18\/marzo\/2026 - Delegaci\u00f3n del COIN en Galicia -","og_description":"y adem\u00e1s: &nbsp;","og_url":"https:\/\/galicia.ingenierosnavales.com\/index.php\/2026\/03\/16\/conferencia-de-la-catedra-cosme-alvarez-de-los-rios-18-marzo-2026\/","og_site_name":"Delegaci\u00f3n del COIN en Galicia -","article_published_time":"2026-03-16T08:25:34+00:00","og_image":[{"width":906,"height":1600,"url":"https:\/\/galicia.ingenierosnavales.com\/wp-content\/uploads\/2026\/03\/18032026_CATEDRA_COSME.jpg","type":"image\/jpeg"}],"author":"Delegaci\u00f3n Galicia","twitter_card":"summary_large_image","twitter_misc":{"Escrito por":"Delegaci\u00f3n Galicia","Tiempo de lectura":"1 minuto"},"schema":{"@context":"https:\/\/schema.org","@graph":[{"@type":"Article","@id":"https:\/\/galicia.ingenierosnavales.com\/index.php\/2026\/03\/16\/conferencia-de-la-catedra-cosme-alvarez-de-los-rios-18-marzo-2026\/#article","isPartOf":{"@id":"https:\/\/galicia.ingenierosnavales.com\/index.php\/2026\/03\/16\/conferencia-de-la-catedra-cosme-alvarez-de-los-rios-18-marzo-2026\/"},"author":{"name":"Delegaci\u00f3n Galicia","@id":"https:\/\/galicia.ingenierosnavales.com\/#\/schema\/person\/5b19750a916831d424f63e9271d4e51d"},"headline":"Conferencia de la C\u00e1tedra Cosme \u00c1lvarez de los R\u00edos. 18\/marzo\/2026","datePublished":"2026-03-16T08:25:34+00:00","dateModified":"2026-03-16T08:25:34+00:00","mainEntityOfPage":{"@id":"https:\/\/galicia.ingenierosnavales.com\/index.php\/2026\/03\/16\/conferencia-de-la-catedra-cosme-alvarez-de-los-rios-18-marzo-2026\/"},"wordCount":16,"commentCount":0,"publisher":{"@id":"https:\/\/galicia.ingenierosnavales.com\/#organization"},"image":{"@id":"https:\/\/galicia.ingenierosnavales.com\/index.php\/2026\/03\/16\/conferencia-de-la-catedra-cosme-alvarez-de-los-rios-18-marzo-2026\/#primaryimage"},"thumbnailUrl":"https:\/\/galicia.ingenierosnavales.com\/wp-content\/uploads\/2026\/03\/18032026_CATEDRA_COSME.jpg","keywords":["actividades Galicia","Comunicaciones DT GALICIA","formaci\u00f3n","Ingenieros Navales Galicia","sector naval en Galicia"],"articleSection":["Agenda","Eventos"],"inLanguage":"es","potentialAction":[{"@type":"CommentAction","name":"Comment","target":["https:\/\/galicia.ingenierosnavales.com\/index.php\/2026\/03\/16\/conferencia-de-la-catedra-cosme-alvarez-de-los-rios-18-marzo-2026\/#respond"]}]},{"@type":"WebPage","@id":"https:\/\/galicia.ingenierosnavales.com\/index.php\/2026\/03\/16\/conferencia-de-la-catedra-cosme-alvarez-de-los-rios-18-marzo-2026\/","url":"https:\/\/galicia.ingenierosnavales.com\/index.php\/2026\/03\/16\/conferencia-de-la-catedra-cosme-alvarez-de-los-rios-18-marzo-2026\/","name":"Conferencia de la C\u00e1tedra Cosme \u00c1lvarez de los R\u00edos. 18\/marzo\/2026 - Delegaci\u00f3n del COIN en Galicia -","isPartOf":{"@id":"https:\/\/galicia.ingenierosnavales.com\/#website"},"primaryImageOfPage":{"@id":"https:\/\/galicia.ingenierosnavales.com\/index.php\/2026\/03\/16\/conferencia-de-la-catedra-cosme-alvarez-de-los-rios-18-marzo-2026\/#primaryimage"},"image":{"@id":"https:\/\/galicia.ingenierosnavales.com\/index.php\/2026\/03\/16\/conferencia-de-la-catedra-cosme-alvarez-de-los-rios-18-marzo-2026\/#primaryimage"},"thumbnailUrl":"https:\/\/galicia.ingenierosnavales.com\/wp-content\/uploads\/2026\/03\/18032026_CATEDRA_COSME.jpg","datePublished":"2026-03-16T08:25:34+00:00","dateModified":"2026-03-16T08:25:34+00:00","breadcrumb":{"@id":"https:\/\/galicia.ingenierosnavales.com\/index.php\/2026\/03\/16\/conferencia-de-la-catedra-cosme-alvarez-de-los-rios-18-marzo-2026\/#breadcrumb"},"inLanguage":"es","potentialAction":[{"@type":"ReadAction","target":["https:\/\/galicia.ingenierosnavales.com\/index.php\/2026\/03\/16\/conferencia-de-la-catedra-cosme-alvarez-de-los-rios-18-marzo-2026\/"]}]},{"@type":"ImageObject","inLanguage":"es","@id":"https:\/\/galicia.ingenierosnavales.com\/index.php\/2026\/03\/16\/conferencia-de-la-catedra-cosme-alvarez-de-los-rios-18-marzo-2026\/#primaryimage","url":"https:\/\/galicia.ingenierosnavales.com\/wp-content\/uploads\/2026\/03\/18032026_CATEDRA_COSME.jpg","contentUrl":"https:\/\/galicia.ingenierosnavales.com\/wp-content\/uploads\/2026\/03\/18032026_CATEDRA_COSME.jpg","width":906,"height":1600},{"@type":"BreadcrumbList","@id":"https:\/\/galicia.ingenierosnavales.com\/index.php\/2026\/03\/16\/conferencia-de-la-catedra-cosme-alvarez-de-los-rios-18-marzo-2026\/#breadcrumb","itemListElement":[{"@type":"ListItem","position":1,"name":"Home","item":"https:\/\/galicia.ingenierosnavales.com\/"},{"@type":"ListItem","position":2,"name":"Conferencia de la C\u00e1tedra Cosme \u00c1lvarez de los R\u00edos. 18\/marzo\/2026"}]},{"@type":"WebSite","@id":"https:\/\/galicia.ingenierosnavales.com\/#website","url":"https:\/\/galicia.ingenierosnavales.com\/","name":"Delegaci\u00f3n del COIN en Galicia -","description":"","publisher":{"@id":"https:\/\/galicia.ingenierosnavales.com\/#organization"},"potentialAction":[{"@type":"SearchAction","target":{"@type":"EntryPoint","urlTemplate":"https:\/\/galicia.ingenierosnavales.com\/?s={search_term_string}"},"query-input":{"@type":"PropertyValueSpecification","valueRequired":true,"valueName":"search_term_string"}}],"inLanguage":"es"},{"@type":"Organization","@id":"https:\/\/galicia.ingenierosnavales.com\/#organization","name":"Delegaci\u00f3n del COIN en Galicia -","url":"https:\/\/galicia.ingenierosnavales.com\/","logo":{"@type":"ImageObject","inLanguage":"es","@id":"https:\/\/galicia.ingenierosnavales.com\/#\/schema\/logo\/image\/","url":"https:\/\/galicia.ingenierosnavales.com\/wp-content\/uploads\/2022\/03\/logo_2-1.png","contentUrl":"https:\/\/galicia.ingenierosnavales.com\/wp-content\/uploads\/2022\/03\/logo_2-1.png","width":240,"height":94,"caption":"Delegaci\u00f3n del COIN en Galicia - "},"image":{"@id":"https:\/\/galicia.ingenierosnavales.com\/#\/schema\/logo\/image\/"}},{"@type":"Person","@id":"https:\/\/galicia.ingenierosnavales.com\/#\/schema\/person\/5b19750a916831d424f63e9271d4e51d","name":"Delegaci\u00f3n Galicia","image":{"@type":"ImageObject","inLanguage":"es","@id":"https:\/\/galicia.ingenierosnavales.com\/#\/schema\/person\/image\/","url":"https:\/\/secure.gravatar.com\/avatar\/8ba9b1dd96c7effddd31fcf63bf8cc7f?s=96&d=mm&r=g","contentUrl":"https:\/\/secure.gravatar.com\/avatar\/8ba9b1dd96c7effddd31fcf63bf8cc7f?s=96&d=mm&r=g","caption":"Delegaci\u00f3n Galicia"},"url":"https:\/\/galicia.ingenierosnavales.com\/index.php\/author\/galicia\/"}]}},"_links":{"self":[{"href":"https:\/\/galicia.ingenierosnavales.com\/index.php\/wp-json\/wp\/v2\/posts\/10057","targetHints":{"allow":["GET"]}}],"collection":[{"href":"https:\/\/galicia.ingenierosnavales.com\/index.php\/wp-json\/wp\/v2\/posts"}],"about":[{"href":"https:\/\/galicia.ingenierosnavales.com\/index.php\/wp-json\/wp\/v2\/types\/post"}],"author":[{"embeddable":true,"href":"https:\/\/galicia.ingenierosnavales.com\/index.php\/wp-json\/wp\/v2\/users\/2"}],"replies":[{"embeddable":true,"href":"https:\/\/galicia.ingenierosnavales.com\/index.php\/wp-json\/wp\/v2\/comments?post=10057"}],"version-history":[{"count":1,"href":"https:\/\/galicia.ingenierosnavales.com\/index.php\/wp-json\/wp\/v2\/posts\/10057\/revisions"}],"predecessor-version":[{"id":10061,"href":"https:\/\/galicia.ingenierosnavales.com\/index.php\/wp-json\/wp\/v2\/posts\/10057\/revisions\/10061"}],"wp:featuredmedia":[{"embeddable":true,"href":"https:\/\/galicia.ingenierosnavales.com\/index.php\/wp-json\/wp\/v2\/media\/10058"}],"wp:attachment":[{"href":"https:\/\/galicia.ingenierosnavales.com\/index.php\/wp-json\/wp\/v2\/media?parent=10057"}],"wp:term":[{"taxonomy":"category","embeddable":true,"href":"https:\/\/galicia.ingenierosnavales.com\/index.php\/wp-json\/wp\/v2\/categories?post=10057"},{"taxonomy":"post_tag","embeddable":true,"href":"https:\/\/galicia.ingenierosnavales.com\/index.php\/wp-json\/wp\/v2\/tags?post=10057"}],"curies":[{"name":"wp","href":"https:\/\/api.w.org\/{rel}","templated":true}]}}