{"id":10055,"date":"2026-03-16T08:03:08","date_gmt":"2026-03-16T08:03:08","guid":{"rendered":"https:\/\/galicia.ingenierosnavales.com\/?p=10055"},"modified":"2026-03-16T08:03:08","modified_gmt":"2026-03-16T08:03:08","slug":"noticias-sobre-el-sector-naval-en-galicia-16-marzo-2026","status":"publish","type":"post","link":"https:\/\/galicia.ingenierosnavales.com\/index.php\/2026\/03\/16\/noticias-sobre-el-sector-naval-en-galicia-16-marzo-2026\/","title":{"rendered":"Noticias sobre el sector naval en Galicia. 16\/marzo\/2026"},"content":{"rendered":"<table style=\"height: 1414px;\" width=\"1212\">\n<tbody>\n<tr>\n<td width=\"1007\">\n<p style=\"text-align: center;\"><strong>S\u00e1bado 14<\/strong><\/p>\n<p style=\"text-align: center;\">La Voz de Galicia<\/p>\n<p style=\"text-align: center;\"><a href=\"https:\/\/www.lavozdegalicia.es\/noticia\/vigo\/2026\/03\/13\/tercer-barco-practicos-entra-servicio-reforzar-seguridad-trafico-ria-vigo-rapidez-ante-emergencias\/00031773407648544104648.htm\">El tercer barco de pr\u00e1cticos entra en servicio para reforzar la seguridad del tr\u00e1fico en la r\u00eda de Vigo por su rapidez ante las emergencias<\/a><\/p>\n<p style=\"text-align: center;\"><a href=\"https:\/\/www.lavozdegalicia.es\/noticia\/ferrol\/2026\/03\/14\/construccion-centro-investigacion-ei3-campus-comenzara-finales-ano\/0003_202603F14C2993.htm\">La construcci\u00f3n del nuevo centro de investigaci\u00f3n EI3 del campus comenzar\u00e1 a finales de este a\u00f1o<\/a> (exclusivo suscriptores)<\/p>\n<p style=\"text-align: center;\">Ferrol360.es<\/p>\n<p style=\"text-align: center;\"><a href=\"https:\/\/ferrol360.es\/consultoria-creativa-sector-naval-y-comercio-buscan-trabajadores-en-ferrol\/\">Consultor\u00eda creativa, sector naval y comercio buscan trabajadores en Ferrol<\/a><\/p>\n<p style=\"text-align: center;\">Faro de Vigo<\/p>\n<p style=\"text-align: center;\"><a href=\"https:\/\/www.farodevigo.es\/espana\/2026\/03\/14\/ingenieros-historiadores-armada-rememoran-navio-espanol-san-juan-nepomuceno-independencia-estados-unidos-127951562.html\">Ingenieros, historiadores y la Armada rememoran al nav\u00edo espa\u00f1ol que pele\u00f3 por la independencia de EEUU<\/a><\/p>\n<p style=\"text-align: center;\"><a href=\"https:\/\/www.farodevigo.es\/espana\/2026\/03\/13\/velero-competicion-ministerio-defensa-comprado-rey-felipe-vi-estreno-palma-127940647.html\">As\u00ed es el velero de competici\u00f3n que el Ministerio de Defensa ha comprado por un mill\u00f3n de euros para el Rey y se estrenar\u00e1 en Palma<\/a><\/p>\n<p style=\"text-align: center;\">Elcorreogallego.es<\/p>\n<p style=\"text-align: center;\"><a href=\"https:\/\/www.elcorreogallego.es\/espana\/2026\/03\/13\/velero-competicion-ministerio-defensa-comprado-rey-felipe-vi-estreno-palma-127940658.html\">As\u00ed es el velero de competici\u00f3n que el Ministerio de Defensa ha comprado por un mill\u00f3n de euros para el Rey y se estrenar\u00e1 en Palma<\/a><\/p>\n<p style=\"text-align: center;\">Eldiario.es<\/p>\n<p style=\"text-align: center;\"><a href=\"https:\/\/www.eldiario.es\/spin\/cientificos-presentan-tecnologia-naval-agua-mar-energia-pm_1_13067772.html\">Puede ser el futuro: cient\u00edficos presentan una tecnolog\u00eda naval que usa agua de mar como energ\u00eda<\/a><\/p>\n<p style=\"text-align: center;\">Atl\u00e1ntico Diario<\/p>\n<p style=\"text-align: center;\"><a href=\"https:\/\/www.atlantico.net\/economia\/emprego-busca-atraer-talento-microcredenciales_1_20260314-4198517.html\">Emprego busca atraer talento con las microcredenciales<\/a><\/p>\n<p style=\"text-align: center;\">Elespanol.es<\/p>\n<p style=\"text-align: center;\"><a href=\"https:\/\/www.elespanol.com\/quincemil\/cultura\/educacion\/20260313\/aprobado-calendario-construccion-centro-innovacion-industrial-inteligente-ferrol\/1003744168285_0.html\">Aprobado el calendario de construcci\u00f3n del Centro de Innovaci\u00f3n Industrial Inteligente en Ferrol<\/a><\/p>\n<p><strong>\u00a0<\/strong><\/td>\n<\/tr>\n<tr>\n<td width=\"1007\">\n<p style=\"text-align: center;\"><strong>Domingo 15<\/strong><\/p>\n<p style=\"text-align: center;\">La Voz de Galicia<\/p>\n<p style=\"text-align: center;\"><a href=\"https:\/\/www.lavozdegalicia.es\/noticia\/ferrol\/ferrol\/2026\/03\/15\/fabrica-ferrol-vanguardia-internacional-valvuleria-naval\/0003_202603SM15P12991.htm\">Fabricaciones Parma, a la vanguardia internacional de v\u00e1lvulas para el naval<\/a> (exclusivo suscriptores)<\/p>\n<p style=\"text-align: center;\"><a href=\"https:\/\/www.lavozdegalicia.es\/noticia\/ferrol\/ferrol\/2026\/03\/15\/first-lego-league-convierte-ferrol-gran-yacimiento-arqueologico\/0003_202603F15C4991.htm\">La First Lego League convierte Ferrol en un gran yacimiento arqueol\u00f3gico rob\u00f3tico<\/a><\/p>\n<p style=\"text-align: center;\"><a href=\"https:\/\/www.lavozdegalicia.es\/noticia\/economia\/2026\/03\/15\/china-controla-puertos-claves-mundo\/0003_202603G15P33991.htm\">China ya controla puertos claves en todo el mundo<\/a>( exclusivo suscriptores)<\/p>\n<p style=\"text-align: center;\">Faro de Vigo<\/p>\n<p style=\"text-align: center;\"><a href=\"https:\/\/www.farodevigo.es\/pontevedra\/2026\/03\/15\/armada-compra-1-5-millones-127968192.html\">La Armada compra por 1,5 millones dos barcos auxiliares para la Escuela Naval<\/a><\/p>\n<p style=\"text-align: center;\"><a href=\"https:\/\/www.farodevigo.es\/economia\/2026\/03\/14\/astillero-frances-piriou-adelanta-freire-oceanograficos-indonesia-127771950.html\">El astillero franc\u00e9s Piriou se adelanta a Freire por el pedido de dos oceanogr\u00e1ficos para Indonesia<\/a> (exclusivo suscriptores)<\/p>\n<p style=\"text-align: center;\">Elespanol.com<\/p>\n<p style=\"text-align: center;\"><a href=\"https:\/\/www.elespanol.com\/quincemil\/cultura\/historias-de-la-historia\/20260315\/farol-meiras-franco-reunio-toda-flota-coruna-enganar-reino-unido\/1003744170002_0.html\">El farol e Meir\u00e1s: cuando Franco reuni\u00f3 a toda su flota en A Coru\u00f1a para enga\u00f1ar al Reino Unido<\/a><\/p>\n<p style=\"text-align: center;\"><a href=\"https:\/\/www.elespanol.com\/quincemil\/cultura\/educacion\/20260315\/equipos-coruna-vigo-representaran-galicia-final-nacional-first-lego-league\/1003744170110_0.html\">Tres equipos de A Coru\u00f1a y Vigo representar\u00e1n a Galicia en la final nacional de la First Lego League<\/a><\/p>\n<\/td>\n<\/tr>\n<tr>\n<td width=\"1007\">\n<p style=\"text-align: center;\"><strong>Lunes 16<\/strong><\/p>\n<p style=\"text-align: center;\">Ferrol360.es<\/p>\n<p style=\"text-align: center;\"><a href=\"https:\/\/ferrol360.es\/de-ferrol-a-burgos-tres-equipos-gallegos-logran-el-pase-a-la-final-nacional-de-robotica\/\">De Ferrol a Burgos: tres equipos gallegos logran el pase a la final nacional de rob\u00f3tica<\/a><\/p>\n<\/td>\n<\/tr>\n<\/tbody>\n<\/table>\n","protected":false},"excerpt":{"rendered":"<p>S\u00e1bado 14 La Voz de Galicia El tercer barco de pr\u00e1cticos entra en servicio para reforzar la seguridad del tr\u00e1fico en la r\u00eda de Vigo por su rapidez ante las emergencias La construcci\u00f3n del&#46;&#46;&#46;<\/p>\n","protected":false},"author":2,"featured_media":4886,"comment_status":"open","ping_status":"open","sticky":false,"template":"","format":"standard","meta":{"om_disable_all_campaigns":false,"_monsterinsights_skip_tracking":false,"_monsterinsights_sitenote_active":false,"_monsterinsights_sitenote_note":"","_monsterinsights_sitenote_category":0,"_uf_show_specific_survey":0,"_uf_disable_surveys":false,"footnotes":""},"categories":[3],"tags":[49,43,47],"class_list":["post-10055","post","type-post","status-publish","format-standard","has-post-thumbnail","hentry","category-noticias-gl-es","tag-ingenieros-navales-galicia","tag-noticias-galicia","tag-sector-naval-en-galicia"],"aioseo_notices":[],"yoast_head":"<!-- This site is optimized with the Yoast SEO plugin v24.0 - https:\/\/yoast.com\/wordpress\/plugins\/seo\/ -->\n<title>Noticias sobre el sector naval en Galicia. 16\/marzo\/2026 - Delegaci\u00f3n del COIN en Galicia -<\/title>\n<meta name=\"robots\" content=\"index, follow, max-snippet:-1, max-image-preview:large, max-video-preview:-1\" \/>\n<link rel=\"canonical\" href=\"https:\/\/galicia.ingenierosnavales.com\/index.php\/2026\/03\/16\/noticias-sobre-el-sector-naval-en-galicia-16-marzo-2026\/\" \/>\n<meta property=\"og:locale\" content=\"es_ES\" \/>\n<meta property=\"og:type\" content=\"article\" \/>\n<meta property=\"og:title\" content=\"Noticias sobre el sector naval en Galicia. 16\/marzo\/2026 - Delegaci\u00f3n del COIN en Galicia -\" \/>\n<meta property=\"og:description\" content=\"S\u00e1bado 14 La Voz de Galicia El tercer barco de pr\u00e1cticos entra en servicio para reforzar la seguridad del tr\u00e1fico en la r\u00eda de Vigo por su rapidez ante las emergencias La construcci\u00f3n del&#046;&#046;&#046;\" \/>\n<meta property=\"og:url\" content=\"https:\/\/galicia.ingenierosnavales.com\/index.php\/2026\/03\/16\/noticias-sobre-el-sector-naval-en-galicia-16-marzo-2026\/\" \/>\n<meta property=\"og:site_name\" content=\"Delegaci\u00f3n del COIN en Galicia -\" \/>\n<meta property=\"article:published_time\" content=\"2026-03-16T08:03:08+00:00\" \/>\n<meta property=\"og:image\" content=\"https:\/\/galicia.ingenierosnavales.com\/wp-content\/uploads\/2023\/04\/Morning-news-1.png\" \/>\n\t<meta property=\"og:image:width\" content=\"700\" \/>\n\t<meta property=\"og:image:height\" content=\"700\" \/>\n\t<meta property=\"og:image:type\" content=\"image\/png\" \/>\n<meta name=\"author\" content=\"Delegaci\u00f3n Galicia\" \/>\n<meta name=\"twitter:card\" content=\"summary_large_image\" \/>\n<meta name=\"twitter:label1\" content=\"Escrito por\" \/>\n\t<meta name=\"twitter:data1\" content=\"Delegaci\u00f3n Galicia\" \/>\n\t<meta name=\"twitter:label2\" content=\"Tiempo de lectura\" \/>\n\t<meta name=\"twitter:data2\" content=\"2 minutos\" \/>\n<script type=\"application\/ld+json\" class=\"yoast-schema-graph\">{\"@context\":\"https:\/\/schema.org\",\"@graph\":[{\"@type\":\"Article\",\"@id\":\"https:\/\/galicia.ingenierosnavales.com\/index.php\/2026\/03\/16\/noticias-sobre-el-sector-naval-en-galicia-16-marzo-2026\/#article\",\"isPartOf\":{\"@id\":\"https:\/\/galicia.ingenierosnavales.com\/index.php\/2026\/03\/16\/noticias-sobre-el-sector-naval-en-galicia-16-marzo-2026\/\"},\"author\":{\"name\":\"Delegaci\u00f3n Galicia\",\"@id\":\"https:\/\/galicia.ingenierosnavales.com\/#\/schema\/person\/5b19750a916831d424f63e9271d4e51d\"},\"headline\":\"Noticias sobre el sector naval en Galicia. 16\/marzo\/2026\",\"datePublished\":\"2026-03-16T08:03:08+00:00\",\"dateModified\":\"2026-03-16T08:03:08+00:00\",\"mainEntityOfPage\":{\"@id\":\"https:\/\/galicia.ingenierosnavales.com\/index.php\/2026\/03\/16\/noticias-sobre-el-sector-naval-en-galicia-16-marzo-2026\/\"},\"wordCount\":347,\"commentCount\":0,\"publisher\":{\"@id\":\"https:\/\/galicia.ingenierosnavales.com\/#organization\"},\"image\":{\"@id\":\"https:\/\/galicia.ingenierosnavales.com\/index.php\/2026\/03\/16\/noticias-sobre-el-sector-naval-en-galicia-16-marzo-2026\/#primaryimage\"},\"thumbnailUrl\":\"https:\/\/galicia.ingenierosnavales.com\/wp-content\/uploads\/2023\/04\/Morning-news-1.png\",\"keywords\":[\"Ingenieros Navales Galicia\",\"Noticias Galicia\",\"sector naval en Galicia\"],\"articleSection\":[\"Noticias\"],\"inLanguage\":\"es\",\"potentialAction\":[{\"@type\":\"CommentAction\",\"name\":\"Comment\",\"target\":[\"https:\/\/galicia.ingenierosnavales.com\/index.php\/2026\/03\/16\/noticias-sobre-el-sector-naval-en-galicia-16-marzo-2026\/#respond\"]}]},{\"@type\":\"WebPage\",\"@id\":\"https:\/\/galicia.ingenierosnavales.com\/index.php\/2026\/03\/16\/noticias-sobre-el-sector-naval-en-galicia-16-marzo-2026\/\",\"url\":\"https:\/\/galicia.ingenierosnavales.com\/index.php\/2026\/03\/16\/noticias-sobre-el-sector-naval-en-galicia-16-marzo-2026\/\",\"name\":\"Noticias sobre el sector naval en Galicia. 16\/marzo\/2026 - Delegaci\u00f3n del COIN en Galicia -\",\"isPartOf\":{\"@id\":\"https:\/\/galicia.ingenierosnavales.com\/#website\"},\"primaryImageOfPage\":{\"@id\":\"https:\/\/galicia.ingenierosnavales.com\/index.php\/2026\/03\/16\/noticias-sobre-el-sector-naval-en-galicia-16-marzo-2026\/#primaryimage\"},\"image\":{\"@id\":\"https:\/\/galicia.ingenierosnavales.com\/index.php\/2026\/03\/16\/noticias-sobre-el-sector-naval-en-galicia-16-marzo-2026\/#primaryimage\"},\"thumbnailUrl\":\"https:\/\/galicia.ingenierosnavales.com\/wp-content\/uploads\/2023\/04\/Morning-news-1.png\",\"datePublished\":\"2026-03-16T08:03:08+00:00\",\"dateModified\":\"2026-03-16T08:03:08+00:00\",\"breadcrumb\":{\"@id\":\"https:\/\/galicia.ingenierosnavales.com\/index.php\/2026\/03\/16\/noticias-sobre-el-sector-naval-en-galicia-16-marzo-2026\/#breadcrumb\"},\"inLanguage\":\"es\",\"potentialAction\":[{\"@type\":\"ReadAction\",\"target\":[\"https:\/\/galicia.ingenierosnavales.com\/index.php\/2026\/03\/16\/noticias-sobre-el-sector-naval-en-galicia-16-marzo-2026\/\"]}]},{\"@type\":\"ImageObject\",\"inLanguage\":\"es\",\"@id\":\"https:\/\/galicia.ingenierosnavales.com\/index.php\/2026\/03\/16\/noticias-sobre-el-sector-naval-en-galicia-16-marzo-2026\/#primaryimage\",\"url\":\"https:\/\/galicia.ingenierosnavales.com\/wp-content\/uploads\/2023\/04\/Morning-news-1.png\",\"contentUrl\":\"https:\/\/galicia.ingenierosnavales.com\/wp-content\/uploads\/2023\/04\/Morning-news-1.png\",\"width\":700,\"height\":700},{\"@type\":\"BreadcrumbList\",\"@id\":\"https:\/\/galicia.ingenierosnavales.com\/index.php\/2026\/03\/16\/noticias-sobre-el-sector-naval-en-galicia-16-marzo-2026\/#breadcrumb\",\"itemListElement\":[{\"@type\":\"ListItem\",\"position\":1,\"name\":\"Home\",\"item\":\"https:\/\/galicia.ingenierosnavales.com\/\"},{\"@type\":\"ListItem\",\"position\":2,\"name\":\"Noticias sobre el sector naval en Galicia. 16\/marzo\/2026\"}]},{\"@type\":\"WebSite\",\"@id\":\"https:\/\/galicia.ingenierosnavales.com\/#website\",\"url\":\"https:\/\/galicia.ingenierosnavales.com\/\",\"name\":\"Delegaci\u00f3n del COIN en Galicia -\",\"description\":\"\",\"publisher\":{\"@id\":\"https:\/\/galicia.ingenierosnavales.com\/#organization\"},\"potentialAction\":[{\"@type\":\"SearchAction\",\"target\":{\"@type\":\"EntryPoint\",\"urlTemplate\":\"https:\/\/galicia.ingenierosnavales.com\/?s={search_term_string}\"},\"query-input\":{\"@type\":\"PropertyValueSpecification\",\"valueRequired\":true,\"valueName\":\"search_term_string\"}}],\"inLanguage\":\"es\"},{\"@type\":\"Organization\",\"@id\":\"https:\/\/galicia.ingenierosnavales.com\/#organization\",\"name\":\"Delegaci\u00f3n del COIN en Galicia -\",\"url\":\"https:\/\/galicia.ingenierosnavales.com\/\",\"logo\":{\"@type\":\"ImageObject\",\"inLanguage\":\"es\",\"@id\":\"https:\/\/galicia.ingenierosnavales.com\/#\/schema\/logo\/image\/\",\"url\":\"https:\/\/galicia.ingenierosnavales.com\/wp-content\/uploads\/2022\/03\/logo_2-1.png\",\"contentUrl\":\"https:\/\/galicia.ingenierosnavales.com\/wp-content\/uploads\/2022\/03\/logo_2-1.png\",\"width\":240,\"height\":94,\"caption\":\"Delegaci\u00f3n del COIN en Galicia - \"},\"image\":{\"@id\":\"https:\/\/galicia.ingenierosnavales.com\/#\/schema\/logo\/image\/\"}},{\"@type\":\"Person\",\"@id\":\"https:\/\/galicia.ingenierosnavales.com\/#\/schema\/person\/5b19750a916831d424f63e9271d4e51d\",\"name\":\"Delegaci\u00f3n Galicia\",\"image\":{\"@type\":\"ImageObject\",\"inLanguage\":\"es\",\"@id\":\"https:\/\/galicia.ingenierosnavales.com\/#\/schema\/person\/image\/\",\"url\":\"https:\/\/secure.gravatar.com\/avatar\/8ba9b1dd96c7effddd31fcf63bf8cc7f?s=96&d=mm&r=g\",\"contentUrl\":\"https:\/\/secure.gravatar.com\/avatar\/8ba9b1dd96c7effddd31fcf63bf8cc7f?s=96&d=mm&r=g\",\"caption\":\"Delegaci\u00f3n Galicia\"},\"url\":\"https:\/\/galicia.ingenierosnavales.com\/index.php\/author\/galicia\/\"}]}<\/script>\n<!-- \/ Yoast SEO plugin. -->","yoast_head_json":{"title":"Noticias sobre el sector naval en Galicia. 16\/marzo\/2026 - Delegaci\u00f3n del COIN en Galicia -","robots":{"index":"index","follow":"follow","max-snippet":"max-snippet:-1","max-image-preview":"max-image-preview:large","max-video-preview":"max-video-preview:-1"},"canonical":"https:\/\/galicia.ingenierosnavales.com\/index.php\/2026\/03\/16\/noticias-sobre-el-sector-naval-en-galicia-16-marzo-2026\/","og_locale":"es_ES","og_type":"article","og_title":"Noticias sobre el sector naval en Galicia. 16\/marzo\/2026 - Delegaci\u00f3n del COIN en Galicia -","og_description":"S\u00e1bado 14 La Voz de Galicia El tercer barco de pr\u00e1cticos entra en servicio para reforzar la seguridad del tr\u00e1fico en la r\u00eda de Vigo por su rapidez ante las emergencias La construcci\u00f3n del&#46;&#46;&#46;","og_url":"https:\/\/galicia.ingenierosnavales.com\/index.php\/2026\/03\/16\/noticias-sobre-el-sector-naval-en-galicia-16-marzo-2026\/","og_site_name":"Delegaci\u00f3n del COIN en Galicia -","article_published_time":"2026-03-16T08:03:08+00:00","og_image":[{"width":700,"height":700,"url":"https:\/\/galicia.ingenierosnavales.com\/wp-content\/uploads\/2023\/04\/Morning-news-1.png","type":"image\/png"}],"author":"Delegaci\u00f3n Galicia","twitter_card":"summary_large_image","twitter_misc":{"Escrito por":"Delegaci\u00f3n Galicia","Tiempo de lectura":"2 minutos"},"schema":{"@context":"https:\/\/schema.org","@graph":[{"@type":"Article","@id":"https:\/\/galicia.ingenierosnavales.com\/index.php\/2026\/03\/16\/noticias-sobre-el-sector-naval-en-galicia-16-marzo-2026\/#article","isPartOf":{"@id":"https:\/\/galicia.ingenierosnavales.com\/index.php\/2026\/03\/16\/noticias-sobre-el-sector-naval-en-galicia-16-marzo-2026\/"},"author":{"name":"Delegaci\u00f3n Galicia","@id":"https:\/\/galicia.ingenierosnavales.com\/#\/schema\/person\/5b19750a916831d424f63e9271d4e51d"},"headline":"Noticias sobre el sector naval en Galicia. 16\/marzo\/2026","datePublished":"2026-03-16T08:03:08+00:00","dateModified":"2026-03-16T08:03:08+00:00","mainEntityOfPage":{"@id":"https:\/\/galicia.ingenierosnavales.com\/index.php\/2026\/03\/16\/noticias-sobre-el-sector-naval-en-galicia-16-marzo-2026\/"},"wordCount":347,"commentCount":0,"publisher":{"@id":"https:\/\/galicia.ingenierosnavales.com\/#organization"},"image":{"@id":"https:\/\/galicia.ingenierosnavales.com\/index.php\/2026\/03\/16\/noticias-sobre-el-sector-naval-en-galicia-16-marzo-2026\/#primaryimage"},"thumbnailUrl":"https:\/\/galicia.ingenierosnavales.com\/wp-content\/uploads\/2023\/04\/Morning-news-1.png","keywords":["Ingenieros Navales Galicia","Noticias Galicia","sector naval en Galicia"],"articleSection":["Noticias"],"inLanguage":"es","potentialAction":[{"@type":"CommentAction","name":"Comment","target":["https:\/\/galicia.ingenierosnavales.com\/index.php\/2026\/03\/16\/noticias-sobre-el-sector-naval-en-galicia-16-marzo-2026\/#respond"]}]},{"@type":"WebPage","@id":"https:\/\/galicia.ingenierosnavales.com\/index.php\/2026\/03\/16\/noticias-sobre-el-sector-naval-en-galicia-16-marzo-2026\/","url":"https:\/\/galicia.ingenierosnavales.com\/index.php\/2026\/03\/16\/noticias-sobre-el-sector-naval-en-galicia-16-marzo-2026\/","name":"Noticias sobre el sector naval en Galicia. 16\/marzo\/2026 - Delegaci\u00f3n del COIN en Galicia -","isPartOf":{"@id":"https:\/\/galicia.ingenierosnavales.com\/#website"},"primaryImageOfPage":{"@id":"https:\/\/galicia.ingenierosnavales.com\/index.php\/2026\/03\/16\/noticias-sobre-el-sector-naval-en-galicia-16-marzo-2026\/#primaryimage"},"image":{"@id":"https:\/\/galicia.ingenierosnavales.com\/index.php\/2026\/03\/16\/noticias-sobre-el-sector-naval-en-galicia-16-marzo-2026\/#primaryimage"},"thumbnailUrl":"https:\/\/galicia.ingenierosnavales.com\/wp-content\/uploads\/2023\/04\/Morning-news-1.png","datePublished":"2026-03-16T08:03:08+00:00","dateModified":"2026-03-16T08:03:08+00:00","breadcrumb":{"@id":"https:\/\/galicia.ingenierosnavales.com\/index.php\/2026\/03\/16\/noticias-sobre-el-sector-naval-en-galicia-16-marzo-2026\/#breadcrumb"},"inLanguage":"es","potentialAction":[{"@type":"ReadAction","target":["https:\/\/galicia.ingenierosnavales.com\/index.php\/2026\/03\/16\/noticias-sobre-el-sector-naval-en-galicia-16-marzo-2026\/"]}]},{"@type":"ImageObject","inLanguage":"es","@id":"https:\/\/galicia.ingenierosnavales.com\/index.php\/2026\/03\/16\/noticias-sobre-el-sector-naval-en-galicia-16-marzo-2026\/#primaryimage","url":"https:\/\/galicia.ingenierosnavales.com\/wp-content\/uploads\/2023\/04\/Morning-news-1.png","contentUrl":"https:\/\/galicia.ingenierosnavales.com\/wp-content\/uploads\/2023\/04\/Morning-news-1.png","width":700,"height":700},{"@type":"BreadcrumbList","@id":"https:\/\/galicia.ingenierosnavales.com\/index.php\/2026\/03\/16\/noticias-sobre-el-sector-naval-en-galicia-16-marzo-2026\/#breadcrumb","itemListElement":[{"@type":"ListItem","position":1,"name":"Home","item":"https:\/\/galicia.ingenierosnavales.com\/"},{"@type":"ListItem","position":2,"name":"Noticias sobre el sector naval en Galicia. 16\/marzo\/2026"}]},{"@type":"WebSite","@id":"https:\/\/galicia.ingenierosnavales.com\/#website","url":"https:\/\/galicia.ingenierosnavales.com\/","name":"Delegaci\u00f3n del COIN en Galicia -","description":"","publisher":{"@id":"https:\/\/galicia.ingenierosnavales.com\/#organization"},"potentialAction":[{"@type":"SearchAction","target":{"@type":"EntryPoint","urlTemplate":"https:\/\/galicia.ingenierosnavales.com\/?s={search_term_string}"},"query-input":{"@type":"PropertyValueSpecification","valueRequired":true,"valueName":"search_term_string"}}],"inLanguage":"es"},{"@type":"Organization","@id":"https:\/\/galicia.ingenierosnavales.com\/#organization","name":"Delegaci\u00f3n del COIN en Galicia -","url":"https:\/\/galicia.ingenierosnavales.com\/","logo":{"@type":"ImageObject","inLanguage":"es","@id":"https:\/\/galicia.ingenierosnavales.com\/#\/schema\/logo\/image\/","url":"https:\/\/galicia.ingenierosnavales.com\/wp-content\/uploads\/2022\/03\/logo_2-1.png","contentUrl":"https:\/\/galicia.ingenierosnavales.com\/wp-content\/uploads\/2022\/03\/logo_2-1.png","width":240,"height":94,"caption":"Delegaci\u00f3n del COIN en Galicia - "},"image":{"@id":"https:\/\/galicia.ingenierosnavales.com\/#\/schema\/logo\/image\/"}},{"@type":"Person","@id":"https:\/\/galicia.ingenierosnavales.com\/#\/schema\/person\/5b19750a916831d424f63e9271d4e51d","name":"Delegaci\u00f3n Galicia","image":{"@type":"ImageObject","inLanguage":"es","@id":"https:\/\/galicia.ingenierosnavales.com\/#\/schema\/person\/image\/","url":"https:\/\/secure.gravatar.com\/avatar\/8ba9b1dd96c7effddd31fcf63bf8cc7f?s=96&d=mm&r=g","contentUrl":"https:\/\/secure.gravatar.com\/avatar\/8ba9b1dd96c7effddd31fcf63bf8cc7f?s=96&d=mm&r=g","caption":"Delegaci\u00f3n Galicia"},"url":"https:\/\/galicia.ingenierosnavales.com\/index.php\/author\/galicia\/"}]}},"_links":{"self":[{"href":"https:\/\/galicia.ingenierosnavales.com\/index.php\/wp-json\/wp\/v2\/posts\/10055","targetHints":{"allow":["GET"]}}],"collection":[{"href":"https:\/\/galicia.ingenierosnavales.com\/index.php\/wp-json\/wp\/v2\/posts"}],"about":[{"href":"https:\/\/galicia.ingenierosnavales.com\/index.php\/wp-json\/wp\/v2\/types\/post"}],"author":[{"embeddable":true,"href":"https:\/\/galicia.ingenierosnavales.com\/index.php\/wp-json\/wp\/v2\/users\/2"}],"replies":[{"embeddable":true,"href":"https:\/\/galicia.ingenierosnavales.com\/index.php\/wp-json\/wp\/v2\/comments?post=10055"}],"version-history":[{"count":1,"href":"https:\/\/galicia.ingenierosnavales.com\/index.php\/wp-json\/wp\/v2\/posts\/10055\/revisions"}],"predecessor-version":[{"id":10056,"href":"https:\/\/galicia.ingenierosnavales.com\/index.php\/wp-json\/wp\/v2\/posts\/10055\/revisions\/10056"}],"wp:featuredmedia":[{"embeddable":true,"href":"https:\/\/galicia.ingenierosnavales.com\/index.php\/wp-json\/wp\/v2\/media\/4886"}],"wp:attachment":[{"href":"https:\/\/galicia.ingenierosnavales.com\/index.php\/wp-json\/wp\/v2\/media?parent=10055"}],"wp:term":[{"taxonomy":"category","embeddable":true,"href":"https:\/\/galicia.ingenierosnavales.com\/index.php\/wp-json\/wp\/v2\/categories?post=10055"},{"taxonomy":"post_tag","embeddable":true,"href":"https:\/\/galicia.ingenierosnavales.com\/index.php\/wp-json\/wp\/v2\/tags?post=10055"}],"curies":[{"name":"wp","href":"https:\/\/api.w.org\/{rel}","templated":true}]}}