{"id":10046,"date":"2026-03-13T09:46:49","date_gmt":"2026-03-13T09:46:49","guid":{"rendered":"https:\/\/galicia.ingenierosnavales.com\/?p=10046"},"modified":"2026-03-13T09:56:56","modified_gmt":"2026-03-13T09:56:56","slug":"circular-3-26-convocatoria-de-elecciones-para-nombrar-vocal-de-la-zona-norte","status":"publish","type":"post","link":"https:\/\/galicia.ingenierosnavales.com\/index.php\/2026\/03\/13\/circular-3-26-convocatoria-de-elecciones-para-nombrar-vocal-de-la-zona-norte\/","title":{"rendered":"Circular 3\/26-Convocatoria de elecciones para nombrar Vocal de la Zona Norte"},"content":{"rendered":"<p style=\"text-align: right;\"><a href=\"https:\/\/galicia.ingenierosnavales.com\/wp-content\/uploads\/2026\/03\/13032026_CIRCULAR_3.pdf\">13032026_CIRCULAR_3<\/a><\/p>\n<p style=\"text-align: right;\">Ferrol, a 13 de marzo de 2026<\/p>\n<p>&nbsp;<\/p>\n<p>Querido\/a Compa\u00f1ero\/a:<\/p>\n<p>Tengo el gusto de informarte de:<\/p>\n<ol>\n<li><strong>ELECCIONES<\/strong><\/li>\n<\/ol>\n<p><strong>\u00a0<\/strong>Como continuaci\u00f3n a nuestra circular 2\/26 del pasado 11 de febrero de 2026, en donde se convocaba a una Junta General Extraordinaria para la elecci\u00f3n de Vocal de la Zona Norte, me es grato informarte que, reuniendo los requisitos necesarios, se certifica como candidato a<\/p>\n<p><strong>\u00a0\u00a0\u00a0\u00a0\u00a0\u00a0\u00a0\u00a0\u00a0\u00a0\u00a0 VOCAL DE LA ZONA NORTE: FRANCISCO J. FILGUEIRA RODR\u00cdGUEZ (2226)<\/strong><\/p>\n<p>En el transcurso de dicha Junta General Extraordinaria que se celebrar\u00e1 en la sede de la Delegaci\u00f3n Territorial del Colegio Oficial de Ingenieros Navales y Oce\u00e1nicos ( Avda. de Vigo, 135-137, entlo.1, 15403 Ferrol) el pr\u00f3ximo 16 de abril a las 16:30 h. en primera convocatoria y a las 17:00 h. del mismo d\u00eda en segunda convocatoria, con el Orden del D\u00eda indicado que se acompa\u00f1a, se proceder\u00e1 al nombramiento del candidato a Vocal de la Zona Norte.<\/p>\n<p style=\"text-align: center;\"><a href=\"https:\/\/galicia.ingenierosnavales.com\/wp-content\/uploads\/2026\/02\/16042026_CONVOC_JUNTA_GENERAL_EXTRAORD.pdf\">16042026_CONVOC_JUNTA_GENERAL_EXTRAORD<\/a><\/p>\n<p>Esperando contar con tu presencia a dicha Junta, recibe un cordial saludo,<\/p>\n<p>&nbsp;<\/p>\n<p>Decana y Junta de Gobierno Territorial<\/p>\n<p>&nbsp;<\/p>\n<p><strong>Se ruega confirmaci\u00f3n de asistencia a dicha Junta General Extraordinaria<\/strong> a trav\u00e9s de tel\u00e9fono en el 981 372200 o a trav\u00e9s de email en <a href=\"mailto:galicia@ingenierosnavales.com\">galicia@ingenierosnavales.com<\/a><\/p>\n","protected":false},"excerpt":{"rendered":"<p>13032026_CIRCULAR_3 Ferrol, a 13 de marzo de 2026 &nbsp; Querido\/a Compa\u00f1ero\/a: Tengo el gusto de informarte de: ELECCIONES \u00a0Como continuaci\u00f3n a nuestra circular 2\/26 del pasado 11 de febrero de 2026, en donde se&#46;&#46;&#46;<\/p>\n","protected":false},"author":2,"featured_media":10049,"comment_status":"open","ping_status":"open","sticky":false,"template":"","format":"standard","meta":{"om_disable_all_campaigns":false,"_monsterinsights_skip_tracking":false,"_monsterinsights_sitenote_active":false,"_monsterinsights_sitenote_note":"","_monsterinsights_sitenote_category":0,"_uf_show_specific_survey":0,"_uf_disable_surveys":false,"footnotes":""},"categories":[79,1],"tags":[75,9,39,49],"class_list":["post-10046","post","type-post","status-publish","format-standard","has-post-thumbnail","hentry","category-agenda","category-eventos","tag-actividades-galicia-es","tag-circular-galicia","tag-comunicaciones-dt-galicia","tag-ingenieros-navales-galicia"],"aioseo_notices":[],"yoast_head":"<!-- This site is optimized with the Yoast SEO plugin v24.0 - https:\/\/yoast.com\/wordpress\/plugins\/seo\/ -->\n<title>Circular 3\/26-Convocatoria de elecciones para nombrar Vocal de la Zona Norte - Delegaci\u00f3n del COIN en Galicia -<\/title>\n<meta name=\"robots\" content=\"index, follow, max-snippet:-1, max-image-preview:large, max-video-preview:-1\" \/>\n<link rel=\"canonical\" href=\"https:\/\/galicia.ingenierosnavales.com\/index.php\/2026\/03\/13\/circular-3-26-convocatoria-de-elecciones-para-nombrar-vocal-de-la-zona-norte\/\" \/>\n<meta property=\"og:locale\" content=\"es_ES\" \/>\n<meta property=\"og:type\" content=\"article\" \/>\n<meta property=\"og:title\" content=\"Circular 3\/26-Convocatoria de elecciones para nombrar Vocal de la Zona Norte - Delegaci\u00f3n del COIN en Galicia -\" \/>\n<meta property=\"og:description\" content=\"13032026_CIRCULAR_3 Ferrol, a 13 de marzo de 2026 &nbsp; Querido\/a Compa\u00f1ero\/a: Tengo el gusto de informarte de: ELECCIONES \u00a0Como continuaci\u00f3n a nuestra circular 2\/26 del pasado 11 de febrero de 2026, en donde se&#046;&#046;&#046;\" \/>\n<meta property=\"og:url\" content=\"https:\/\/galicia.ingenierosnavales.com\/index.php\/2026\/03\/13\/circular-3-26-convocatoria-de-elecciones-para-nombrar-vocal-de-la-zona-norte\/\" \/>\n<meta property=\"og:site_name\" content=\"Delegaci\u00f3n del COIN en Galicia -\" \/>\n<meta property=\"article:published_time\" content=\"2026-03-13T09:46:49+00:00\" \/>\n<meta property=\"article:modified_time\" content=\"2026-03-13T09:56:56+00:00\" \/>\n<meta property=\"og:image\" content=\"https:\/\/galicia.ingenierosnavales.com\/wp-content\/uploads\/2026\/03\/Circular-326-Galicia-1.jpg\" \/>\n\t<meta property=\"og:image:width\" content=\"2268\" \/>\n\t<meta property=\"og:image:height\" content=\"1701\" \/>\n\t<meta property=\"og:image:type\" content=\"image\/jpeg\" \/>\n<meta name=\"author\" content=\"Delegaci\u00f3n Galicia\" \/>\n<meta name=\"twitter:card\" content=\"summary_large_image\" \/>\n<meta name=\"twitter:label1\" content=\"Escrito por\" \/>\n\t<meta name=\"twitter:data1\" content=\"Delegaci\u00f3n Galicia\" \/>\n\t<meta name=\"twitter:label2\" content=\"Tiempo de lectura\" \/>\n\t<meta name=\"twitter:data2\" content=\"2 minutos\" \/>\n<script type=\"application\/ld+json\" class=\"yoast-schema-graph\">{\"@context\":\"https:\/\/schema.org\",\"@graph\":[{\"@type\":\"Article\",\"@id\":\"https:\/\/galicia.ingenierosnavales.com\/index.php\/2026\/03\/13\/circular-3-26-convocatoria-de-elecciones-para-nombrar-vocal-de-la-zona-norte\/#article\",\"isPartOf\":{\"@id\":\"https:\/\/galicia.ingenierosnavales.com\/index.php\/2026\/03\/13\/circular-3-26-convocatoria-de-elecciones-para-nombrar-vocal-de-la-zona-norte\/\"},\"author\":{\"name\":\"Delegaci\u00f3n Galicia\",\"@id\":\"https:\/\/galicia.ingenierosnavales.com\/#\/schema\/person\/5b19750a916831d424f63e9271d4e51d\"},\"headline\":\"Circular 3\/26-Convocatoria de elecciones para nombrar Vocal de la Zona Norte\",\"datePublished\":\"2026-03-13T09:46:49+00:00\",\"dateModified\":\"2026-03-13T09:56:56+00:00\",\"mainEntityOfPage\":{\"@id\":\"https:\/\/galicia.ingenierosnavales.com\/index.php\/2026\/03\/13\/circular-3-26-convocatoria-de-elecciones-para-nombrar-vocal-de-la-zona-norte\/\"},\"wordCount\":216,\"commentCount\":0,\"publisher\":{\"@id\":\"https:\/\/galicia.ingenierosnavales.com\/#organization\"},\"image\":{\"@id\":\"https:\/\/galicia.ingenierosnavales.com\/index.php\/2026\/03\/13\/circular-3-26-convocatoria-de-elecciones-para-nombrar-vocal-de-la-zona-norte\/#primaryimage\"},\"thumbnailUrl\":\"https:\/\/galicia.ingenierosnavales.com\/wp-content\/uploads\/2026\/03\/Circular-326-Galicia-1.jpg\",\"keywords\":[\"actividades Galicia\",\"Circular Galicia\",\"Comunicaciones DT GALICIA\",\"Ingenieros Navales Galicia\"],\"articleSection\":[\"Agenda\",\"Eventos\"],\"inLanguage\":\"es\",\"potentialAction\":[{\"@type\":\"CommentAction\",\"name\":\"Comment\",\"target\":[\"https:\/\/galicia.ingenierosnavales.com\/index.php\/2026\/03\/13\/circular-3-26-convocatoria-de-elecciones-para-nombrar-vocal-de-la-zona-norte\/#respond\"]}]},{\"@type\":\"WebPage\",\"@id\":\"https:\/\/galicia.ingenierosnavales.com\/index.php\/2026\/03\/13\/circular-3-26-convocatoria-de-elecciones-para-nombrar-vocal-de-la-zona-norte\/\",\"url\":\"https:\/\/galicia.ingenierosnavales.com\/index.php\/2026\/03\/13\/circular-3-26-convocatoria-de-elecciones-para-nombrar-vocal-de-la-zona-norte\/\",\"name\":\"Circular 3\/26-Convocatoria de elecciones para nombrar Vocal de la Zona Norte - Delegaci\u00f3n del COIN en Galicia -\",\"isPartOf\":{\"@id\":\"https:\/\/galicia.ingenierosnavales.com\/#website\"},\"primaryImageOfPage\":{\"@id\":\"https:\/\/galicia.ingenierosnavales.com\/index.php\/2026\/03\/13\/circular-3-26-convocatoria-de-elecciones-para-nombrar-vocal-de-la-zona-norte\/#primaryimage\"},\"image\":{\"@id\":\"https:\/\/galicia.ingenierosnavales.com\/index.php\/2026\/03\/13\/circular-3-26-convocatoria-de-elecciones-para-nombrar-vocal-de-la-zona-norte\/#primaryimage\"},\"thumbnailUrl\":\"https:\/\/galicia.ingenierosnavales.com\/wp-content\/uploads\/2026\/03\/Circular-326-Galicia-1.jpg\",\"datePublished\":\"2026-03-13T09:46:49+00:00\",\"dateModified\":\"2026-03-13T09:56:56+00:00\",\"breadcrumb\":{\"@id\":\"https:\/\/galicia.ingenierosnavales.com\/index.php\/2026\/03\/13\/circular-3-26-convocatoria-de-elecciones-para-nombrar-vocal-de-la-zona-norte\/#breadcrumb\"},\"inLanguage\":\"es\",\"potentialAction\":[{\"@type\":\"ReadAction\",\"target\":[\"https:\/\/galicia.ingenierosnavales.com\/index.php\/2026\/03\/13\/circular-3-26-convocatoria-de-elecciones-para-nombrar-vocal-de-la-zona-norte\/\"]}]},{\"@type\":\"ImageObject\",\"inLanguage\":\"es\",\"@id\":\"https:\/\/galicia.ingenierosnavales.com\/index.php\/2026\/03\/13\/circular-3-26-convocatoria-de-elecciones-para-nombrar-vocal-de-la-zona-norte\/#primaryimage\",\"url\":\"https:\/\/galicia.ingenierosnavales.com\/wp-content\/uploads\/2026\/03\/Circular-326-Galicia-1.jpg\",\"contentUrl\":\"https:\/\/galicia.ingenierosnavales.com\/wp-content\/uploads\/2026\/03\/Circular-326-Galicia-1.jpg\",\"width\":2268,\"height\":1701},{\"@type\":\"BreadcrumbList\",\"@id\":\"https:\/\/galicia.ingenierosnavales.com\/index.php\/2026\/03\/13\/circular-3-26-convocatoria-de-elecciones-para-nombrar-vocal-de-la-zona-norte\/#breadcrumb\",\"itemListElement\":[{\"@type\":\"ListItem\",\"position\":1,\"name\":\"Home\",\"item\":\"https:\/\/galicia.ingenierosnavales.com\/\"},{\"@type\":\"ListItem\",\"position\":2,\"name\":\"Circular 3\/26-Convocatoria de elecciones para nombrar Vocal de la Zona Norte\"}]},{\"@type\":\"WebSite\",\"@id\":\"https:\/\/galicia.ingenierosnavales.com\/#website\",\"url\":\"https:\/\/galicia.ingenierosnavales.com\/\",\"name\":\"Delegaci\u00f3n del COIN en Galicia -\",\"description\":\"\",\"publisher\":{\"@id\":\"https:\/\/galicia.ingenierosnavales.com\/#organization\"},\"potentialAction\":[{\"@type\":\"SearchAction\",\"target\":{\"@type\":\"EntryPoint\",\"urlTemplate\":\"https:\/\/galicia.ingenierosnavales.com\/?s={search_term_string}\"},\"query-input\":{\"@type\":\"PropertyValueSpecification\",\"valueRequired\":true,\"valueName\":\"search_term_string\"}}],\"inLanguage\":\"es\"},{\"@type\":\"Organization\",\"@id\":\"https:\/\/galicia.ingenierosnavales.com\/#organization\",\"name\":\"Delegaci\u00f3n del COIN en Galicia -\",\"url\":\"https:\/\/galicia.ingenierosnavales.com\/\",\"logo\":{\"@type\":\"ImageObject\",\"inLanguage\":\"es\",\"@id\":\"https:\/\/galicia.ingenierosnavales.com\/#\/schema\/logo\/image\/\",\"url\":\"https:\/\/galicia.ingenierosnavales.com\/wp-content\/uploads\/2022\/03\/logo_2-1.png\",\"contentUrl\":\"https:\/\/galicia.ingenierosnavales.com\/wp-content\/uploads\/2022\/03\/logo_2-1.png\",\"width\":240,\"height\":94,\"caption\":\"Delegaci\u00f3n del COIN en Galicia - \"},\"image\":{\"@id\":\"https:\/\/galicia.ingenierosnavales.com\/#\/schema\/logo\/image\/\"}},{\"@type\":\"Person\",\"@id\":\"https:\/\/galicia.ingenierosnavales.com\/#\/schema\/person\/5b19750a916831d424f63e9271d4e51d\",\"name\":\"Delegaci\u00f3n Galicia\",\"image\":{\"@type\":\"ImageObject\",\"inLanguage\":\"es\",\"@id\":\"https:\/\/galicia.ingenierosnavales.com\/#\/schema\/person\/image\/\",\"url\":\"https:\/\/secure.gravatar.com\/avatar\/8ba9b1dd96c7effddd31fcf63bf8cc7f?s=96&d=mm&r=g\",\"contentUrl\":\"https:\/\/secure.gravatar.com\/avatar\/8ba9b1dd96c7effddd31fcf63bf8cc7f?s=96&d=mm&r=g\",\"caption\":\"Delegaci\u00f3n Galicia\"},\"url\":\"https:\/\/galicia.ingenierosnavales.com\/index.php\/author\/galicia\/\"}]}<\/script>\n<!-- \/ Yoast SEO plugin. -->","yoast_head_json":{"title":"Circular 3\/26-Convocatoria de elecciones para nombrar Vocal de la Zona Norte - Delegaci\u00f3n del COIN en Galicia -","robots":{"index":"index","follow":"follow","max-snippet":"max-snippet:-1","max-image-preview":"max-image-preview:large","max-video-preview":"max-video-preview:-1"},"canonical":"https:\/\/galicia.ingenierosnavales.com\/index.php\/2026\/03\/13\/circular-3-26-convocatoria-de-elecciones-para-nombrar-vocal-de-la-zona-norte\/","og_locale":"es_ES","og_type":"article","og_title":"Circular 3\/26-Convocatoria de elecciones para nombrar Vocal de la Zona Norte - Delegaci\u00f3n del COIN en Galicia -","og_description":"13032026_CIRCULAR_3 Ferrol, a 13 de marzo de 2026 &nbsp; Querido\/a Compa\u00f1ero\/a: Tengo el gusto de informarte de: ELECCIONES \u00a0Como continuaci\u00f3n a nuestra circular 2\/26 del pasado 11 de febrero de 2026, en donde se&#46;&#46;&#46;","og_url":"https:\/\/galicia.ingenierosnavales.com\/index.php\/2026\/03\/13\/circular-3-26-convocatoria-de-elecciones-para-nombrar-vocal-de-la-zona-norte\/","og_site_name":"Delegaci\u00f3n del COIN en Galicia -","article_published_time":"2026-03-13T09:46:49+00:00","article_modified_time":"2026-03-13T09:56:56+00:00","og_image":[{"width":2268,"height":1701,"url":"https:\/\/galicia.ingenierosnavales.com\/wp-content\/uploads\/2026\/03\/Circular-326-Galicia-1.jpg","type":"image\/jpeg"}],"author":"Delegaci\u00f3n Galicia","twitter_card":"summary_large_image","twitter_misc":{"Escrito por":"Delegaci\u00f3n Galicia","Tiempo de lectura":"2 minutos"},"schema":{"@context":"https:\/\/schema.org","@graph":[{"@type":"Article","@id":"https:\/\/galicia.ingenierosnavales.com\/index.php\/2026\/03\/13\/circular-3-26-convocatoria-de-elecciones-para-nombrar-vocal-de-la-zona-norte\/#article","isPartOf":{"@id":"https:\/\/galicia.ingenierosnavales.com\/index.php\/2026\/03\/13\/circular-3-26-convocatoria-de-elecciones-para-nombrar-vocal-de-la-zona-norte\/"},"author":{"name":"Delegaci\u00f3n Galicia","@id":"https:\/\/galicia.ingenierosnavales.com\/#\/schema\/person\/5b19750a916831d424f63e9271d4e51d"},"headline":"Circular 3\/26-Convocatoria de elecciones para nombrar Vocal de la Zona Norte","datePublished":"2026-03-13T09:46:49+00:00","dateModified":"2026-03-13T09:56:56+00:00","mainEntityOfPage":{"@id":"https:\/\/galicia.ingenierosnavales.com\/index.php\/2026\/03\/13\/circular-3-26-convocatoria-de-elecciones-para-nombrar-vocal-de-la-zona-norte\/"},"wordCount":216,"commentCount":0,"publisher":{"@id":"https:\/\/galicia.ingenierosnavales.com\/#organization"},"image":{"@id":"https:\/\/galicia.ingenierosnavales.com\/index.php\/2026\/03\/13\/circular-3-26-convocatoria-de-elecciones-para-nombrar-vocal-de-la-zona-norte\/#primaryimage"},"thumbnailUrl":"https:\/\/galicia.ingenierosnavales.com\/wp-content\/uploads\/2026\/03\/Circular-326-Galicia-1.jpg","keywords":["actividades Galicia","Circular Galicia","Comunicaciones DT GALICIA","Ingenieros Navales Galicia"],"articleSection":["Agenda","Eventos"],"inLanguage":"es","potentialAction":[{"@type":"CommentAction","name":"Comment","target":["https:\/\/galicia.ingenierosnavales.com\/index.php\/2026\/03\/13\/circular-3-26-convocatoria-de-elecciones-para-nombrar-vocal-de-la-zona-norte\/#respond"]}]},{"@type":"WebPage","@id":"https:\/\/galicia.ingenierosnavales.com\/index.php\/2026\/03\/13\/circular-3-26-convocatoria-de-elecciones-para-nombrar-vocal-de-la-zona-norte\/","url":"https:\/\/galicia.ingenierosnavales.com\/index.php\/2026\/03\/13\/circular-3-26-convocatoria-de-elecciones-para-nombrar-vocal-de-la-zona-norte\/","name":"Circular 3\/26-Convocatoria de elecciones para nombrar Vocal de la Zona Norte - Delegaci\u00f3n del COIN en Galicia -","isPartOf":{"@id":"https:\/\/galicia.ingenierosnavales.com\/#website"},"primaryImageOfPage":{"@id":"https:\/\/galicia.ingenierosnavales.com\/index.php\/2026\/03\/13\/circular-3-26-convocatoria-de-elecciones-para-nombrar-vocal-de-la-zona-norte\/#primaryimage"},"image":{"@id":"https:\/\/galicia.ingenierosnavales.com\/index.php\/2026\/03\/13\/circular-3-26-convocatoria-de-elecciones-para-nombrar-vocal-de-la-zona-norte\/#primaryimage"},"thumbnailUrl":"https:\/\/galicia.ingenierosnavales.com\/wp-content\/uploads\/2026\/03\/Circular-326-Galicia-1.jpg","datePublished":"2026-03-13T09:46:49+00:00","dateModified":"2026-03-13T09:56:56+00:00","breadcrumb":{"@id":"https:\/\/galicia.ingenierosnavales.com\/index.php\/2026\/03\/13\/circular-3-26-convocatoria-de-elecciones-para-nombrar-vocal-de-la-zona-norte\/#breadcrumb"},"inLanguage":"es","potentialAction":[{"@type":"ReadAction","target":["https:\/\/galicia.ingenierosnavales.com\/index.php\/2026\/03\/13\/circular-3-26-convocatoria-de-elecciones-para-nombrar-vocal-de-la-zona-norte\/"]}]},{"@type":"ImageObject","inLanguage":"es","@id":"https:\/\/galicia.ingenierosnavales.com\/index.php\/2026\/03\/13\/circular-3-26-convocatoria-de-elecciones-para-nombrar-vocal-de-la-zona-norte\/#primaryimage","url":"https:\/\/galicia.ingenierosnavales.com\/wp-content\/uploads\/2026\/03\/Circular-326-Galicia-1.jpg","contentUrl":"https:\/\/galicia.ingenierosnavales.com\/wp-content\/uploads\/2026\/03\/Circular-326-Galicia-1.jpg","width":2268,"height":1701},{"@type":"BreadcrumbList","@id":"https:\/\/galicia.ingenierosnavales.com\/index.php\/2026\/03\/13\/circular-3-26-convocatoria-de-elecciones-para-nombrar-vocal-de-la-zona-norte\/#breadcrumb","itemListElement":[{"@type":"ListItem","position":1,"name":"Home","item":"https:\/\/galicia.ingenierosnavales.com\/"},{"@type":"ListItem","position":2,"name":"Circular 3\/26-Convocatoria de elecciones para nombrar Vocal de la Zona Norte"}]},{"@type":"WebSite","@id":"https:\/\/galicia.ingenierosnavales.com\/#website","url":"https:\/\/galicia.ingenierosnavales.com\/","name":"Delegaci\u00f3n del COIN en Galicia -","description":"","publisher":{"@id":"https:\/\/galicia.ingenierosnavales.com\/#organization"},"potentialAction":[{"@type":"SearchAction","target":{"@type":"EntryPoint","urlTemplate":"https:\/\/galicia.ingenierosnavales.com\/?s={search_term_string}"},"query-input":{"@type":"PropertyValueSpecification","valueRequired":true,"valueName":"search_term_string"}}],"inLanguage":"es"},{"@type":"Organization","@id":"https:\/\/galicia.ingenierosnavales.com\/#organization","name":"Delegaci\u00f3n del COIN en Galicia -","url":"https:\/\/galicia.ingenierosnavales.com\/","logo":{"@type":"ImageObject","inLanguage":"es","@id":"https:\/\/galicia.ingenierosnavales.com\/#\/schema\/logo\/image\/","url":"https:\/\/galicia.ingenierosnavales.com\/wp-content\/uploads\/2022\/03\/logo_2-1.png","contentUrl":"https:\/\/galicia.ingenierosnavales.com\/wp-content\/uploads\/2022\/03\/logo_2-1.png","width":240,"height":94,"caption":"Delegaci\u00f3n del COIN en Galicia - "},"image":{"@id":"https:\/\/galicia.ingenierosnavales.com\/#\/schema\/logo\/image\/"}},{"@type":"Person","@id":"https:\/\/galicia.ingenierosnavales.com\/#\/schema\/person\/5b19750a916831d424f63e9271d4e51d","name":"Delegaci\u00f3n Galicia","image":{"@type":"ImageObject","inLanguage":"es","@id":"https:\/\/galicia.ingenierosnavales.com\/#\/schema\/person\/image\/","url":"https:\/\/secure.gravatar.com\/avatar\/8ba9b1dd96c7effddd31fcf63bf8cc7f?s=96&d=mm&r=g","contentUrl":"https:\/\/secure.gravatar.com\/avatar\/8ba9b1dd96c7effddd31fcf63bf8cc7f?s=96&d=mm&r=g","caption":"Delegaci\u00f3n Galicia"},"url":"https:\/\/galicia.ingenierosnavales.com\/index.php\/author\/galicia\/"}]}},"_links":{"self":[{"href":"https:\/\/galicia.ingenierosnavales.com\/index.php\/wp-json\/wp\/v2\/posts\/10046","targetHints":{"allow":["GET"]}}],"collection":[{"href":"https:\/\/galicia.ingenierosnavales.com\/index.php\/wp-json\/wp\/v2\/posts"}],"about":[{"href":"https:\/\/galicia.ingenierosnavales.com\/index.php\/wp-json\/wp\/v2\/types\/post"}],"author":[{"embeddable":true,"href":"https:\/\/galicia.ingenierosnavales.com\/index.php\/wp-json\/wp\/v2\/users\/2"}],"replies":[{"embeddable":true,"href":"https:\/\/galicia.ingenierosnavales.com\/index.php\/wp-json\/wp\/v2\/comments?post=10046"}],"version-history":[{"count":3,"href":"https:\/\/galicia.ingenierosnavales.com\/index.php\/wp-json\/wp\/v2\/posts\/10046\/revisions"}],"predecessor-version":[{"id":10052,"href":"https:\/\/galicia.ingenierosnavales.com\/index.php\/wp-json\/wp\/v2\/posts\/10046\/revisions\/10052"}],"wp:featuredmedia":[{"embeddable":true,"href":"https:\/\/galicia.ingenierosnavales.com\/index.php\/wp-json\/wp\/v2\/media\/10049"}],"wp:attachment":[{"href":"https:\/\/galicia.ingenierosnavales.com\/index.php\/wp-json\/wp\/v2\/media?parent=10046"}],"wp:term":[{"taxonomy":"category","embeddable":true,"href":"https:\/\/galicia.ingenierosnavales.com\/index.php\/wp-json\/wp\/v2\/categories?post=10046"},{"taxonomy":"post_tag","embeddable":true,"href":"https:\/\/galicia.ingenierosnavales.com\/index.php\/wp-json\/wp\/v2\/tags?post=10046"}],"curies":[{"name":"wp","href":"https:\/\/api.w.org\/{rel}","templated":true}]}}